{"id":7948,"date":"2022-12-12T21:26:00","date_gmt":"2022-12-12T21:26:00","guid":{"rendered":"https:\/\/www.fracturaexpuesta.com.ar\/tango\/?p=7948"},"modified":"2022-12-16T14:54:42","modified_gmt":"2022-12-16T14:54:42","slug":"mariano-godoy-cierra-el-ano-con-concierto-y-nuevo-video-de-cuando-nos-reencontremos","status":"publish","type":"post","link":"https:\/\/www.fracturaexpuesta.com.ar\/tango\/mariano-godoy-cierra-el-ano-con-concierto-y-nuevo-video-de-cuando-nos-reencontremos\/","title":{"rendered":"Mariano Godoy cierra el a\u00f1o con concierto y nuevo video de \u00abCuando nos reencontremos\u00bb"},"content":{"rendered":"\n<p class=\"wp-block-paragraph\"><strong>Tango, pop y rock <\/strong>son las tres claves sonoras que el cantautor y bandoneonista Mariano Godoy recorre en \u00abCuando nos reencontremos\u00bb.<\/p>\n\n\n\n<p class=\"wp-block-paragraph\">Godoy presenta un nuevo video del tema que forma parte del disco<em> Invierno<\/em> y lo hace a pocos d\u00edas de cerrar el a\u00f1o con un concierto que llevar\u00e1 adelante el 27 de diciembre.<\/p>\n\n\n\n<p class=\"wp-block-paragraph\">Podes consultar la fecha en la <a href=\"https:\/\/www.fracturaexpuesta.com.ar\/tango\/agenda-de-tango\/\" target=\"_blank\" rel=\"noopener\" title=\"agenda de Fractura Expuesta\">agenda de Fractura Expuesta<\/a>.<\/p>\n\n\n\n<figure class=\"wp-block-embed is-type-video is-provider-youtube wp-block-embed-youtube wp-embed-aspect-16-9 wp-has-aspect-ratio\"><div class=\"wp-block-embed__wrapper\">\n<iframe loading=\"lazy\" title=\"MARIANO GODOY \/Cuando Nos Reencontremos\" width=\"640\" height=\"360\" src=\"https:\/\/www.youtube.com\/embed\/ing0mxU0_mo?feature=oembed\" frameborder=\"0\" allow=\"accelerometer; autoplay; clipboard-write; encrypted-media; gyroscope; picture-in-picture; web-share\" referrerpolicy=\"strict-origin-when-cross-origin\" allowfullscreen><\/iframe>\n<\/div><\/figure>\n","protected":false},"excerpt":{"rendered":"<p>Tango, pop y rock son las tres claves sonoras que el cantautor y bandoneonista Mariano Godoy recorre en \u00abCuando nos reencontremos\u00bb. Godoy presenta un nuevo video del tema que forma parte del disco Invierno y lo hace a pocos d\u00edas de cerrar el a\u00f1o con un concierto que llevar\u00e1 adelante el 27 de diciembre. Podes [&hellip;]<\/p>\n","protected":false},"author":1,"featured_media":7949,"comment_status":"open","ping_status":"open","sticky":false,"template":"","format":"video","meta":{"footnotes":""},"categories":[2],"tags":[32,523,111],"class_list":["post-7948","post","type-post","status-publish","format-video","has-post-thumbnail","hentry","category-videos","tag-featured","tag-mariano-godoy","tag-tango","post_format-post-format-video"],"_links":{"self":[{"href":"https:\/\/www.fracturaexpuesta.com.ar\/tango\/wp-json\/wp\/v2\/posts\/7948","targetHints":{"allow":["GET"]}}],"collection":[{"href":"https:\/\/www.fracturaexpuesta.com.ar\/tango\/wp-json\/wp\/v2\/posts"}],"about":[{"href":"https:\/\/www.fracturaexpuesta.com.ar\/tango\/wp-json\/wp\/v2\/types\/post"}],"author":[{"embeddable":true,"href":"https:\/\/www.fracturaexpuesta.com.ar\/tango\/wp-json\/wp\/v2\/users\/1"}],"replies":[{"embeddable":true,"href":"https:\/\/www.fracturaexpuesta.com.ar\/tango\/wp-json\/wp\/v2\/comments?post=7948"}],"version-history":[{"count":1,"href":"https:\/\/www.fracturaexpuesta.com.ar\/tango\/wp-json\/wp\/v2\/posts\/7948\/revisions"}],"predecessor-version":[{"id":7950,"href":"https:\/\/www.fracturaexpuesta.com.ar\/tango\/wp-json\/wp\/v2\/posts\/7948\/revisions\/7950"}],"wp:featuredmedia":[{"embeddable":true,"href":"https:\/\/www.fracturaexpuesta.com.ar\/tango\/wp-json\/wp\/v2\/media\/7949"}],"wp:attachment":[{"href":"https:\/\/www.fracturaexpuesta.com.ar\/tango\/wp-json\/wp\/v2\/media?parent=7948"}],"wp:term":[{"taxonomy":"category","embeddable":true,"href":"https:\/\/www.fracturaexpuesta.com.ar\/tango\/wp-json\/wp\/v2\/categories?post=7948"},{"taxonomy":"post_tag","embeddable":true,"href":"https:\/\/www.fracturaexpuesta.com.ar\/tango\/wp-json\/wp\/v2\/tags?post=7948"}],"curies":[{"name":"wp","href":"https:\/\/api.w.org\/{rel}","templated":true}]}}