{"id":7956,"date":"2022-12-11T13:47:00","date_gmt":"2022-12-11T13:47:00","guid":{"rendered":"https:\/\/www.fracturaexpuesta.com.ar\/tango\/?p=7956"},"modified":"2022-12-16T14:56:58","modified_gmt":"2022-12-16T14:56:58","slug":"por-que-se-celebra-el-dia-nacional-del-tango","status":"publish","type":"post","link":"https:\/\/www.fracturaexpuesta.com.ar\/tango\/por-que-se-celebra-el-dia-nacional-del-tango\/","title":{"rendered":"Por qu\u00e9 se celebra el D\u00eda Nacional del Tango"},"content":{"rendered":"\n<p class=\"wp-block-paragraph\">El <strong>D\u00eda Nacional del Tango se celebra el 11 de diciembre<\/strong> en homenaje a los nacimientos de Carlos Gardel y Julio De Caro, dos iconos de una de las mayores expresiones de la cultura argentina.<\/p>\n\n\n\n<p class=\"wp-block-paragraph\">Una noche de 1965, el compositor y productor art\u00edstico <strong>Ben Molar <\/strong>-su nombre real era Mois\u00e9s Smolarchik Brenner- estaba en camino a la casa del <strong>director de orquesta y compositor de tango Julio De Caro<\/strong>, para festejar su cumplea\u00f1os, cuando se le ocurri\u00f3 una idea. Se dio cuenta de que el 11 de diciembre coincid\u00edan <strong>los cumplea\u00f1os de De Caro y de Gardel<\/strong>, los mayores exponentes de dos vertientes del tango, s\u00edmbolo de la cultura nacional.&nbsp;<\/p>\n\n\n\n<p class=\"wp-block-paragraph\"><strong>Julio De Caro era la m\u00fasica. Gardel, la voz.<\/strong>&nbsp;As\u00ed es que Molar tom\u00f3 la iniciativa. Ese mismo a\u00f1o, el productor present\u00f3 a la Secretaria de Cultura de la Ciudad de Buenos Aires la propuesta de declarar el 11 de diciembre D\u00eda Nacional del Tango en homenaje a ellos.<\/p>\n\n\n\n<figure class=\"wp-block-image size-full\"><img loading=\"lazy\" decoding=\"async\" width=\"920\" height=\"615\" src=\"https:\/\/www.fracturaexpuesta.com.ar\/tango\/wp-content\/uploads\/ben-molar.jpg\" alt=\"\" class=\"wp-image-7957\" srcset=\"https:\/\/www.fracturaexpuesta.com.ar\/tango\/wp-content\/uploads\/ben-molar.jpg 920w, https:\/\/www.fracturaexpuesta.com.ar\/tango\/wp-content\/uploads\/ben-molar-300x201.jpg 300w, https:\/\/www.fracturaexpuesta.com.ar\/tango\/wp-content\/uploads\/ben-molar-768x513.jpg 768w\" sizes=\"auto, (max-width: 920px) 100vw, 920px\" \/><figcaption><em><sup><mark style=\"background-color:rgba(0, 0, 0, 0)\" class=\"has-inline-color has-cyan-bluish-gray-color\">Ben Molar, referente del tango argentino. Falleci\u00f3 en 2015, a los 99 a\u00f1os.<\/mark><\/sup><\/em><\/figcaption><\/figure>\n\n\n\n<p class=\"wp-block-paragraph\">No obstante, aunque Molar cont\u00f3 con el apoyo de varios organismos como la Sociedad Argentina de Autores y Compositores (Sadaic), la Sociedad General de Autores de la Argentina (Argentores), el Sindicato Argentino de M\u00fasicos (Sadem) o la Academia Porte\u00f1a del Lunfardo, Radio Rivadavia, entre otros, <strong>tuvieron que pasar 12 a\u00f1os para que aprobaran la celebraci\u00f3n<\/strong> mediante Decreto Municipal, el 29 de noviembre de 1977, y Nacional el 19 de diciembre de ese mismo a\u00f1o. Desde entonces, todos los 11 de diciembre se celebra el D\u00eda Nacional del Tango.<\/p>\n\n\n\n<div style=\"height:50px\" aria-hidden=\"true\" class=\"wp-block-spacer\"><\/div>\n\n\n\n<p class=\"has-cyan-bluish-gray-color has-text-color has-small-font-size wp-block-paragraph\"><em>Fuente: con informaci\u00f3n del Ministerio de Cultura de la Naci\u00f3n.<\/em><\/p>\n","protected":false},"excerpt":{"rendered":"<p>Cada 11 de diciembre, el mundo del tango conmemora su d\u00eda.<\/p>\n","protected":false},"author":1,"featured_media":7958,"comment_status":"open","ping_status":"open","sticky":false,"template":"","format":"standard","meta":{"footnotes":""},"categories":[3],"tags":[524,111],"class_list":["post-7956","post","type-post","status-publish","format-standard","has-post-thumbnail","hentry","category-noticias","tag-dia-nacional-del-tango","tag-tango"],"_links":{"self":[{"href":"https:\/\/www.fracturaexpuesta.com.ar\/tango\/wp-json\/wp\/v2\/posts\/7956","targetHints":{"allow":["GET"]}}],"collection":[{"href":"https:\/\/www.fracturaexpuesta.com.ar\/tango\/wp-json\/wp\/v2\/posts"}],"about":[{"href":"https:\/\/www.fracturaexpuesta.com.ar\/tango\/wp-json\/wp\/v2\/types\/post"}],"author":[{"embeddable":true,"href":"https:\/\/www.fracturaexpuesta.com.ar\/tango\/wp-json\/wp\/v2\/users\/1"}],"replies":[{"embeddable":true,"href":"https:\/\/www.fracturaexpuesta.com.ar\/tango\/wp-json\/wp\/v2\/comments?post=7956"}],"version-history":[{"count":7,"href":"https:\/\/www.fracturaexpuesta.com.ar\/tango\/wp-json\/wp\/v2\/posts\/7956\/revisions"}],"predecessor-version":[{"id":7967,"href":"https:\/\/www.fracturaexpuesta.com.ar\/tango\/wp-json\/wp\/v2\/posts\/7956\/revisions\/7967"}],"wp:featuredmedia":[{"embeddable":true,"href":"https:\/\/www.fracturaexpuesta.com.ar\/tango\/wp-json\/wp\/v2\/media\/7958"}],"wp:attachment":[{"href":"https:\/\/www.fracturaexpuesta.com.ar\/tango\/wp-json\/wp\/v2\/media?parent=7956"}],"wp:term":[{"taxonomy":"category","embeddable":true,"href":"https:\/\/www.fracturaexpuesta.com.ar\/tango\/wp-json\/wp\/v2\/categories?post=7956"},{"taxonomy":"post_tag","embeddable":true,"href":"https:\/\/www.fracturaexpuesta.com.ar\/tango\/wp-json\/wp\/v2\/tags?post=7956"}],"curies":[{"name":"wp","href":"https:\/\/api.w.org\/{rel}","templated":true}]}}