{"id":7968,"date":"2022-12-20T13:49:31","date_gmt":"2022-12-20T13:49:31","guid":{"rendered":"https:\/\/www.fracturaexpuesta.com.ar\/tango\/?p=7968"},"modified":"2022-12-20T13:53:43","modified_gmt":"2022-12-20T13:53:43","slug":"tangos-de-hoy-con-espiritu-mundialista","status":"publish","type":"post","link":"https:\/\/www.fracturaexpuesta.com.ar\/tango\/tangos-de-hoy-con-espiritu-mundialista\/","title":{"rendered":"Tangos de hoy con esp\u00edritu mundialista"},"content":{"rendered":"\n<p class=\"has-text-color wp-block-paragraph\" style=\"color:#f90000;font-size:24px\"><strong>\u201cEl Zurdito\u201d, Ariel Prat<\/strong><\/p>\n\n\n\n<p class=\"wp-block-paragraph\">Inspirado en <strong>Lionel Messi<\/strong>, el cantautor murguero y tanguero Ariel Prat le canta al 10 de la selecci\u00f3n campeona del mundo en Qatar 2022. \u201cSer\u00e1 un camino sincero con triunfos y con derrotas\u201d, dice Prat en su tema.<\/p>\n\n\n\n<figure class=\"wp-block-embed is-type-rich is-provider-gestor-del-servicio wp-block-embed-gestor-del-servicio wp-embed-aspect-4-3 wp-has-aspect-ratio\"><div class=\"wp-block-embed__wrapper\">\n<iframe loading=\"lazy\" title=\"El Zurdito\" width=\"640\" height=\"480\" src=\"https:\/\/www.youtube.com\/embed\/M8ZexugxK_w?feature=oembed\" frameborder=\"0\" allow=\"accelerometer; autoplay; clipboard-write; encrypted-media; gyroscope; picture-in-picture; web-share\" referrerpolicy=\"strict-origin-when-cross-origin\" allowfullscreen><\/iframe>\n<\/div><\/figure>\n\n\n\n<p class=\"wp-block-paragraph\"><\/p>\n\n\n\n<p class=\"has-text-color wp-block-paragraph\" style=\"color:#ff0000;font-size:24px\"><strong>\u201cPara verte gambetear\u201d, La Chicana<\/strong><\/p>\n\n\n\n<p class=\"wp-block-paragraph\">El cl\u00e1sico de <strong>La Guardia Hereje<\/strong>, dedicado a Maradona y compuesto por el querido \u201cGordo\u201d Alorsa, tiene ahora su versi\u00f3n realizada por La Chicana.<\/p>\n\n\n\n<figure class=\"wp-block-embed is-type-rich is-provider-gestor-del-servicio wp-block-embed-gestor-del-servicio wp-embed-aspect-4-3 wp-has-aspect-ratio\"><div class=\"wp-block-embed__wrapper\">\n<iframe loading=\"lazy\" title=\"Para verte Gambetear (Alorsa)\" width=\"640\" height=\"480\" src=\"https:\/\/www.youtube.com\/embed\/ZvfCjKSYE3Y?feature=oembed\" frameborder=\"0\" allow=\"accelerometer; autoplay; clipboard-write; encrypted-media; gyroscope; picture-in-picture; web-share\" referrerpolicy=\"strict-origin-when-cross-origin\" allowfullscreen><\/iframe>\n<\/div><\/figure>\n\n\n\n<p class=\"wp-block-paragraph\"><\/p>\n\n\n\n<p class=\"has-text-color wp-block-paragraph\" style=\"color:#fe0000;font-size:24px\"><strong>\u00abQuiero verte una vez m\u00e1s (Vamo&#8217; Argentina)\u00bb, Pablo Ramos &amp; Los Herederos del Comp\u00e1s<\/strong><\/p>\n\n\n\n<p class=\"wp-block-paragraph\">Un tango para acompa\u00f1ar a la selecci\u00f3n argentina a Qatar 2022. Con un deseo de triunfo que hoy se cumple de la mano de la \u201cScaloneta\u201d.<\/p>\n\n\n\n<figure class=\"wp-block-embed is-type-rich is-provider-gestor-del-servicio wp-block-embed-gestor-del-servicio wp-embed-aspect-16-9 wp-has-aspect-ratio\"><div class=\"wp-block-embed__wrapper\">\n<iframe loading=\"lazy\" title=\"&quot;Quiero verte una vez m\u00e1s (Vamo&#039; Argentina)&quot; - Tango para la Selecci\u00f3n Argentina en Qatar 2022\" width=\"640\" height=\"360\" src=\"https:\/\/www.youtube.com\/embed\/fn8bCjL9iys?feature=oembed\" frameborder=\"0\" allow=\"accelerometer; autoplay; clipboard-write; encrypted-media; gyroscope; picture-in-picture; web-share\" referrerpolicy=\"strict-origin-when-cross-origin\" allowfullscreen><\/iframe>\n<\/div><\/figure>\n\n\n\n<p class=\"wp-block-paragraph\"><\/p>\n\n\n\n<p class=\"has-text-color wp-block-paragraph\" style=\"color:#ff0000;font-size:24px\">\u00ab<strong>Segurola y Habana\u00bb, Cucuza Castiello<\/strong><\/p>\n\n\n\n<p class=\"wp-block-paragraph\">Tanguero y futbolero, el cantor Hern\u00e1n \u201cCucuza\u201d Castiello present\u00f3 recientemente un nuevo cap\u00edtulo sonoro que une sus tres berretines. El tango, el f\u00fatbol y Maradona.<\/p>\n\n\n\n<figure class=\"wp-block-embed is-type-rich is-provider-gestor-del-servicio wp-block-embed-gestor-del-servicio wp-embed-aspect-4-3 wp-has-aspect-ratio\"><div class=\"wp-block-embed__wrapper\">\n<iframe loading=\"lazy\" title=\"Segurola y Habana\" width=\"640\" height=\"480\" src=\"https:\/\/www.youtube.com\/embed\/MQl9ptXVKao?feature=oembed\" frameborder=\"0\" allow=\"accelerometer; autoplay; clipboard-write; encrypted-media; gyroscope; picture-in-picture; web-share\" referrerpolicy=\"strict-origin-when-cross-origin\" allowfullscreen><\/iframe>\n<\/div><\/figure>\n\n\n\n<p class=\"wp-block-paragraph\"><\/p>\n\n\n\n<p class=\"has-text-color wp-block-paragraph\" style=\"color:#ff0000;font-size:24px\"><strong>\u201cAdi\u00f3s, Oranje\u201d, un tango en la TV holandesa<\/strong><\/p>\n\n\n\n<p class=\"wp-block-paragraph\">Desde la <strong>televisi\u00f3n p\u00fablica de Pa\u00edses Bajos<\/strong> se tomaron con humor la derrota e hicieron un tango llamado \u201cAdi\u00f3s, Oranje\u201d, con la melod\u00eda de Adi\u00f3s, Nonino, de Astor Piazzolla.<\/p>\n\n\n\n<figure class=\"wp-block-embed is-type-rich is-provider-gestor-del-servicio wp-block-embed-gestor-del-servicio wp-embed-aspect-16-9 wp-has-aspect-ratio\"><div class=\"wp-block-embed__wrapper\">\n<iframe loading=\"lazy\" title=\"Adios Oranje | Even Tot Hier m\u00e9t Carel Kraayenhof | Seizoen 8\" width=\"640\" height=\"360\" src=\"https:\/\/www.youtube.com\/embed\/hjm5lkfZ6Lg?feature=oembed\" frameborder=\"0\" allow=\"accelerometer; autoplay; clipboard-write; encrypted-media; gyroscope; picture-in-picture; web-share\" referrerpolicy=\"strict-origin-when-cross-origin\" allowfullscreen><\/iframe>\n<\/div><\/figure>\n","protected":false},"excerpt":{"rendered":"<p>Tango y f\u00fatbol tienen un v\u00ednculo inseparable. Con Messi y Maradona como protagonistas.<\/p>\n","protected":false},"author":1,"featured_media":7971,"comment_status":"open","ping_status":"open","sticky":false,"template":"","format":"standard","meta":{"footnotes":""},"categories":[3],"tags":[32,526,525,527,111],"class_list":["post-7968","post","type-post","status-publish","format-standard","has-post-thumbnail","hentry","category-noticias","tag-featured","tag-futbol","tag-messi","tag-qatar-2022","tag-tango"],"_links":{"self":[{"href":"https:\/\/www.fracturaexpuesta.com.ar\/tango\/wp-json\/wp\/v2\/posts\/7968","targetHints":{"allow":["GET"]}}],"collection":[{"href":"https:\/\/www.fracturaexpuesta.com.ar\/tango\/wp-json\/wp\/v2\/posts"}],"about":[{"href":"https:\/\/www.fracturaexpuesta.com.ar\/tango\/wp-json\/wp\/v2\/types\/post"}],"author":[{"embeddable":true,"href":"https:\/\/www.fracturaexpuesta.com.ar\/tango\/wp-json\/wp\/v2\/users\/1"}],"replies":[{"embeddable":true,"href":"https:\/\/www.fracturaexpuesta.com.ar\/tango\/wp-json\/wp\/v2\/comments?post=7968"}],"version-history":[{"count":2,"href":"https:\/\/www.fracturaexpuesta.com.ar\/tango\/wp-json\/wp\/v2\/posts\/7968\/revisions"}],"predecessor-version":[{"id":7977,"href":"https:\/\/www.fracturaexpuesta.com.ar\/tango\/wp-json\/wp\/v2\/posts\/7968\/revisions\/7977"}],"wp:featuredmedia":[{"embeddable":true,"href":"https:\/\/www.fracturaexpuesta.com.ar\/tango\/wp-json\/wp\/v2\/media\/7971"}],"wp:attachment":[{"href":"https:\/\/www.fracturaexpuesta.com.ar\/tango\/wp-json\/wp\/v2\/media?parent=7968"}],"wp:term":[{"taxonomy":"category","embeddable":true,"href":"https:\/\/www.fracturaexpuesta.com.ar\/tango\/wp-json\/wp\/v2\/categories?post=7968"},{"taxonomy":"post_tag","embeddable":true,"href":"https:\/\/www.fracturaexpuesta.com.ar\/tango\/wp-json\/wp\/v2\/tags?post=7968"}],"curies":[{"name":"wp","href":"https:\/\/api.w.org\/{rel}","templated":true}]}}