{"id":8025,"date":"2023-01-10T16:39:57","date_gmt":"2023-01-10T16:39:57","guid":{"rendered":"https:\/\/www.fracturaexpuesta.com.ar\/tango\/?p=8025"},"modified":"2023-01-11T02:12:23","modified_gmt":"2023-01-11T02:12:23","slug":"con-asimetirco-altertango-adelanta-la-salida-de-su-octavo-disco","status":"publish","type":"post","link":"https:\/\/www.fracturaexpuesta.com.ar\/tango\/con-asimetirco-altertango-adelanta-la-salida-de-su-octavo-disco\/","title":{"rendered":"Con \u201cAsim\u00e9trico\u201d, Altertango adelanta la salida de su octavo disco"},"content":{"rendered":"\n<p class=\"wp-block-paragraph\">En el \u00faltimo tramo de 2022, <strong>Altertango celebr\u00f3 sus 20 a\u00f1os de historia<\/strong> con un concierto especial en el Teatro Independencia de Mendoza, provincia de la que es oriunda la banda.<\/p>\n\n\n\n<p class=\"wp-block-paragraph\">Ahora, en vistas de las novedades 2023, el cuarteto present\u00f3 <strong>el video de \u201cAsim\u00e9trico\u201d<\/strong>, material que adelanta la salida de su octavo disco, una producci\u00f3n que registra el mencionado concierto en la provincia cuyana.<\/p>\n\n\n\n<p class=\"wp-block-paragraph\">Con parte de la banda viviendo en Espa\u00f1a (Elbi Olalla y Ezequiel Acosta) y la otra en Mendoza, Altertango sigue su ruta tanguera profundizando su particular sello sonoro y apostando a un proyecto musical de larga data.<\/p>\n\n\n\n<p class=\"wp-block-paragraph\">El disco llegar\u00e1 con <strong>canciones nuevas<\/strong> como \u201cFuga\u201d, \u201cAsim\u00e9trico\u201d, \u201cAlastardor\u201d y \u201cAmalia\u201d &nbsp;y algunos temas de su repertorio como \u201cMilonga de mar\u201d, \u201cPara siempre\u201d y \u201cConspiraci\u00f3n\u201d.<\/p>\n\n\n\n<p class=\"wp-block-paragraph\"><mark style=\"background-color:#fcb900\" class=\"has-inline-color\"><strong>&#x1f4fa; Mir\u00e1 el video de \u00abAsim\u00e9trico\u00bb:<\/strong><\/mark><\/p>\n\n\n\n<figure class=\"wp-block-embed is-type-video is-provider-youtube wp-block-embed-youtube wp-embed-aspect-16-9 wp-has-aspect-ratio\"><div class=\"wp-block-embed__wrapper\">\n<iframe loading=\"lazy\" title=\"Asime\u0301trico - Altertango | En Vivo en Teatro Independencia\" width=\"640\" height=\"360\" src=\"https:\/\/www.youtube.com\/embed\/hLudcuzAU9M?feature=oembed\" frameborder=\"0\" allow=\"accelerometer; autoplay; clipboard-write; encrypted-media; gyroscope; picture-in-picture; web-share\" referrerpolicy=\"strict-origin-when-cross-origin\" allowfullscreen><\/iframe>\n<\/div><\/figure>\n","protected":false},"excerpt":{"rendered":"<p>Nuevo video de la banda que transita sus 20 a\u00f1os de tango.<\/p>\n","protected":false},"author":1,"featured_media":8026,"comment_status":"open","ping_status":"open","sticky":false,"template":"","format":"video","meta":{"footnotes":""},"categories":[2],"tags":[273,114,32],"class_list":["post-8025","post","type-post","status-publish","format-video","has-post-thumbnail","hentry","category-videos","tag-altertango","tag-elbi-olalla","tag-featured","post_format-post-format-video"],"_links":{"self":[{"href":"https:\/\/www.fracturaexpuesta.com.ar\/tango\/wp-json\/wp\/v2\/posts\/8025","targetHints":{"allow":["GET"]}}],"collection":[{"href":"https:\/\/www.fracturaexpuesta.com.ar\/tango\/wp-json\/wp\/v2\/posts"}],"about":[{"href":"https:\/\/www.fracturaexpuesta.com.ar\/tango\/wp-json\/wp\/v2\/types\/post"}],"author":[{"embeddable":true,"href":"https:\/\/www.fracturaexpuesta.com.ar\/tango\/wp-json\/wp\/v2\/users\/1"}],"replies":[{"embeddable":true,"href":"https:\/\/www.fracturaexpuesta.com.ar\/tango\/wp-json\/wp\/v2\/comments?post=8025"}],"version-history":[{"count":3,"href":"https:\/\/www.fracturaexpuesta.com.ar\/tango\/wp-json\/wp\/v2\/posts\/8025\/revisions"}],"predecessor-version":[{"id":8029,"href":"https:\/\/www.fracturaexpuesta.com.ar\/tango\/wp-json\/wp\/v2\/posts\/8025\/revisions\/8029"}],"wp:featuredmedia":[{"embeddable":true,"href":"https:\/\/www.fracturaexpuesta.com.ar\/tango\/wp-json\/wp\/v2\/media\/8026"}],"wp:attachment":[{"href":"https:\/\/www.fracturaexpuesta.com.ar\/tango\/wp-json\/wp\/v2\/media?parent=8025"}],"wp:term":[{"taxonomy":"category","embeddable":true,"href":"https:\/\/www.fracturaexpuesta.com.ar\/tango\/wp-json\/wp\/v2\/categories?post=8025"},{"taxonomy":"post_tag","embeddable":true,"href":"https:\/\/www.fracturaexpuesta.com.ar\/tango\/wp-json\/wp\/v2\/tags?post=8025"}],"curies":[{"name":"wp","href":"https:\/\/api.w.org\/{rel}","templated":true}]}}