{"id":8031,"date":"2023-01-19T21:44:56","date_gmt":"2023-01-19T21:44:56","guid":{"rendered":"https:\/\/www.fracturaexpuesta.com.ar\/tango\/?p=8031"},"modified":"2023-01-19T21:45:34","modified_gmt":"2023-01-19T21:45:34","slug":"picadito-de-tango-48-alianzas-homenajes-tropitangueros-y-discos-desde-francia","status":"publish","type":"post","link":"https:\/\/www.fracturaexpuesta.com.ar\/tango\/picadito-de-tango-48-alianzas-homenajes-tropitangueros-y-discos-desde-francia\/","title":{"rendered":"Picadito de tango #48: alianzas, homenajes tropitangueros y discos desde Francia"},"content":{"rendered":"\n<p class=\"has-text-color wp-block-paragraph\" style=\"color:#fe0000;font-size:26px\"><strong><mark style=\"background-color:rgba(0, 0, 0, 0);color:#ff0000\" class=\"has-inline-color\">Generaci\u00f3n Tango: para que se amplifique el 2&#215;4 de hoy<\/mark><\/strong><\/p>\n\n\n\n<p class=\"wp-block-paragraph\">Guido Iacopetti y Rodrigo Perelsztein (Sexteto Fantasma) se preguntaron una vez m\u00e1s por el tango de estos tiempos. \u201c\u00bfDe qu\u00e9 est\u00e1 hecha nuestra generaci\u00f3n en el tango? \u00bfQu\u00e9 estuvimos haciendo la \u00faltima d\u00e9cada?\u201d, fueron las inquietudes que impulsaron el proyecto Generaci\u00f3n Tango.<\/p>\n\n\n\n<p class=\"wp-block-paragraph\">Con el fin de <strong>\u201chacer circular la producci\u00f3n de composiciones originales del tango del siglo XXI\u201d<\/strong>, los m\u00fasicos mencionados se dispusieron a grabar cruces de repertorio entre orquestas y grupos e incorporarlos a una producci\u00f3n discogr\u00e1fica.<\/p>\n\n\n\n<p class=\"wp-block-paragraph\">&#x1f4fa; <em><strong><mark style=\"background-color:#fcb900\" class=\"has-inline-color\">As\u00ed se grab\u00f3 Generaci\u00f3n Tango, tanda 1:<\/mark><\/strong><\/em><\/p>\n\n\n\n<iframe loading=\"lazy\" src=\"https:\/\/www.youtube.com\/embed\/oNAKQDf1siQ\" title=\"YouTube video player\" allow=\"accelerometer; autoplay; clipboard-write; encrypted-media; gyroscope; picture-in-picture; web-share\" allowfullscreen=\"\" width=\"560\" height=\"315\" frameborder=\"0\"><\/iframe>\n\n\n\n<p class=\"wp-block-paragraph\"><\/p>\n\n\n\n<p class=\"wp-block-paragraph\">Recientemente acaba de salir <em>Generaci\u00f3n Tango, tanda 1<\/em>. All\u00ed aparece la <strong>Orquesta Misteriosa Buenos Aires <\/strong>con la voz de Eliana Sosa, la <strong>Orquesta Ut\u00f3pica<\/strong> con la voz de Sof\u00eda Maiorana, <strong>Quiero 24<\/strong> con la voz del \u00abCholo\u00bb Castello junto a Eva Fiori y el <strong>Sexteto Fantasma<\/strong> con la voz de Rodrigo Perelsztein.<\/p>\n\n\n\n<p class=\"wp-block-paragraph\">Todos ellos \u201cse prestaron canciones, se dispusieron a hacer covers de colegas, a hacer nuevos arreglos, a jugar con una obra que es, cada vez m\u00e1s, el fruto de un trabajo colectivo\u201d.<\/p>\n\n\n\n<p class=\"wp-block-paragraph\">En esta primera entrega, se escuchan \u201cFelicidad\u201d (G. Iacopetti) por la Misteriosa Buenos Aires, el Sexteto Fantasma interpreta \u201cBuenos Aires\u201d (J. Iriarte), la Orquesta Ut\u00f3pica rearma \u201cSoy\u201d (Alustiza) y Quiero 24 va con \u201cCapullo de miel\u201d (Arias\/Mauricio).<\/p>\n\n\n\n<p class=\"wp-block-paragraph\"><strong>Alianzas entre grupos y artistas<\/strong> en donde la consigna es darle mayor empuje al repertorio contempor\u00e1neo del tango. Un modo de cruce para asimilar mejor algunos nombres en la marea infinita de m\u00fasica que proponen las plataformas.<\/p>\n\n\n\n<p class=\"wp-block-paragraph\">&#x1f3a7; <strong><em><mark style=\"background-color:#fcb900\" class=\"has-inline-color\">Escuch\u00e1 Generaci\u00f3n Tango, tanda 1:<\/mark><\/em><\/strong><\/p>\n\n\n\n<iframe style=\"border: 0; width: 400px; height: 520px;\" src=\"https:\/\/bandcamp.com\/EmbeddedPlayer\/album=2980147489\/size=large\/bgcol=ffffff\/linkcol=0687f5\/tracklist=false\/transparent=true\/\" seamless=\"\"><a href=\"https:\/\/generaciontango.bandcamp.com\/album\/generaci-n-tango-tanda-1\">Generaci\u00f3n Tango &#8211; Tanda 1 by Generaci\u00f3n Tango<\/a><\/iframe>\n\n\n\n<p class=\"wp-block-paragraph\"><\/p>\n\n\n\n<p class=\"has-text-color wp-block-paragraph\" style=\"color:#fe0000;font-size:26px\"><strong>Los Amados homenajean a Gardel y Lepera<\/strong><\/p>\n\n\n\n<p class=\"wp-block-paragraph\"><strong>\u201cArdientes Gardel y Le Pera\u201d<\/strong> es el nombre del espect\u00e1culo que Los Amados estrenar\u00e1 <strong>el s\u00e1bado 21 <\/strong>a las 21 en el Auditorio Belgrano. Ser\u00e1n seis funciones consecutivas y una en el Auditorium de Mar del Plata (la del mi\u00e9rcoles 8 de febrero) en donde el grupo interpretar\u00e1 por primera vez la obra del d\u00fao tanguero bajo la impronta latina que los caracteriza.<\/p>\n\n\n\n<p class=\"wp-block-paragraph\">Se podr\u00e1n escuchar, entre otros tangos, \u201cCuesta abajo\u201d, \u201cSoledad\u201d, \u201cPor una cabeza\u201d, \u201cMelod\u00eda de arrabal\u201d, \u201cRubias de New York\u201d y \u201cVolver\u201d, siempre bajo la <strong>clave tropical y visual<\/strong> de un grupo con m\u00e1s de 30 a\u00f1os de historia.<\/p>\n\n\n\n<p class=\"wp-block-paragraph\"><em>Funciones: S\u00e1bado 21 y viernes 27 de enero, a las 21. S\u00e1bado 4, 11 y 18 y viernes 24 de febrero, a las 21. Teatro Auditorio Belgrano (Virrey Loreto 2348).<\/em><\/p>\n\n\n\n<p class=\"wp-block-paragraph\"><\/p>\n\n\n\n<p class=\"has-text-color wp-block-paragraph\" style=\"color:#f80000;font-size:26px\"><strong>\u201cChino\u201d Laborde presenta nuevo disco<\/strong><\/p>\n\n\n\n<p class=\"wp-block-paragraph\">El cantor <strong>Walter \u201cChino\u201d Laborde<\/strong>, el guitarrista <strong>Javier D\u00edaz Gonz\u00e1lez<\/strong> y el bandoneonista <strong>Pablo Gignoli <\/strong>dieron a conocer los temas de <em>Hotel Amour<\/em>, nuevo disco grabado en Francia en el que el tr\u00edo repasa una serie de cl\u00e1sicos.<\/p>\n\n\n\n<p class=\"wp-block-paragraph\">\u201cNido Gaucho\u201d, \u201cBalada para un loco\u201d, \u201cMi dolor\u201d o \u201cVolver\u201d son parte del repertorio de un material que apela a transmitir las emotivas esquirlas que desprende el encuentro entre instrumentos y voz.<\/p>\n\n\n\n<p class=\"wp-block-paragraph\">Versiones -instrumentales y cantadas- que van en busca de <strong>lo primal de la reuni\u00f3n musical <\/strong>y de un tango \u201ca secas\u201d en donde lo que vale es la expresi\u00f3n, el instante a flor de piel.<\/p>\n\n\n\n<p class=\"wp-block-paragraph\">&#x1f3a7; <em><strong><mark style=\"background-color:#fcb900\" class=\"has-inline-color\">Escuch\u00e1 Hotel Amour:<\/mark><\/strong><\/em><\/p>\n\n\n\n<iframe style=\"border: 0; width: 400px; height: 520px;\" src=\"https:\/\/bandcamp.com\/EmbeddedPlayer\/album=3102666241\/size=large\/bgcol=ffffff\/linkcol=0687f5\/tracklist=false\/transparent=true\/\" seamless=\"\"><a href=\"https:\/\/pablogignoli.bandcamp.com\/album\/hotel-amour\">Hotel Amour by Chino Laborde, Javier D\u00edaz Gonz\u00e1lez, Pablo Gignoli<\/a><\/iframe>\n","protected":false},"excerpt":{"rendered":"<p>Con \u00abChino\u00bb Laborde, Los Amados y Generaci\u00f3n Tango.<\/p>\n","protected":false},"author":1,"featured_media":8032,"comment_status":"open","ping_status":"open","sticky":false,"template":"","format":"standard","meta":{"footnotes":""},"categories":[3],"tags":[438,32,191,531,532,285,201,303,255],"class_list":["post-8031","post","type-post","status-publish","format-standard","has-post-thumbnail","hentry","category-noticias","tag-chino-laborde","tag-featured","tag-guido-iacopetti","tag-javier-diaz-gonzalez","tag-los-amados","tag-pablo-gignoli","tag-picadito","tag-rodrigo-perelsztein","tag-sexteto-fantasma"],"_links":{"self":[{"href":"https:\/\/www.fracturaexpuesta.com.ar\/tango\/wp-json\/wp\/v2\/posts\/8031","targetHints":{"allow":["GET"]}}],"collection":[{"href":"https:\/\/www.fracturaexpuesta.com.ar\/tango\/wp-json\/wp\/v2\/posts"}],"about":[{"href":"https:\/\/www.fracturaexpuesta.com.ar\/tango\/wp-json\/wp\/v2\/types\/post"}],"author":[{"embeddable":true,"href":"https:\/\/www.fracturaexpuesta.com.ar\/tango\/wp-json\/wp\/v2\/users\/1"}],"replies":[{"embeddable":true,"href":"https:\/\/www.fracturaexpuesta.com.ar\/tango\/wp-json\/wp\/v2\/comments?post=8031"}],"version-history":[{"count":5,"href":"https:\/\/www.fracturaexpuesta.com.ar\/tango\/wp-json\/wp\/v2\/posts\/8031\/revisions"}],"predecessor-version":[{"id":8037,"href":"https:\/\/www.fracturaexpuesta.com.ar\/tango\/wp-json\/wp\/v2\/posts\/8031\/revisions\/8037"}],"wp:featuredmedia":[{"embeddable":true,"href":"https:\/\/www.fracturaexpuesta.com.ar\/tango\/wp-json\/wp\/v2\/media\/8032"}],"wp:attachment":[{"href":"https:\/\/www.fracturaexpuesta.com.ar\/tango\/wp-json\/wp\/v2\/media?parent=8031"}],"wp:term":[{"taxonomy":"category","embeddable":true,"href":"https:\/\/www.fracturaexpuesta.com.ar\/tango\/wp-json\/wp\/v2\/categories?post=8031"},{"taxonomy":"post_tag","embeddable":true,"href":"https:\/\/www.fracturaexpuesta.com.ar\/tango\/wp-json\/wp\/v2\/tags?post=8031"}],"curies":[{"name":"wp","href":"https:\/\/api.w.org\/{rel}","templated":true}]}}