{"id":8041,"date":"2023-01-23T18:23:45","date_gmt":"2023-01-23T18:23:45","guid":{"rendered":"https:\/\/www.fracturaexpuesta.com.ar\/tango\/?p=8041"},"modified":"2023-01-23T19:19:57","modified_gmt":"2023-01-23T19:19:57","slug":"la-ultima-entrevista-a-troilo-antes-de-su-muerte","status":"publish","type":"post","link":"https:\/\/www.fracturaexpuesta.com.ar\/tango\/la-ultima-entrevista-a-troilo-antes-de-su-muerte\/","title":{"rendered":"La \u00faltima entrevista a Troilo antes de su muerte"},"content":{"rendered":"\n<p class=\"wp-block-paragraph\">El texto aqu\u00ed reproducido fue publicado en la edici\u00f3n 513 del 22 de mayo de 1975 de la revista <em>Gente<\/em>, bajo el t\u00edtulo \u201cEl \u00faltimo reportaje a Troilo\u201d. <\/p>\n\n\n\n<p class=\"wp-block-paragraph\">La entrevista, realizada por Horacio de Dios, form\u00f3 parte de la producci\u00f3n especial que se present\u00f3 en ocasi\u00f3n del fallecimiento del bandoneonista argentino, ocurrido el 18 de mayo de 1975. Algunas im\u00e1genes aqu\u00ed presentadas corresponden a la mencionada publicaci\u00f3n.<\/p>\n\n\n\n<p class=\"wp-block-paragraph\"><em>Fractura Expuesta<\/em> recuper\u00f3, de la edici\u00f3n original, el di\u00e1logo entre ambos. Una conversaci\u00f3n que, como siempre suced\u00eda con Troilo, dejaba al lector la certeza de estar ante <strong>la palabra de un hombre noble y sensible.<\/strong><\/p>\n\n\n\n<p class=\"wp-block-paragraph\">\u201cSiempre no se est\u00e1 igual\u201d, dec\u00eda Pichuco en una charla en la que habla de su salud, del v\u00ednculo con el bandone\u00f3n, de la m\u00fasica beat, de su gusto por escribir y de su descanso \u201cburgu\u00e9s\u201d.<\/p>\n\n\n\n<p class=\"has-text-align-center has-large-font-size wp-block-paragraph\"><em>***<\/em><\/p>\n\n\n\n<p class=\"has-drop-cap wp-block-paragraph\">Durante 51 a\u00f1os don An\u00edbal Troilo verane\u00f3 en Mar del Plata, y fue all\u00ed, en un chal\u00e9 junto al mar, que habl\u00f3 largamente sobre su salud, lo que hab\u00eda sufrido antes de operarse de la cadera, del bandone\u00f3n que pag\u00f3 40 pesos viejos, de la noche que crey\u00f3 morirse al d\u00eda siguiente de cumplir sus 60 a\u00f1os, de una semana caminando con bast\u00f3n, de sus estados de \u00e1nimo y tantas cosas m\u00e1s.<\/p>\n\n\n\n<p class=\"wp-block-paragraph\">Este reportaje, que no se public\u00f3 en su momento porque se encim\u00f3 con su debut en el teatro Ode\u00f3n, adquiere de golpe el car\u00e1cter dram\u00e1tico del cuadro de un pintor el d\u00eda de su muerte. No es una necrol\u00f3gica. Fue una charla fresca, vital, nost\u00e1lgica, del tiempo viejo, pero sin \u00abraccontos\u00bb. Un \u00abAmarcord\u00bb con fueye de por medio. Ese d\u00eda se sent\u00eda, por momentos, un poco solo al saber que sus amigos se iban yendo. Como ahora se nos fue \u00e9l. Trascart\u00f3n estaba la muerte. Que no se anim\u00f3 a buscarlo junto al mar. Que respet\u00f3 su voluntad de agonizar junto a su bandone\u00f3n, en una noche de tango, tocando para hacer mutis \u00abQuejas de bandone\u00f3n\u00bb.<\/p>\n\n\n\n<p class=\"wp-block-paragraph\">En 1974 llovieron notas sobre An\u00edbal Troilo. La mayor\u00eda muy buenas. Pero eran muchas. Mala se\u00f1al. Ten\u00edan sabor de despedida. Tristeza de presentimiento. Se tem\u00eda por el mayor \u00eddolo viviente de la m\u00fasica de Buenos Aires. Fue un a\u00f1o largo. Silencioso para un fueye dormido que se alimentaba a discos. Afortunadamente o no, Pichuco no se notifica que es un mito. Quiso vivir y vivi\u00f3. Larg\u00f3 montones de cosas. Se repuso la cadera, operaci\u00f3n mediante, y el verano lo sorprendi\u00f3 en Mar del Plata como un turista m\u00e1s.<\/p>\n\n\n\n<p class=\"wp-block-paragraph\">Vive en un chal\u00e9 que do\u00f1a Zita eligi\u00f3 con sagacidad elaborada a trav\u00e9s de 36 a\u00f1os de matrimonio. Para hacerlo caminar, aunque no quiera, la casa tiene 3 plantas que obligan a subir y bajar escaleras sin darse cuenta. Para tomar sol sin curiosos hay un jard\u00edn y una terraza. Don An\u00edbal puede pasear su \u00abfiacca\u00bb en piyama regando plantitas y orejeando el mar desde las ventanas del dormitorio. La casa est\u00e1 a metros del mar, pero en una calle de poco tr\u00e1nsito. Se puede dormir a pata suelta, y a don An\u00edbal le gusta castigar la almohada 12 o 13 horas diarias. El tel\u00e9fono comienza a sonar despu\u00e9s de mediod\u00eda y los amigos van cayendo, pero no a torrentes. Un d\u00eda lleg\u00f3 Astor Piazzolla, que vino a pasar Un de a\u00f1o con su mam\u00e1, Nonina. Otra tarde toc\u00f3 el timbre Roberto Perfumo. Hace poco vino de Buenos Aires s\u00f3lo para hablar un rato Joan Manuel Serrat.<\/p>\n\n\n\n<blockquote class=\"wp-block-quote is-layout-flow wp-block-quote-is-layout-flow\">\n<p class=\"wp-block-paragraph\">\u00abHabl\u00e9 con mi m\u00e9dico y me dijo que s\u00ed. Que despu\u00e9s de haberme desintoxicado durante 3 meses estaba en condiciones de ir a la sala de operaciones\u00bb.<\/p>\n<\/blockquote>\n\n\n\n<p class=\"wp-block-paragraph\">Troilo est\u00e1 uno o dos kilos por encima del peso en que se siente c\u00f3modo (90 kilos), pero se propone perder esos gramos de m\u00e1s para el debut en el teatro Ode\u00f3n 12 a\u00f1os despu\u00e9s de sus recitales memorables. Tiene 60 a\u00f1os, pero actualmente aparenta menos. Est\u00e1 gordito pero no hinchado. Su voz es clara.<\/p>\n\n\n\n<p class=\"wp-block-paragraph\">Comenz\u00f3 a hacer tango a los 10 a\u00f1os; lleva 50 a\u00f1os con el bandone\u00f3n a cuestas. Quiz\u00e1 por eso aunque se trajo el instrumento para practicar un poco, no lo hizo. Lo sac\u00f3 del estuche para la fotograf\u00eda, pero luego se encari\u00f1\u00f3, y cuando lo oy\u00f3 cantar a Roberto Goyeneche en Enterprise pidi\u00f3 un bandone\u00f3n prestado para acompa\u00f1ar al \u00abpolaco\u00bb.<\/p>\n\n\n\n<p class=\"wp-block-paragraph\">Hace 51 a\u00f1os que viene a Mar del Plata para veranear. Le gustaba m\u00e1s antes. Lo mismo que Buenos Aires. Tiene nostalgia del tiempo ido. Pero no puede olvidar que las vacaciones de la temporada anterior fueron muy distintas. Durante los 60 d\u00edas se tuvo que aplicar 120 inyecciones de cortisona para aliviar los dolores de una artrosis de cadera. Volvi\u00f3 a la Capital un 4 de marzo y trabaj\u00f3 un par de semanas en el Viejo Almac\u00e9n, hasta que tuvo que parar. \u201cYa no daba m\u00e1s. No pod\u00eda tocar. Ni estar parado. Ni sentado. Los dolores eran terribles. Hasta ir al ba\u00f1o era una tortura. No pod\u00eda caminar ni cinco metros en su casa. Sufr\u00eda como un loco. Era algo terrible. Nunca me dijeron que me operara. Mi mujer fue la que me dijo que me operara: \u2018Si vos me lo dec\u00eds, yo me opero\u2019, le contest\u00e9. Habl\u00e9 con mi m\u00e9dico y me dijo que s\u00ed. Que despu\u00e9s de haberme desintoxicado durante 3 meses estaba en condiciones de ir a la sala de operaciones. Estaba bien del h\u00edgado, del ri\u00f1\u00f3n, del coraz\u00f3n, de los pulmones. En una palabra: fui a la operaci\u00f3n 0 kil\u00f3metro\u201d.<\/p>\n\n\n\n<figure class=\"wp-block-image size-large\"><img loading=\"lazy\" decoding=\"async\" width=\"790\" height=\"1024\" src=\"https:\/\/www.fracturaexpuesta.com.ar\/tango\/wp-content\/uploads\/troilo1-fracturaexpuesta-790x1024.jpg\" alt=\"\" class=\"wp-image-8043\" srcset=\"https:\/\/www.fracturaexpuesta.com.ar\/tango\/wp-content\/uploads\/troilo1-fracturaexpuesta-790x1024.jpg 790w, https:\/\/www.fracturaexpuesta.com.ar\/tango\/wp-content\/uploads\/troilo1-fracturaexpuesta-231x300.jpg 231w, https:\/\/www.fracturaexpuesta.com.ar\/tango\/wp-content\/uploads\/troilo1-fracturaexpuesta-768x996.jpg 768w, https:\/\/www.fracturaexpuesta.com.ar\/tango\/wp-content\/uploads\/troilo1-fracturaexpuesta-1185x1536.jpg 1185w, https:\/\/www.fracturaexpuesta.com.ar\/tango\/wp-content\/uploads\/troilo1-fracturaexpuesta.jpg 1500w\" sizes=\"auto, (max-width: 790px) 100vw, 790px\" \/><figcaption class=\"wp-element-caption\"><sup><em><mark style=\"background-color:rgba(0, 0, 0, 0)\" class=\"has-inline-color has-cyan-bluish-gray-color\">\u00abTroilo no ha muerto, despert\u00f3 del sue\u00f1o de la vida\u00bb, titulaba la revisita Gente en mayo de 1975.<\/mark><\/em><\/sup><\/figcaption><\/figure>\n\n\n\n<p class=\"wp-block-paragraph\">&#8211; <strong>Ahora que ya pas\u00f3 se lo puedo decir: se temi\u00f3 que usted estuviera muy mal&#8230;<\/strong><\/p>\n\n\n\n<p class=\"wp-block-paragraph\">&#8211; Estuve muy mal. Al otro d\u00eda de mi cumplea\u00f1os, el 12 de julio, vino Blackie para hablar de un programa espectacular que finalmente no pude hacer. El 11, cuando cumpl\u00ed 60 a\u00f1os, la hab\u00eda pasado con mi familia sentado en un sill\u00f3n. Tranquilo. Normalmente. Me estaba portando muy bien. Com\u00eda verduras, frutas, sin sal, sin alcohol, sin pan. Hab\u00eda bajado 12 kilos. Y de golpe, al d\u00eda siguiente comenc\u00e9 a sentirme raro. Tuve como un ataque de epilepsia. Estuve 3 horas muy mal. Pienso que fueron tantas inyecciones que me dieron. Primero en Mar del Plata y luego en Buenos Aires. Hice de todo. Hasta acupuntura. Pero no pas\u00f3 nada. Cuando una cosa tiene que ser operada no hay remedio. Aqu\u00ed ya no basta calor ni inyecciones. Hay que operar. Me oper\u00f3 ese genio que es el doctor Petracchi y fue un \u00e9xito total.<\/p>\n\n\n\n<p class=\"wp-block-paragraph\">&#8211; <strong>Cuando tuvo que andar con bastones unos d\u00edas, \u00bfqu\u00e9 pens\u00f3?<\/strong><\/p>\n\n\n\n<p class=\"wp-block-paragraph\">&#8211; Me costaba caminar. Imag\u00ednese. Estuve tanto tiempo sin caminar, anclado en mi casa a un sill\u00f3n, meses y meses. Us\u00e9 bastones despu\u00e9s de la operaci\u00f3n durante 10 d\u00edas. Pero poco a poco todo pas\u00f3 y ahora me siento como nunca.<\/p>\n\n\n\n<p class=\"wp-block-paragraph\"><strong>&#8211; \u00bfC\u00f3mo se siente ahora sin hacer nada?<\/strong><\/p>\n\n\n\n<p class=\"wp-block-paragraph\">&#8211; Bien. No hago nada de nada. Descanso. Qu\u00e9 s\u00e9 yo. Como un burgu\u00e9s.<\/p>\n\n\n\n<p class=\"wp-block-paragraph\"><strong>&#8211; \u00bfHace alg\u00fan r\u00e9gimen especial?<\/strong><\/p>\n\n\n\n<p class=\"wp-block-paragraph\">&#8211; No. Como de todo. Tomo un buen vino. Un par de whiskies. La vida de siempre.<\/p>\n\n\n\n<p class=\"wp-block-paragraph\"><strong>&#8211; \u00bfVe menos a sus amigos que antes?<\/strong><\/p>\n\n\n\n<p class=\"wp-block-paragraph\">&#8211; No. Adem\u00e1s estoy rodeado de toda mi familia. Somos como diez u once. Est\u00e1n todas mis sobrinas, mis cu\u00f1adas. Se van turnando. Se van unas y vienen otras.<\/p>\n\n\n\n<p class=\"wp-block-paragraph\"><strong>&#8211; \u00bfSale menos de noche?<\/strong><\/p>\n\n\n\n<p class=\"wp-block-paragraph\">&#8211; No, salgo bastante. He visto unos cuantos espect\u00e1culos. Algunos buenos. Otros m\u00e1s o menos. Ahora voy a ir al circo Tihany. Tengo un ansia b\u00e1rbara de ir a un circo porque hace una punta de a\u00f1os, desde que era un chico, que no veo un circo.<\/p>\n\n\n\n<p class=\"wp-block-paragraph\"><strong>&#8211; \u00bfTanto descanso no puede cansar?<\/strong><\/p>\n\n\n\n<p class=\"wp-block-paragraph\">&#8211; Hace m\u00e1s de un a\u00f1o que estoy descansando.<\/p>\n\n\n<div class=\"wp-block-image\">\n<figure class=\"aligncenter size-large is-resized\"><img loading=\"lazy\" decoding=\"async\" src=\"https:\/\/www.fracturaexpuesta.com.ar\/tango\/wp-content\/uploads\/troilo2-fracturaexpuesta-619x1024.jpg\" alt=\"\" class=\"wp-image-8048\" width=\"619\" height=\"1024\" srcset=\"https:\/\/www.fracturaexpuesta.com.ar\/tango\/wp-content\/uploads\/troilo2-fracturaexpuesta-619x1024.jpg 619w, https:\/\/www.fracturaexpuesta.com.ar\/tango\/wp-content\/uploads\/troilo2-fracturaexpuesta-181x300.jpg 181w, https:\/\/www.fracturaexpuesta.com.ar\/tango\/wp-content\/uploads\/troilo2-fracturaexpuesta.jpg 696w\" sizes=\"auto, (max-width: 619px) 100vw, 619px\" \/><figcaption class=\"wp-element-caption\"><sup><em><mark style=\"background-color:rgba(0, 0, 0, 0)\" class=\"has-inline-color has-cyan-bluish-gray-color\">Troilo durante sus habituales descansos en Mar del Plata (1975).<\/mark><\/em><\/sup><\/figcaption><\/figure>\n<\/div>\n\n\n<p class=\"wp-block-paragraph\"><strong>&#8211; \u00bfQu\u00e9 pas\u00f3 con su bandone\u00f3n que pr\u00e1cticamente no lo toc\u00f3 en Mar del Plata, aunque al traerlo se propuso practicar un poco?<\/strong><\/p>\n\n\n\n<p class=\"wp-block-paragraph\">&#8211; Aqu\u00ed me aburgues\u00e9 y lo dej\u00e9 de lado.<\/p>\n\n\n\n<p class=\"wp-block-paragraph\"><strong>&#8211; \u00bfSuena siempre igual su bandone\u00f3n?<\/strong><\/p>\n\n\n\n<p class=\"wp-block-paragraph\">&#8211; Depende de uno. Depende de la pulsaci\u00f3n, del estado an\u00edmico. Nunca se est\u00e1 igual. Como todas las cosas. Igual que un cantante o un actor. Siempre no se est\u00e1 igual.<\/p>\n\n\n\n<p class=\"wp-block-paragraph\"><strong>&#8211; \u00bfSe preocupa todav\u00eda de la parte t\u00e9cnica o se olvida cuando toca?<\/strong><\/p>\n\n\n\n<p class=\"wp-block-paragraph\">&#8211; Se hace mec\u00e1nicamente. La parte t\u00e9cnica es muy importante, pero para un profesional ya ha quedado atr\u00e1s.<\/p>\n\n\n\n<p class=\"wp-block-paragraph\"><strong>&#8211; \u00bfC\u00f3mo se puede reflejar en usted est\u00e1 inactividad de un a\u00f1o?<\/strong><\/p>\n\n\n\n<p class=\"wp-block-paragraph\">&#8211; Falta de estado, de estado, estado atl\u00e9tico, dir\u00eda. Voy a tener que comenzar a estudiar para estar bien para el debut.<\/p>\n\n\n\n<p class=\"wp-block-paragraph\"><strong>&#8211; \u00bfAlguna vez pens\u00f3 que no tocar\u00eda m\u00e1s?<\/strong><\/p>\n\n\n\n<p class=\"wp-block-paragraph\">&#8211; S\u00ed. Antes de operarme. Eso ya pas\u00f3.<\/p>\n\n\n\n<p class=\"wp-block-paragraph\"><strong>&#8211; \u00bfCu\u00e1l es la historia de este bandone\u00f3n?<\/strong><\/p>\n\n\n\n<p class=\"wp-block-paragraph\">&#8211; Como la de todos. Lo \u00fanico particular de \u00e9ste es que habr\u00e1 costado 40 pesos viejos. Yo lo compr\u00e9 a raz\u00f3n de 120 pesos a pagar 10 pesos por mes, y cuando hab\u00eda pagado 4 cuotas el tipo no vino m\u00e1s a cobrar. As\u00ed que ya ve. Ese bandone\u00f3n que ha ganado fortunas cost\u00f3 40 pesos.<\/p>\n\n\n\n<p class=\"wp-block-paragraph\"><strong>&#8211; \u00bfCu\u00e1nto hace que lo tiene?<\/strong><\/p>\n\n\n\n<p class=\"wp-block-paragraph\">&#8211; Como cincuenta a\u00f1os. Sali\u00f3 muy bueno. Ha trabajado una barbaridad. Ahora ya lo tengo un poco relegado porque estoy trabajando con otro instrumento un poco m\u00e1s nuevo, aunque todos los bandoneones son viejos. Desgraciadamente el bandone\u00f3n es un instrumento destinado a desaparecer. En la Segunda Guerra Mundial bombardearon la f\u00e1brica alemana de la Doble A donde se fabricaban acordeones y bandoneones. Como lo que m\u00e1s se vend\u00edan eran los acordeones, y el \u00fanico mercado del bandone\u00f3n estaba en Argentina y Uruguay, cuando se reh\u00edzo la f\u00e1brica dejaron de hacerse.<\/p>\n\n\n\n<blockquote class=\"wp-block-quote is-layout-flow wp-block-quote-is-layout-flow\">\n<p class=\"wp-block-paragraph\">\u00abSiempre me gust\u00f3 escribir. Ese nocturno a mi barrio lo hice cuando estaba internado en la cl\u00ednica del doctor Carlos M\u00e1rquez haciendo una cura de sue\u00f1o\u00bb.<\/p>\n<\/blockquote>\n\n\n\n<p class=\"wp-block-paragraph\"><strong>&#8211; \u00bfNunca toc\u00f3 bandone\u00f3n con amplificaci\u00f3n el\u00e9ctrica?<\/strong><\/p>\n\n\n\n<p class=\"wp-block-paragraph\">&#8211; No. Nunca. No me gusta. No tiene sonido natural.<\/p>\n\n\n\n<p class=\"wp-block-paragraph\"><strong>&#8211; \u00bfTampoco us\u00f3 bronces en su conjunto?<\/strong><\/p>\n\n\n\n<p class=\"wp-block-paragraph\">&#8211; No. Cuerda completa. Como me gusta a m\u00ed. Cinco violines, una viola y cello.<\/p>\n\n\n\n<p class=\"wp-block-paragraph\"><strong>&#8211; \u00bfEn vacaciones escucha mucha m\u00fasica?<\/strong><\/p>\n\n\n\n<p class=\"wp-block-paragraph\">&#8211; Si. Sobre todo radio.<\/p>\n\n\n\n<p class=\"wp-block-paragraph\"><strong>&#8211; \u00bfPor qu\u00e9 no discos?<\/strong><\/p>\n\n\n\n<p class=\"wp-block-paragraph\">&#8211; Por ah\u00ed me aburro.<\/p>\n\n\n\n<p class=\"wp-block-paragraph\"><strong>&#8211; \u00bfY qu\u00e9 escucha en radio?<\/strong><\/p>\n\n\n\n<p class=\"wp-block-paragraph\">&#8211; Tango, folklore, alguna m\u00fasica seria. Lo que no aguanto son los ruidos. Me enloquecen&#8230;<\/p>\n\n\n\n<p class=\"wp-block-paragraph\"><strong>&#8211; \u00bfA qu\u00e9 llama ruido?<\/strong><\/p>\n\n\n\n<p class=\"wp-block-paragraph\">&#8211; A la m\u00fasica moderna. La que bailan los pibes como locos. Para m\u00ed la m\u00fasica beat es inaguantable.<\/p>\n\n\n\n<figure class=\"wp-block-image size-full\"><img loading=\"lazy\" decoding=\"async\" width=\"960\" height=\"835\" src=\"https:\/\/www.fracturaexpuesta.com.ar\/tango\/wp-content\/uploads\/tango-mar-del-plata-.jpg\" alt=\"\" class=\"wp-image-8050\" srcset=\"https:\/\/www.fracturaexpuesta.com.ar\/tango\/wp-content\/uploads\/tango-mar-del-plata-.jpg 960w, https:\/\/www.fracturaexpuesta.com.ar\/tango\/wp-content\/uploads\/tango-mar-del-plata--300x261.jpg 300w, https:\/\/www.fracturaexpuesta.com.ar\/tango\/wp-content\/uploads\/tango-mar-del-plata--768x668.jpg 768w\" sizes=\"auto, (max-width: 960px) 100vw, 960px\" \/><figcaption class=\"wp-element-caption\"><em><sup><mark style=\"background-color:rgba(0, 0, 0, 0)\" class=\"has-inline-color has-cyan-bluish-gray-color\">Baltar, Piazzolla, Zita y Troilo en un paseo por Mar Del Plata.<\/mark><\/sup><\/em><\/figcaption><\/figure>\n\n\n\n<p class=\"wp-block-paragraph\"><strong>&#8211; \u00bfEstrenar\u00e1 algo en el Ode\u00f3n?<\/strong><\/p>\n\n\n\n<p class=\"wp-block-paragraph\">&#8211; Un recitado. Una milonga. Una peque\u00f1a cosita. Se llama \u00abCaliente\u00bb. Lo har\u00e9 con guitarra sola. Se llama \u00abCaliente\u00bb porque habla de montones de cosas calientes.<\/p>\n\n\n\n<p class=\"wp-block-paragraph\"><strong>&#8211; \u00bfEst\u00e1 m\u00e1s inclinado a escribir letra que componer m\u00fasica actualmente?<\/strong><\/p>\n\n\n\n<p class=\"wp-block-paragraph\">&#8211; Y casi casi, s\u00ed. Siempre me gust\u00f3 escribir. Ese nocturno a mi barrio lo hice cuando estaba internado en la cl\u00ednica del doctor Carlos M\u00e1rquez haciendo una cura de sue\u00f1o. Hace tiempo, Estuve all\u00ed un mes. Al par de semanas, cuando me hac\u00edan dormir tanto, me aburr\u00eda de dormir y me levantaba y escrib\u00eda. Escrib\u00eda muchas cosas. Este tema \u00abCaliente\u00bb est\u00e1 dedicado al doctor M\u00e1rquez.<\/p>\n\n\n\n<blockquote class=\"wp-block-quote is-layout-flow wp-block-quote-is-layout-flow\">\n<p class=\"wp-block-paragraph\">\u00abSiempre me gust\u00f3 estar solo. Soy un poco retra\u00eddo, pero me gusta la amistad, estar rodeado de amigos\u00bb.<\/p>\n<\/blockquote>\n\n\n\n<p class=\"wp-block-paragraph\"><strong>&#8211; \u00bfTiene muchas cosas escritas?<\/strong><\/p>\n\n\n\n<p class=\"wp-block-paragraph\">&#8211; S\u00ed.<\/p>\n\n\n\n<p class=\"wp-block-paragraph\"><strong>&#8211; \u00bfPor qu\u00e9 no lo dice m\u00e1s a menudo?<\/strong><\/p>\n\n\n\n<p class=\"wp-block-paragraph\">&#8211; Y\u2026 por timidez tal vez. Me gusta escribir. Me gusta escribir una carta en forma po\u00e9tica. En un libro de Horacio Ferrer publica una carta que yo le mand\u00e9. Manuscrita. Una carta muy linda.<\/p>\n\n\n\n<p class=\"wp-block-paragraph\"><strong>&#8211; Cuando lo visit\u00f3 Astor Piazzolla \u00bfhablaron de tango?<\/strong><\/p>\n\n\n\n<p class=\"wp-block-paragraph\">&#8211; No. Somos amigos.<\/p>\n\n\n\n<p class=\"wp-block-paragraph\"><strong>&#8211; \u00bfEscuch\u00f3 lo que hizo Piazzolla con Gerry Mulligan?<\/strong><\/p>\n\n\n\n<p class=\"wp-block-paragraph\">&#8211; S\u00ed, pero no me gust\u00f3. No lo entiendo. Menos como tango.<\/p>\n\n\n\n<p class=\"wp-block-paragraph\"><strong>&#8211; \u00bfY los discos nuevos de Atilio Stampone?<\/strong><\/p>\n\n\n\n<p class=\"wp-block-paragraph\">&#8211; Tampoco, no est\u00e1 en mis pautas. Yo escucho a Fresedo, Salg\u00e1n, Pugliese. Escuchaba a Gobbi. Esto otro no lo entiendo. Lo mismo que algunos cuartetos y quintetos que han salido ahora que dicen que hacen tango, pero yo no lo entiendo.<\/p>\n\n\n\n<p class=\"wp-block-paragraph\"><strong>\u00bfC\u00f3mo se ve Troilo a s\u00ed mismo en este verano 75?<\/strong><\/p>\n\n\n\n<p class=\"wp-block-paragraph\">Soy un hombre muy tranquilo. Tomo las cosas con parsimonia. Es mi forma de ser.<\/p>\n\n\n\n<p class=\"wp-block-paragraph\"><strong>\u00bfLe gusta estar solo m\u00e1s que antes?<\/strong><\/p>\n\n\n\n<p class=\"wp-block-paragraph\">Siempre me gust\u00f3 estar solo. Soy un poco retra\u00eddo, pero me gusta la amistad, estar rodeado de amigos, pero a veces me gusta estar solo tambi\u00e9n.<\/p>\n\n\n\n<p class=\"wp-block-paragraph\"><strong>\u00bfCada d\u00eda m\u00e1s?<\/strong><\/p>\n\n\n\n<p class=\"wp-block-paragraph\">No s\u00e9.<\/p>\n\n\n\n<p class=\"wp-block-paragraph\"><strong>\u00bfLe molesta que le hablen mucho del pasado?<\/strong><\/p>\n\n\n\n<p class=\"wp-block-paragraph\">Al contrario. Me agrada.<\/p>\n\n\n\n<p class=\"wp-block-paragraph\"><strong>\u00bfNo se encuentra demasiado atado a ese pasado?<\/strong><\/p>\n\n\n\n<p class=\"wp-block-paragraph\">Posiblemente. Mi mujer me dice a veces. \u2018Vos no te das cuenta de que te est\u00e1s quedando solo. Se te han ido casi todos los tuyos\u2019. Mi familia y mis amigos, los poetas, los m\u00fasicos, todos los que fueron acompa\u00f1ando mi larga vida. Ya estamos casi solos. Quedamos apenas unos cuantos de aquellos.<\/p>\n\n\n\n<p class=\"wp-block-paragraph\"><strong>\u00bfDo\u00f1a Zita es cada vez m\u00e1s importante para usted?<\/strong><\/p>\n\n\n\n<p class=\"wp-block-paragraph\">Si. Es mi vida. Toda mi vida. Mi vida fueron mi madre y mi mujer. Y el tango.<\/p>\n\n\n\n<p class=\"wp-block-paragraph\">&#x1f4fa; <mark style=\"background-color:#fcb900\" class=\"has-inline-color\"><strong>Troilo toca el bandone\u00f3n en la playa (Mar del Plata, 1969):<\/strong><\/mark><\/p>\n\n\n\n<iframe loading=\"lazy\" src=\"https:\/\/www.youtube.com\/embed\/bOydKkpYh0s\" title=\"YouTube video player\" allow=\"accelerometer; autoplay; clipboard-write; encrypted-media; gyroscope; picture-in-picture; web-share\" allowfullscreen=\"\" width=\"560\" height=\"315\" frameborder=\"0\"><\/iframe>\n","protected":false},"excerpt":{"rendered":"<p>Fue en el verano de 1975, a pocos meses de su fallecimiento, mientras se encontraba alojado en Mar del Plata. Un Troilo que habla de su salud, de sus \u00faltimos tiempos de vida \u201caburguesada\u201d, de su bandone\u00f3n y su gusto por escribir.<\/p>\n","protected":false},"author":1,"featured_media":8042,"comment_status":"open","ping_status":"open","sticky":false,"template":"","format":"standard","meta":{"footnotes":""},"categories":[3],"tags":[508,32,326,111,154],"class_list":["post-8041","post","type-post","status-publish","format-standard","has-post-thumbnail","hentry","category-noticias","tag-anibal-troilo","tag-featured","tag-piazzolla","tag-tango","tag-troilo"],"_links":{"self":[{"href":"https:\/\/www.fracturaexpuesta.com.ar\/tango\/wp-json\/wp\/v2\/posts\/8041","targetHints":{"allow":["GET"]}}],"collection":[{"href":"https:\/\/www.fracturaexpuesta.com.ar\/tango\/wp-json\/wp\/v2\/posts"}],"about":[{"href":"https:\/\/www.fracturaexpuesta.com.ar\/tango\/wp-json\/wp\/v2\/types\/post"}],"author":[{"embeddable":true,"href":"https:\/\/www.fracturaexpuesta.com.ar\/tango\/wp-json\/wp\/v2\/users\/1"}],"replies":[{"embeddable":true,"href":"https:\/\/www.fracturaexpuesta.com.ar\/tango\/wp-json\/wp\/v2\/comments?post=8041"}],"version-history":[{"count":14,"href":"https:\/\/www.fracturaexpuesta.com.ar\/tango\/wp-json\/wp\/v2\/posts\/8041\/revisions"}],"predecessor-version":[{"id":8061,"href":"https:\/\/www.fracturaexpuesta.com.ar\/tango\/wp-json\/wp\/v2\/posts\/8041\/revisions\/8061"}],"wp:featuredmedia":[{"embeddable":true,"href":"https:\/\/www.fracturaexpuesta.com.ar\/tango\/wp-json\/wp\/v2\/media\/8042"}],"wp:attachment":[{"href":"https:\/\/www.fracturaexpuesta.com.ar\/tango\/wp-json\/wp\/v2\/media?parent=8041"}],"wp:term":[{"taxonomy":"category","embeddable":true,"href":"https:\/\/www.fracturaexpuesta.com.ar\/tango\/wp-json\/wp\/v2\/categories?post=8041"},{"taxonomy":"post_tag","embeddable":true,"href":"https:\/\/www.fracturaexpuesta.com.ar\/tango\/wp-json\/wp\/v2\/tags?post=8041"}],"curies":[{"name":"wp","href":"https:\/\/api.w.org\/{rel}","templated":true}]}}