{"id":8088,"date":"2023-02-07T02:06:00","date_gmt":"2023-02-07T02:06:00","guid":{"rendered":"https:\/\/www.fracturaexpuesta.com.ar\/tango\/?p=8088"},"modified":"2023-02-08T02:26:56","modified_gmt":"2023-02-08T02:26:56","slug":"7-de-febrero-por-que-se-festeja-el-dia-nacional-del-bailarin-de-tango","status":"publish","type":"post","link":"https:\/\/www.fracturaexpuesta.com.ar\/tango\/7-de-febrero-por-que-se-festeja-el-dia-nacional-del-bailarin-de-tango\/","title":{"rendered":"7 de febrero: \u00bfPor qu\u00e9 se festeja el D\u00eda Nacional del bailar\u00edn de tango?"},"content":{"rendered":"\n<p class=\"wp-block-paragraph\">Cada 7 de febrero los bailarines de tango celebran su d\u00eda. <\/p>\n\n\n\n<p class=\"wp-block-paragraph\">La fecha recuerda el fallecimiento de <strong>Jos\u00e9 Ovidio Bianquet<\/strong>, m\u00e1s conocido como <strong>\u00abEl Cachafaz\u00bb<\/strong>.<\/p>\n\n\n\n<p class=\"wp-block-paragraph\">Legendario y recordado bailar\u00edn de tango, El Cachafaz muri\u00f3 tras haber culminado una actuaci\u00f3n en un local llamado <strong>Rancho Grande en Mar del Plata, en 1942<\/strong>.<\/p>\n\n\n\n<figure class=\"wp-block-image size-full\"><img loading=\"lazy\" decoding=\"async\" width=\"1000\" height=\"562\" src=\"https:\/\/www.fracturaexpuesta.com.ar\/tango\/wp-content\/uploads\/elcachafaz1.jpg\" alt=\"\" class=\"wp-image-8091\" srcset=\"https:\/\/www.fracturaexpuesta.com.ar\/tango\/wp-content\/uploads\/elcachafaz1.jpg 1000w, https:\/\/www.fracturaexpuesta.com.ar\/tango\/wp-content\/uploads\/elcachafaz1-300x169.jpg 300w, https:\/\/www.fracturaexpuesta.com.ar\/tango\/wp-content\/uploads\/elcachafaz1-768x432.jpg 768w\" sizes=\"auto, (max-width: 1000px) 100vw, 1000px\" \/><\/figure>\n\n\n\n<p class=\"wp-block-paragraph\"><\/p>\n\n\n\n<p class=\"wp-block-paragraph\">Nacido el <strong>14 de febrero de 1885 en el barrio de Boedo<\/strong>, el bailar\u00edn forma parte de la mitolog\u00eda tanguera. Su destreza y tambi\u00e9n <strong>su personalidad<\/strong> impulsaron la figura de un hombre de la guardia vieja con un temple que combinaba cierta rudeza en su esp\u00edritu con la sensibilidad de su baile.<\/p>\n\n\n\n<p class=\"wp-block-paragraph\">Su <strong>apodo significa brib\u00f3n, descarado, insolente, p\u00edcaro, holgaz\u00e1n<\/strong>. Seg\u00fan relatan historiadores del g\u00e9nero, ese era el juicio que en su juventud mereci\u00f3 de sus mayores, especialmente por su trato con las mujeres. Desde muy chico llam\u00f3 la atenci\u00f3n por su destreza y movimientos corporales. <\/p>\n\n\n\n<p class=\"wp-block-paragraph\">En la primera d\u00e9cada del siglo XX viaj\u00f3 por los Estados Unidos y de regreso en 1913 instal\u00f3 una academia de baile. Tambi\u00e9n conocido como \u00abBenito\u00bb, estuvo en Francia en donde ofreci\u00f3 clases y actu\u00f3 en lugares como El Garr\u00f3n.<\/p>\n\n\n\n<p class=\"wp-block-paragraph\">Tuvo de compa\u00f1eras, en el amor y en el baile, a Emma B\u00f3veda y Elsa O&#8217;Connor, destacada actriz dram\u00e1tica del teatro y del cine. Luego Isabel San Miguel y desde 1933 exclusivamente como <strong>compa\u00f1era de danza a Carmencita Calder\u00f3n<\/strong>.<\/p>\n\n\n\n<p class=\"wp-block-paragraph\">Precisamente, con Carmen Calder\u00f3n es cuando su figura qued\u00f3 estampada en <strong>el film <em>Tang<\/em>o<\/strong>, estrenado en 1933.<\/p>\n\n\n\n<iframe loading=\"lazy\" width=\"560\" height=\"315\" src=\"https:\/\/www.youtube.com\/embed\/K4reTOuRhQg\" title=\"YouTube video player\" frameborder=\"0\" allow=\"accelerometer; autoplay; clipboard-write; encrypted-media; gyroscope; picture-in-picture; web-share\" allowfullscreen><\/iframe>\n\n\n\n<p class=\"wp-block-paragraph\"><\/p>\n\n\n\n<p class=\"wp-block-paragraph\">\u00abTen\u00eda un don especial, <strong>elegancia y un comp\u00e1s \u00fanico<\/strong>. Fue un gran creador de pasos pero tambi\u00e9n ten\u00eda muchos cortes en com\u00fan con Jos\u00e9 Giambuzzi, El Tarila\u00bb, contaba Calder\u00f3n.<\/p>\n\n\n\n<p class=\"wp-block-paragraph\">Y agregaba la bailarina: \u00abNo era buen mozo, <strong>era feo como noche oscura<\/strong> y esa cara picada de viruela, pero su forma de ser era suave y simp\u00e1tica. Ahora, cuando se enojaba temblaban todos\u00bb.<\/p>\n\n\n\n<p class=\"wp-block-paragraph\">Por su parte, el director y compositor Francisco Canaro consideraba: \u201cPuede decirse sin temor a hip\u00e9rbole, que <strong>El Cachafaz fue indiscutiblemente el mejor y m\u00e1s completo bailar\u00edn de tango de su tiempo<\/strong>. No tuvo maestro de baile, su propia intuici\u00f3n fue la mejor escuela de su estilo. Era perfecto en su porte, elegante y justo en sus movimientos, el de mejor comp\u00e1s, en una palabra\u00bb.<\/p>\n\n\n\n<figure class=\"wp-block-image size-full is-resized\"><img loading=\"lazy\" decoding=\"async\" src=\"https:\/\/www.fracturaexpuesta.com.ar\/tango\/wp-content\/uploads\/cachafaz3.jpg\" alt=\"\" class=\"wp-image-8099\" width=\"688\" height=\"486\" srcset=\"https:\/\/www.fracturaexpuesta.com.ar\/tango\/wp-content\/uploads\/cachafaz3.jpg 436w, https:\/\/www.fracturaexpuesta.com.ar\/tango\/wp-content\/uploads\/cachafaz3-300x212.jpg 300w\" sizes=\"auto, (max-width: 688px) 100vw, 688px\" \/><\/figure>\n","protected":false},"excerpt":{"rendered":"<p>La fecha conmemora la partida de un m\u00edtico personaje que despunt\u00f3 en los inicios del tango.<\/p>\n","protected":false},"author":1,"featured_media":8089,"comment_status":"open","ping_status":"open","sticky":false,"template":"","format":"standard","meta":{"footnotes":""},"categories":[3],"tags":[533,353,354,534,174,32,111],"class_list":["post-8088","post","type-post","status-publish","format-standard","has-post-thumbnail","hentry","category-noticias","tag-bailarin","tag-baile","tag-danza","tag-el-cachafaz","tag-featuread","tag-featured","tag-tango"],"_links":{"self":[{"href":"https:\/\/www.fracturaexpuesta.com.ar\/tango\/wp-json\/wp\/v2\/posts\/8088","targetHints":{"allow":["GET"]}}],"collection":[{"href":"https:\/\/www.fracturaexpuesta.com.ar\/tango\/wp-json\/wp\/v2\/posts"}],"about":[{"href":"https:\/\/www.fracturaexpuesta.com.ar\/tango\/wp-json\/wp\/v2\/types\/post"}],"author":[{"embeddable":true,"href":"https:\/\/www.fracturaexpuesta.com.ar\/tango\/wp-json\/wp\/v2\/users\/1"}],"replies":[{"embeddable":true,"href":"https:\/\/www.fracturaexpuesta.com.ar\/tango\/wp-json\/wp\/v2\/comments?post=8088"}],"version-history":[{"count":10,"href":"https:\/\/www.fracturaexpuesta.com.ar\/tango\/wp-json\/wp\/v2\/posts\/8088\/revisions"}],"predecessor-version":[{"id":8103,"href":"https:\/\/www.fracturaexpuesta.com.ar\/tango\/wp-json\/wp\/v2\/posts\/8088\/revisions\/8103"}],"wp:featuredmedia":[{"embeddable":true,"href":"https:\/\/www.fracturaexpuesta.com.ar\/tango\/wp-json\/wp\/v2\/media\/8089"}],"wp:attachment":[{"href":"https:\/\/www.fracturaexpuesta.com.ar\/tango\/wp-json\/wp\/v2\/media?parent=8088"}],"wp:term":[{"taxonomy":"category","embeddable":true,"href":"https:\/\/www.fracturaexpuesta.com.ar\/tango\/wp-json\/wp\/v2\/categories?post=8088"},{"taxonomy":"post_tag","embeddable":true,"href":"https:\/\/www.fracturaexpuesta.com.ar\/tango\/wp-json\/wp\/v2\/tags?post=8088"}],"curies":[{"name":"wp","href":"https:\/\/api.w.org\/{rel}","templated":true}]}}