{"id":8234,"date":"2023-02-24T19:45:16","date_gmt":"2023-02-24T19:45:16","guid":{"rendered":"https:\/\/www.fracturaexpuesta.com.ar\/tango\/?p=8234"},"modified":"2023-02-24T19:54:45","modified_gmt":"2023-02-24T19:54:45","slug":"picadito-de-tango-49-puentes-puertos-ciudades-y-discos","status":"publish","type":"post","link":"https:\/\/www.fracturaexpuesta.com.ar\/tango\/picadito-de-tango-49-puentes-puertos-ciudades-y-discos\/","title":{"rendered":"Picadito de tango #49: puentes, puertos, ciudades y discos"},"content":{"rendered":"\n<p class=\"has-text-color wp-block-paragraph\" style=\"color:#ff0000;font-size:26px\"><strong>Tango griego en Buenos Aires<\/strong><\/p>\n\n\n\n<p class=\"wp-block-paragraph\"><strong>Thanasis Karamintzios<\/strong> naci\u00f3 en Trikala (Grecia) y vive en Atenas y Berl\u00edn. Es compositor de tango y estar\u00e1 <strong>en marzo en Buenos Aires<\/strong> para realizar una serie de conciertos en diversos espacios.<\/p>\n\n\n\n<p class=\"wp-block-paragraph\">Karamintzios presentar\u00e1 el material que conforma su disco <em><strong>Errante <\/strong><\/em>(2018), un \u00e1lbum de tangos y valses orientados \u201cpor una atm\u00f3sfera cinematogr\u00e1fica\u201d.<\/p>\n\n\n\n<p class=\"wp-block-paragraph\">\u201cEs un cuaderno de viaje a lugares que forman parte de mi historia as\u00ed como a lugares a los que s\u00f3lo lleg\u00f3 con mi imaginaci\u00f3n\u201d, dice el guitarrista griego sobre su trabajo.<\/p>\n\n\n\n<p class=\"wp-block-paragraph\">En la Argentina tocar\u00e1 acompa\u00f1ado de los m\u00fasicos locales Sofi Lara (viol\u00edn), Melina Reyes (bandone\u00f3n) y Yani Mat\u00edas Vega (contrabajo)<\/p>\n\n\n\n<p class=\"wp-block-paragraph\">Los conciertos previstos en Buenos Aires ser\u00e1n el 9 de marzo en el CAFF, el 16 en el Club Social Cambalache y el 19 en Je suis Lacan.<\/p>\n\n\n\n<p class=\"wp-block-paragraph\">&#x1f4fa; <em><strong><mark style=\"background-color:#fcb900\" class=\"has-inline-color\">Conoc\u00e9 m\u00e1s de Thanasis Karamintzios:<\/mark><\/strong><\/em><\/p>\n\n\n\n<figure class=\"wp-block-embed is-type-video is-provider-youtube wp-block-embed-youtube wp-embed-aspect-16-9 wp-has-aspect-ratio\"><div class=\"wp-block-embed__wrapper\">\n<iframe loading=\"lazy\" title=\"Thanasis Karamintzios - Errante (Promo clip)\" width=\"640\" height=\"360\" src=\"https:\/\/www.youtube.com\/embed\/0aBR8fXWu8E?feature=oembed\" frameborder=\"0\" allow=\"accelerometer; autoplay; clipboard-write; encrypted-media; gyroscope; picture-in-picture; web-share\" referrerpolicy=\"strict-origin-when-cross-origin\" allowfullscreen><\/iframe>\n<\/div><\/figure>\n\n\n\n<p class=\"wp-block-paragraph\"><\/p>\n\n\n\n<p class=\"has-text-color wp-block-paragraph\" style=\"color:#ff0101;font-size:26px\"><strong>Mi ciudad y mi gente, nuevo disco de In\u00e9s Cuello<\/strong><\/p>\n\n\n\n<p class=\"wp-block-paragraph\">En formato de piano y voz, la <strong>cantante In\u00e9s Cuello<\/strong> public\u00f3 recientemente <em>Mi ciudad y mi gente<\/em>, su nuevo disco solista.<\/p>\n\n\n\n<p class=\"wp-block-paragraph\">Acompa\u00f1ada por <strong>Pablo Fraguela<\/strong> en el piano, Cuello recorre una selecci\u00f3n de temas de <strong>folklore, m\u00fasica popular y tangos<\/strong>, con cl\u00e1sicos del 2&#215;4 as\u00ed como nuevas composiciones. \u201cEl coraz\u00f3n al sur\u201d (Eladia Bl\u00e1zquez), \u201cTristezas de la calle Corrientes\u201d (Homero Exp\u00f3sito \/ Domingo Federico) o \u00abLos ejecutivos\u00bb (Mar\u00eda Elena Walsh) son algunas de las canciones que retoma la cantante.<\/p>\n\n\n\n<p class=\"wp-block-paragraph\">Con sello personal pero tambi\u00e9n con un registro cercano al de Mar\u00eda Gra\u00f1a o la propia Eladia Bl\u00e1zquez, Cuello se embarca en un disco de espesura po\u00e9tica, expresividad estil\u00edstica y un s\u00f3lido encuentro entre voz y piano.<\/p>\n\n\n\n<p class=\"wp-block-paragraph\">\u201cMi ciudad y mi gente\u201d ser\u00e1 presentado en concierto el martes 21 de marzo, a las 20, en el Teatro Picadero.<\/p>\n\n\n\n<p class=\"wp-block-paragraph\">&#x1f3a7; <strong><em><mark style=\"background-color:#fcb900\" class=\"has-inline-color\">Escuch\u00e1 Mi ciudad y mi gente, de In\u00e9s Cuello:<\/mark><\/em><\/strong><\/p>\n\n\n\n<figure class=\"wp-block-embed is-type-video is-provider-youtube wp-block-embed-youtube wp-embed-aspect-4-3 wp-has-aspect-ratio\"><div class=\"wp-block-embed__wrapper\">\n<iframe loading=\"lazy\" title=\"El coraz\u00f3n al sur\" width=\"640\" height=\"480\" src=\"https:\/\/www.youtube.com\/embed\/OfPijlJKqFw?feature=oembed\" frameborder=\"0\" allow=\"accelerometer; autoplay; clipboard-write; encrypted-media; gyroscope; picture-in-picture; web-share\" referrerpolicy=\"strict-origin-when-cross-origin\" allowfullscreen><\/iframe>\n<\/div><\/figure>\n\n\n\n<p class=\"wp-block-paragraph\"><\/p>\n\n\n\n<p class=\"wp-block-paragraph\" style=\"font-size:26px\"><strong><mark style=\"background-color:rgba(0, 0, 0, 0);color:#ff0000\" class=\"has-inline-color\">Beorlegui: un puente entre Gardel y Am\u00e1lia Rodrigues<\/mark><\/strong><\/p>\n\n\n\n<p class=\"wp-block-paragraph\">La <strong>cantante Karina Beorlegui <\/strong>acaba de lanzar su cuarto disco. Se trata de <em>Encuentro Am\u00e1lia-Gardel<\/em>, una producci\u00f3n que re\u00fane <strong>tangos y fados <\/strong>y que propone un recorrido por los sonidos de Buenos Aires y Portugal.<\/p>\n\n\n\n<p class=\"wp-block-paragraph\">En la senda de conectar a ambos estilos, Beorlegui refuerza una tarea que viene llevando a cabo desde hace largos a\u00f1os. Es que el tango y el fado se entrecruzan. Han sido reconocidos como Patrimonio Cultural e Inmaterial de la Humanidad y <strong>\u201ctienen mucho en com\u00fan, desde su g\u00e9nesis relacionada con la cultura urbana de los puertos de Lisboa y Buenos Aires<\/strong>, las influencias de las migraciones y los exilios, las tripulaciones y los marineros, los pescadores, los suburbios y la poes\u00eda bohemia\u201d, dice la cantante.<\/p>\n\n\n\n<p class=\"wp-block-paragraph\">Son cuatro fados y cuatro tangos \u2013con arreglos y direcci\u00f3n de Nacho Cabello- que tienen su eje en las figuras de <strong>la fadista Am\u00e1lia Rodrigues y Carlos Gardel<\/strong> y que logran un encuentro entre guitarras caracter\u00edsticas de esos g\u00e9neros en la siempre acertada interpretaci\u00f3n de Karina Beorlegui.<\/p>\n\n\n\n<p class=\"wp-block-paragraph\">&#x1f3a4; <strong><em><mark style=\"background-color:#fcb900\" class=\"has-inline-color\">Escuch\u00e1 completo Encuentro Am\u00e1lia-Gardel, de Karina Beorlegui:<\/mark><\/em><\/strong><\/p>\n\n\n\n<iframe style=\"border-radius:12px\" src=\"https:\/\/open.spotify.com\/embed\/album\/4xFCjuRm0iAbHzXxUISTtF?utm_source=generator\" width=\"100%\" height=\"352\" frameBorder=\"0\" allowfullscreen=\"\" allow=\"autoplay; clipboard-write; encrypted-media; fullscreen; picture-in-picture\" loading=\"lazy\"><\/iframe>\n","protected":false},"excerpt":{"rendered":"<p>Grecia, Buenos Aires y Portugal se cruzan en estos nuevos lanzamientos de discos de tango.<\/p>\n","protected":false},"author":1,"featured_media":8235,"comment_status":"open","ping_status":"open","sticky":false,"template":"","format":"standard","meta":{"footnotes":""},"categories":[3],"tags":[32,444,519,201,111,541],"class_list":["post-8234","post","type-post","status-publish","format-standard","has-post-thumbnail","hentry","category-noticias","tag-featured","tag-ines-cuello","tag-karina-beorlegui","tag-picadito","tag-tango","tag-thanasis-karamintzios"],"_links":{"self":[{"href":"https:\/\/www.fracturaexpuesta.com.ar\/tango\/wp-json\/wp\/v2\/posts\/8234","targetHints":{"allow":["GET"]}}],"collection":[{"href":"https:\/\/www.fracturaexpuesta.com.ar\/tango\/wp-json\/wp\/v2\/posts"}],"about":[{"href":"https:\/\/www.fracturaexpuesta.com.ar\/tango\/wp-json\/wp\/v2\/types\/post"}],"author":[{"embeddable":true,"href":"https:\/\/www.fracturaexpuesta.com.ar\/tango\/wp-json\/wp\/v2\/users\/1"}],"replies":[{"embeddable":true,"href":"https:\/\/www.fracturaexpuesta.com.ar\/tango\/wp-json\/wp\/v2\/comments?post=8234"}],"version-history":[{"count":5,"href":"https:\/\/www.fracturaexpuesta.com.ar\/tango\/wp-json\/wp\/v2\/posts\/8234\/revisions"}],"predecessor-version":[{"id":8241,"href":"https:\/\/www.fracturaexpuesta.com.ar\/tango\/wp-json\/wp\/v2\/posts\/8234\/revisions\/8241"}],"wp:featuredmedia":[{"embeddable":true,"href":"https:\/\/www.fracturaexpuesta.com.ar\/tango\/wp-json\/wp\/v2\/media\/8235"}],"wp:attachment":[{"href":"https:\/\/www.fracturaexpuesta.com.ar\/tango\/wp-json\/wp\/v2\/media?parent=8234"}],"wp:term":[{"taxonomy":"category","embeddable":true,"href":"https:\/\/www.fracturaexpuesta.com.ar\/tango\/wp-json\/wp\/v2\/categories?post=8234"},{"taxonomy":"post_tag","embeddable":true,"href":"https:\/\/www.fracturaexpuesta.com.ar\/tango\/wp-json\/wp\/v2\/tags?post=8234"}],"curies":[{"name":"wp","href":"https:\/\/api.w.org\/{rel}","templated":true}]}}