{"id":8285,"date":"2023-03-06T21:08:27","date_gmt":"2023-03-06T21:08:27","guid":{"rendered":"https:\/\/www.fracturaexpuesta.com.ar\/tango\/?p=8285"},"modified":"2023-03-06T22:01:35","modified_gmt":"2023-03-06T22:01:35","slug":"murio-el-bandoneonista-roberto-alvarez-director-de-la-orquesta-color-tango","status":"publish","type":"post","link":"https:\/\/www.fracturaexpuesta.com.ar\/tango\/murio-el-bandoneonista-roberto-alvarez-director-de-la-orquesta-color-tango\/","title":{"rendered":"Muri\u00f3 el bandoneonista Roberto \u00c1lvarez, director de la orquesta Color Tango"},"content":{"rendered":"\n<p class=\"wp-block-paragraph\">El bandoneonista Roberto \u00c1lvarez, director y fundador de la Orquesta Color Tango, <strong>falleci\u00f3 este domingo a los 82 a\u00f1os<\/strong>, seg\u00fan inform\u00f3 la Academia Nacional del Tango. <\/p>\n\n\n\n<p class=\"wp-block-paragraph\">Recordado por su participaci\u00f3n en <strong>la Orquesta T\u00edpica de Osvaldo Pugliese<\/strong> durante m\u00e1s de 10 a\u00f1os, \u00c1lvarez acompa\u00f1\u00f3 tambi\u00e9n a reconocidos cantantes como Roberto Goyeneche, Alberto Marino y Floreal Ruiz. <\/p>\n\n\n\n<p class=\"wp-block-paragraph\">\u201cSus restos descansar\u00e1n en <strong>Chacabuco, su pueblo natal<\/strong>\u201d, inform\u00f3 el comunicado de la mencionada entidad. <\/p>\n\n\n\n<p class=\"wp-block-paragraph\">En su cuenta de Facebook, sus compa\u00f1eros de la legendaria Orquesta Color Tango se despidieron del bandoneonista. \u201c<strong>Gracias Rober querido por tu m\u00fasica y tus ense\u00f1anzas<\/strong>. Los m\u00fasicos que te acompa\u00f1amos tantos a\u00f1os, cuidaremos y difundiremos tu legado. Te vamos a extra\u00f1ar\u00bb, expresaron. <\/p>\n\n\n\n<p class=\"wp-block-paragraph\">Fue <strong>en 1989 cuando \u00c1lvarez cre\u00f3 Color Tango<\/strong>, formaci\u00f3n que comand\u00f3 durante m\u00e1s de tres d\u00e9cadas y que debut\u00f3 en Holanda con una gira de 30 conciertos y en cuyo repertorio imprimi\u00f3 el estilo de Pugliese.<\/p>\n\n\n\n<p class=\"wp-block-paragraph\">Compuso, entre otros tangos, \u201cChabuqueando\u201d, \u201cPilo\u201d, \u201cTango a Pugliese\u201d y \u201cMaypa\u201d.<\/p>\n\n\n\n<p class=\"wp-block-paragraph\">El instrumentista, compositor y arreglador <strong>hab\u00eda nacido el 7 de mayo de 1940<\/strong> <strong>en la localidad bonaerense de Chacabuco<\/strong> y a los ocho a\u00f1os comenz\u00f3 a estudiar teor\u00eda y solfeo con H\u00e9ctor Marseletti, quien lo sum\u00f3 a su formaci\u00f3n cuando tan solo ten\u00eda 14 a\u00f1os. <\/p>\n\n\n\n<figure class=\"wp-block-embed is-type-video is-provider-youtube wp-block-embed-youtube wp-embed-aspect-4-3 wp-has-aspect-ratio\"><div class=\"wp-block-embed__wrapper\">\n<iframe loading=\"lazy\" title=\"Color Tango de Roberto Alvarez en Japon - Chacabuqueando\" width=\"640\" height=\"480\" src=\"https:\/\/www.youtube.com\/embed\/mJkX7Wh0LCg?feature=oembed\" frameborder=\"0\" allow=\"accelerometer; autoplay; clipboard-write; encrypted-media; gyroscope; picture-in-picture; web-share\" referrerpolicy=\"strict-origin-when-cross-origin\" allowfullscreen><\/iframe>\n<\/div><\/figure>\n\n\n\n<p class=\"wp-block-paragraph\"><\/p>\n\n\n\n<figure class=\"wp-block-embed is-type-video is-provider-youtube wp-block-embed-youtube wp-embed-aspect-4-3 wp-has-aspect-ratio\"><div class=\"wp-block-embed__wrapper\">\n<iframe loading=\"lazy\" title=\"ROBERTO ALVAREZ   COLOR TANGO SE PRESENTO EN EL TEATRO ITALIANO\" width=\"640\" height=\"480\" src=\"https:\/\/www.youtube.com\/embed\/VccCGWpSSlI?feature=oembed\" frameborder=\"0\" allow=\"accelerometer; autoplay; clipboard-write; encrypted-media; gyroscope; picture-in-picture; web-share\" referrerpolicy=\"strict-origin-when-cross-origin\" allowfullscreen><\/iframe>\n<\/div><\/figure>\n\n\n\n<p class=\"wp-block-paragraph\"><\/p>\n\n\n\n<p class=\"wp-block-paragraph\"><em><mark style=\"background-color:rgba(0, 0, 0, 0)\" class=\"has-inline-color has-cyan-bluish-gray-color\"><sup>Con informaci\u00f3n de T\u00e9lam.<\/sup><\/mark><\/em><\/p>\n","protected":false},"excerpt":{"rendered":"<p>El bandoneonista, director, compositor y arreglador falleci\u00f3 a los 82 a\u00f1os.<\/p>\n","protected":false},"author":1,"featured_media":8286,"comment_status":"open","ping_status":"open","sticky":false,"template":"","format":"standard","meta":{"footnotes":""},"categories":[3],"tags":[32,543,171,134,542,111],"class_list":["post-8285","post","type-post","status-publish","format-standard","has-post-thumbnail","hentry","category-noticias","tag-featured","tag-orquesta-color-tango","tag-osvaldo-pugliese","tag-pugliese","tag-roberto-alvarez","tag-tango"],"_links":{"self":[{"href":"https:\/\/www.fracturaexpuesta.com.ar\/tango\/wp-json\/wp\/v2\/posts\/8285","targetHints":{"allow":["GET"]}}],"collection":[{"href":"https:\/\/www.fracturaexpuesta.com.ar\/tango\/wp-json\/wp\/v2\/posts"}],"about":[{"href":"https:\/\/www.fracturaexpuesta.com.ar\/tango\/wp-json\/wp\/v2\/types\/post"}],"author":[{"embeddable":true,"href":"https:\/\/www.fracturaexpuesta.com.ar\/tango\/wp-json\/wp\/v2\/users\/1"}],"replies":[{"embeddable":true,"href":"https:\/\/www.fracturaexpuesta.com.ar\/tango\/wp-json\/wp\/v2\/comments?post=8285"}],"version-history":[{"count":13,"href":"https:\/\/www.fracturaexpuesta.com.ar\/tango\/wp-json\/wp\/v2\/posts\/8285\/revisions"}],"predecessor-version":[{"id":8302,"href":"https:\/\/www.fracturaexpuesta.com.ar\/tango\/wp-json\/wp\/v2\/posts\/8285\/revisions\/8302"}],"wp:featuredmedia":[{"embeddable":true,"href":"https:\/\/www.fracturaexpuesta.com.ar\/tango\/wp-json\/wp\/v2\/media\/8286"}],"wp:attachment":[{"href":"https:\/\/www.fracturaexpuesta.com.ar\/tango\/wp-json\/wp\/v2\/media?parent=8285"}],"wp:term":[{"taxonomy":"category","embeddable":true,"href":"https:\/\/www.fracturaexpuesta.com.ar\/tango\/wp-json\/wp\/v2\/categories?post=8285"},{"taxonomy":"post_tag","embeddable":true,"href":"https:\/\/www.fracturaexpuesta.com.ar\/tango\/wp-json\/wp\/v2\/tags?post=8285"}],"curies":[{"name":"wp","href":"https:\/\/api.w.org\/{rel}","templated":true}]}}