{"id":8395,"date":"2023-04-14T18:16:22","date_gmt":"2023-04-14T18:16:22","guid":{"rendered":"https:\/\/www.fracturaexpuesta.com.ar\/tango\/?p=8395"},"modified":"2023-04-14T18:34:56","modified_gmt":"2023-04-14T18:34:56","slug":"quienes-son-los-artistas-de-tango-nominados-a-los-premios-gardel-2023","status":"publish","type":"post","link":"https:\/\/www.fracturaexpuesta.com.ar\/tango\/quienes-son-los-artistas-de-tango-nominados-a-los-premios-gardel-2023\/","title":{"rendered":"\u00bfQui\u00e9nes son los artistas de tango nominados a los Premios Gardel 2023?"},"content":{"rendered":"\n<p class=\"wp-block-paragraph\">La industria discogr\u00e1fica argentina dio a conocer recientemente la lista de artistas y obras finalistas que participar\u00e1n en la edici\u00f3n 2023 de los Premios Gardel.<\/p>\n\n\n\n<p class=\"wp-block-paragraph\">Entre las distintas categor\u00edas, el tango tiene su lugar con diversas ternas que reconocen a grupos, solistas y composiciones de ese g\u00e9nero musical.<\/p>\n\n\n\n<p class=\"wp-block-paragraph\"><strong>Julieta Laso y Lidia Borda -ambas con dos nominaciones- Amores Tangos, el Quinteto Negro La Boca e In\u00e9s Cuello<\/strong> son algunos de los nominados que estar\u00e1n en la entrega de premios prevista para el <strong>16 de mayo<\/strong>.<\/p>\n\n\n\n<p class=\"wp-block-paragraph\">Los finalistas de las categor\u00edas de tango:<\/p>\n\n\n\n<p class=\"wp-block-paragraph\" style=\"font-size:26px\"><strong>Mejor \u00c1lbum Orquesta y\/o Grupo De Tango y\/o Instrumental:<\/strong><\/p>\n\n\n\n<p class=\"wp-block-paragraph\">&#x1f3c6; <em>Spinettango<\/em> &#8211; Spinettango<\/p>\n\n\n\n<p class=\"wp-block-paragraph\"><em>&#x1f3c6;<\/em> <em>El hilo invisible <\/em>&#8211; Lidia Borda y Luis Borda<\/p>\n\n\n\n<p class=\"wp-block-paragraph\">&#x1f3c6; <em>Milonga universal<\/em> &#8211; Amores tangos<\/p>\n\n\n\n<figure class=\"wp-block-embed is-type-video is-provider-youtube wp-block-embed-youtube wp-embed-aspect-4-3 wp-has-aspect-ratio\"><div class=\"wp-block-embed__wrapper\">\n<iframe loading=\"lazy\" title=\"Milonga Universal\" width=\"640\" height=\"480\" src=\"https:\/\/www.youtube.com\/embed\/zEbvseTgQJg?feature=oembed\" frameborder=\"0\" allow=\"accelerometer; autoplay; clipboard-write; encrypted-media; gyroscope; picture-in-picture; web-share\" referrerpolicy=\"strict-origin-when-cross-origin\" allowfullscreen><\/iframe>\n<\/div><\/figure>\n\n\n\n<p class=\"wp-block-paragraph\"><\/p>\n\n\n\n<p class=\"wp-block-paragraph\" style=\"font-size:26px\"><strong>Mejor Canci\u00f3n de Tango:<\/strong><\/p>\n\n\n\n<p class=\"wp-block-paragraph\">&#x1f3c6; \u00abCoraz\u00f3n maldito\u00bb &#8211; Julieta Laso<\/p>\n\n\n\n<p class=\"wp-block-paragraph\">&#x1f3c6; \u00abVuelvo al Sur\u00bb &#8211; Lidia Borda, Luis Borda<\/p>\n\n\n\n<p class=\"wp-block-paragraph\">&#x1f3c6; \u00abOda a las huelgas patag\u00f3nicas\u00bb &#8211; Quinteto Negro La Boca, Ana Stamponi y Ernesto Zeppa<\/p>\n\n\n\n<figure class=\"wp-block-embed is-type-video is-provider-youtube wp-block-embed-youtube wp-embed-aspect-4-3 wp-has-aspect-ratio\"><div class=\"wp-block-embed__wrapper\">\n<iframe loading=\"lazy\" title=\"Coraz\u00f3n Maldito\" width=\"640\" height=\"480\" src=\"https:\/\/www.youtube.com\/embed\/IHhvt2s1XUw?feature=oembed\" frameborder=\"0\" allow=\"accelerometer; autoplay; clipboard-write; encrypted-media; gyroscope; picture-in-picture; web-share\" referrerpolicy=\"strict-origin-when-cross-origin\" allowfullscreen><\/iframe>\n<\/div><\/figure>\n\n\n\n<p class=\"wp-block-paragraph\"><\/p>\n\n\n\n<p class=\"wp-block-paragraph\" style=\"font-size:26px\"><strong>Mejor \u00c1lbum Artista de Tango:<\/strong><\/p>\n\n\n\n<p class=\"wp-block-paragraph\">&#x1f3c6; <em>Cabeza negra<\/em> &#8211; Julieta Laso<\/p>\n\n\n\n<p class=\"wp-block-paragraph\">&#x1f3c6; <em>Viejo Buenos Aires<\/em> &#8211; Ariel Ardit<\/p>\n\n\n\n<p class=\"wp-block-paragraph\">&#x1f3c6; <em>Mi ciudad y mi gente<\/em> &#8211; In\u00e9s Cuello<\/p>\n\n\n\n<figure class=\"wp-block-embed is-type-video is-provider-youtube wp-block-embed-youtube wp-embed-aspect-4-3 wp-has-aspect-ratio\"><div class=\"wp-block-embed__wrapper\">\n<iframe loading=\"lazy\" title=\"El coraz\u00f3n al sur\" width=\"640\" height=\"480\" src=\"https:\/\/www.youtube.com\/embed\/OfPijlJKqFw?feature=oembed\" frameborder=\"0\" allow=\"accelerometer; autoplay; clipboard-write; encrypted-media; gyroscope; picture-in-picture; web-share\" referrerpolicy=\"strict-origin-when-cross-origin\" allowfullscreen><\/iframe>\n<\/div><\/figure>\n","protected":false},"excerpt":{"rendered":"<p>La entrega de premios se llevar\u00e1 adelante el 16 de mayo.<\/p>\n","protected":false},"author":1,"featured_media":8397,"comment_status":"open","ping_status":"open","sticky":false,"template":"","format":"standard","meta":{"footnotes":""},"categories":[3],"tags":[126,547,32,444,103,202,193,112,494,111],"class_list":["post-8395","post","type-post","status-publish","format-standard","has-post-thumbnail","hentry","category-noticias","tag-amores-tangos","tag-ariel-ardit","tag-featured","tag-ines-cuello","tag-julieta-laso","tag-lidia-borda","tag-premios-gardel","tag-quinteto-negro-la-boca","tag-spinettango","tag-tango"],"_links":{"self":[{"href":"https:\/\/www.fracturaexpuesta.com.ar\/tango\/wp-json\/wp\/v2\/posts\/8395","targetHints":{"allow":["GET"]}}],"collection":[{"href":"https:\/\/www.fracturaexpuesta.com.ar\/tango\/wp-json\/wp\/v2\/posts"}],"about":[{"href":"https:\/\/www.fracturaexpuesta.com.ar\/tango\/wp-json\/wp\/v2\/types\/post"}],"author":[{"embeddable":true,"href":"https:\/\/www.fracturaexpuesta.com.ar\/tango\/wp-json\/wp\/v2\/users\/1"}],"replies":[{"embeddable":true,"href":"https:\/\/www.fracturaexpuesta.com.ar\/tango\/wp-json\/wp\/v2\/comments?post=8395"}],"version-history":[{"count":2,"href":"https:\/\/www.fracturaexpuesta.com.ar\/tango\/wp-json\/wp\/v2\/posts\/8395\/revisions"}],"predecessor-version":[{"id":8398,"href":"https:\/\/www.fracturaexpuesta.com.ar\/tango\/wp-json\/wp\/v2\/posts\/8395\/revisions\/8398"}],"wp:featuredmedia":[{"embeddable":true,"href":"https:\/\/www.fracturaexpuesta.com.ar\/tango\/wp-json\/wp\/v2\/media\/8397"}],"wp:attachment":[{"href":"https:\/\/www.fracturaexpuesta.com.ar\/tango\/wp-json\/wp\/v2\/media?parent=8395"}],"wp:term":[{"taxonomy":"category","embeddable":true,"href":"https:\/\/www.fracturaexpuesta.com.ar\/tango\/wp-json\/wp\/v2\/categories?post=8395"},{"taxonomy":"post_tag","embeddable":true,"href":"https:\/\/www.fracturaexpuesta.com.ar\/tango\/wp-json\/wp\/v2\/tags?post=8395"}],"curies":[{"name":"wp","href":"https:\/\/api.w.org\/{rel}","templated":true}]}}