{"id":8423,"date":"2023-04-27T15:42:54","date_gmt":"2023-04-27T18:42:54","guid":{"rendered":"https:\/\/www.fracturaexpuesta.com.ar\/tango\/?p=8423"},"modified":"2023-04-27T15:49:02","modified_gmt":"2023-04-27T18:49:02","slug":"esa-forma-de-amor-juguetona-y-naif","status":"publish","type":"post","link":"https:\/\/www.fracturaexpuesta.com.ar\/tango\/esa-forma-de-amor-juguetona-y-naif\/","title":{"rendered":"Esa forma de amor juguetona y naif"},"content":{"rendered":"\n<p class=\"wp-block-paragraph\">Doble A, la radio online  de tango de Fractura Expuesta, presenta un <strong>nuevo cap\u00edtulo del micro radial <em>La Otra Orilla<\/em><\/strong>, el espacio que conduce el escritor y ensayista uruguayo Jos\u00e9 Arenas.<\/p>\n\n\n\n<p class=\"wp-block-paragraph\">Esta vez, Arenas examina con su escucha rigurosa <strong>el fado \u00abCaprichosa\u00bb<\/strong>, una composici\u00f3n de Froil\u00e1n Aguilar (1930) que populariz\u00f3 Carlos Gardel en tiempos en los que el tango \u00aba\u00fan experimentaba un repertorio ecl\u00e9ctico que inclu\u00eda otros ritmos, otras formas y tem\u00e1ticas po\u00e9ticas\u00bb.<\/p>\n\n\n\n<p class=\"wp-block-paragraph\">\u00abEspecialmente en la d\u00e9cada del 20 y el 30, entre las figuras de las cancionistas y los cantores nacionales, con <strong>los primeros tangos se mezclaban canciones espa\u00f1olas, italianas, francesas, ritmos criollos o europeos\u00bb<\/strong>, contextualiza Arenas. Y agrega: \u00abEl fado como g\u00e9nero es la canci\u00f3n m\u00e1s popular de la m\u00fasica portuguesa, es la esencia del alma cantora de los puertos de Portugal, el llanto del esp\u00edritu de aquellas latitudes\u00bb.<\/p>\n\n\n\n<p class=\"wp-block-paragraph\">Sobre el eje tem\u00e1tico de la obra, dice el conductor uruguayo: \u00abEn esa forma de amor que Aguilar crea, juguetona y naif, reside parte del \u00e9xito del tema; el capricho como \u00e9tica sentimental\u00bb.<\/p>\n\n\n\n<p class=\"wp-block-paragraph\">Se escucha la versi\u00f3n que realiz\u00f3 la cantante argentina <strong>Karina Beorlegui<\/strong>.<\/p>\n\n\n\n<p class=\"wp-block-paragraph\">&#x1f3a7; <strong><mark style=\"background-color:#fcb900\" class=\"has-inline-color\">Escuchar el cap\u00edtulo N\u00ba 20 \u00abCaprichosa\u00bb de La Otra Orilla:<\/mark><\/strong><\/p>\n\n\n\n<figure class=\"wp-block-embed is-type-video is-provider-youtube wp-block-embed-youtube wp-embed-aspect-16-9 wp-has-aspect-ratio\"><div class=\"wp-block-embed__wrapper\">\n<iframe loading=\"lazy\" title=\"CAP. 20 &quot;Caprichosa&quot; - La otra orilla con Jos\u00e9 Arenas (\ud83d\udcfb Doble A | Radio Tango)\" width=\"640\" height=\"360\" src=\"https:\/\/www.youtube.com\/embed\/jnFSVasqWpI?feature=oembed\" frameborder=\"0\" allow=\"accelerometer; autoplay; clipboard-write; encrypted-media; gyroscope; picture-in-picture; web-share\" referrerpolicy=\"strict-origin-when-cross-origin\" allowfullscreen><\/iframe>\n<\/div><\/figure>\n\n\n\n<p class=\"wp-block-paragraph\"><\/p>\n\n\n\n<p class=\"has-text-color wp-block-paragraph\" style=\"color:#ff0000;font-size:26px\"><strong>Sobre La Otra Orilla<\/strong><\/p>\n\n\n\n<p class=\"wp-block-paragraph\">El micro radial La Otra Orilla es una producci\u00f3n conjunta de <strong>Jos\u00e9 Arenas y Doble A<\/strong> que revaloriza la <strong>contribuci\u00f3n de la creaci\u00f3n uruguaya al cancionero de la m\u00fasica popular urbana<\/strong>.<\/p>\n\n\n\n<p class=\"wp-block-paragraph\">Un espacio armado y pensado para ofrecer un panorama del tango actual en Uruguay\u200b\u200b, rescatar algunas joyas olvidadas del repertorio ciudadano de ese pa\u00eds y proponer claves de lectura y escucha en la l\u00edrica del tango cantado.<\/p>\n\n\n\n<p class=\"wp-block-paragraph\"><em>Escuch\u00e1 La Otra Orilla y todos sus cap\u00edtulos en la programaci\u00f3n diaria de Doble A<\/em> <a href=\"https:\/\/www.fracturaexpuesta.com.ar\/doblearadio\/\" target=\"_blank\" rel=\"noopener\" title=\"\"><em><strong>www.fracturaexpuesta.com.ar\/doblearadio<\/strong><\/em><\/a><\/p>\n\n\n\n<p class=\"wp-block-paragraph\"><\/p>\n\n\n\n<p class=\"wp-block-paragraph\"><\/p>\n","protected":false},"excerpt":{"rendered":"<p>Conducido por el escritor y letrista Jos\u00e9 Arenas, el episodio m\u00e1s reciente del micro radial indaga en \u00abCaprichosa\u00bb, con letra y m\u00fasica del uruguayo Froil\u00e1n Aguilar.<\/p>\n","protected":false},"author":1,"featured_media":8424,"comment_status":"open","ping_status":"open","sticky":false,"template":"","format":"standard","meta":{"footnotes":""},"categories":[298],"tags":[319,32,299,519,300,332],"class_list":["post-8423","post","type-post","status-publish","format-standard","has-post-thumbnail","hentry","category-doble-a","tag-doblearadio","tag-featured","tag-jose-arenas","tag-karina-beorlegui","tag-la-otra-orilla","tag-uruguay"],"_links":{"self":[{"href":"https:\/\/www.fracturaexpuesta.com.ar\/tango\/wp-json\/wp\/v2\/posts\/8423","targetHints":{"allow":["GET"]}}],"collection":[{"href":"https:\/\/www.fracturaexpuesta.com.ar\/tango\/wp-json\/wp\/v2\/posts"}],"about":[{"href":"https:\/\/www.fracturaexpuesta.com.ar\/tango\/wp-json\/wp\/v2\/types\/post"}],"author":[{"embeddable":true,"href":"https:\/\/www.fracturaexpuesta.com.ar\/tango\/wp-json\/wp\/v2\/users\/1"}],"replies":[{"embeddable":true,"href":"https:\/\/www.fracturaexpuesta.com.ar\/tango\/wp-json\/wp\/v2\/comments?post=8423"}],"version-history":[{"count":5,"href":"https:\/\/www.fracturaexpuesta.com.ar\/tango\/wp-json\/wp\/v2\/posts\/8423\/revisions"}],"predecessor-version":[{"id":8429,"href":"https:\/\/www.fracturaexpuesta.com.ar\/tango\/wp-json\/wp\/v2\/posts\/8423\/revisions\/8429"}],"wp:featuredmedia":[{"embeddable":true,"href":"https:\/\/www.fracturaexpuesta.com.ar\/tango\/wp-json\/wp\/v2\/media\/8424"}],"wp:attachment":[{"href":"https:\/\/www.fracturaexpuesta.com.ar\/tango\/wp-json\/wp\/v2\/media?parent=8423"}],"wp:term":[{"taxonomy":"category","embeddable":true,"href":"https:\/\/www.fracturaexpuesta.com.ar\/tango\/wp-json\/wp\/v2\/categories?post=8423"},{"taxonomy":"post_tag","embeddable":true,"href":"https:\/\/www.fracturaexpuesta.com.ar\/tango\/wp-json\/wp\/v2\/tags?post=8423"}],"curies":[{"name":"wp","href":"https:\/\/api.w.org\/{rel}","templated":true}]}}