{"id":8500,"date":"2023-05-14T22:16:26","date_gmt":"2023-05-15T01:16:26","guid":{"rendered":"https:\/\/www.fracturaexpuesta.com.ar\/tango\/?p=8500"},"modified":"2023-05-14T23:17:29","modified_gmt":"2023-05-15T02:17:29","slug":"picadito-de-tango-51-reliquias-y-discos","status":"publish","type":"post","link":"https:\/\/www.fracturaexpuesta.com.ar\/tango\/picadito-de-tango-51-reliquias-y-discos\/","title":{"rendered":"Picadito de tango #51: reliquias y discos"},"content":{"rendered":"\n<p class=\"has-text-color wp-block-paragraph\" style=\"color:#ff0000;font-size:26px\"><strong>Los del tango (y por fuera del radar de las plataformas)<\/strong><\/p>\n\n\n\n<p class=\"wp-block-paragraph\">Desde Rosario, la Orquesta de Carlos Quilici dio a conocer su disco <em><strong>Nosotros los del tango<\/strong><\/em>.<\/p>\n\n\n\n<p class=\"wp-block-paragraph\">Con la participaci\u00f3n de <strong>Leonel Capitano, Lautaro Kalle<\/strong>r y el reconocido bandoneonista <strong>Rodolfo \u201cCholo\u201d Montironi,<\/strong> de 91 a\u00f1os, la orquesta presenta un repertorio propio con la mejor tradici\u00f3n del corte cl\u00e1sico tanguero.<\/p>\n\n\n<div class=\"wp-block-image\">\n<figure class=\"aligncenter size-large\"><img loading=\"lazy\" decoding=\"async\" width=\"1024\" height=\"922\" src=\"https:\/\/www.fracturaexpuesta.com.ar\/tango\/wp-content\/uploads\/carlos-quilici-1024x922.jpg\" alt=\"\" class=\"wp-image-8501\" srcset=\"https:\/\/www.fracturaexpuesta.com.ar\/tango\/wp-content\/uploads\/carlos-quilici-1024x922.jpg 1024w, https:\/\/www.fracturaexpuesta.com.ar\/tango\/wp-content\/uploads\/carlos-quilici-300x270.jpg 300w, https:\/\/www.fracturaexpuesta.com.ar\/tango\/wp-content\/uploads\/carlos-quilici-768x691.jpg 768w, https:\/\/www.fracturaexpuesta.com.ar\/tango\/wp-content\/uploads\/carlos-quilici-1536x1383.jpg 1536w, https:\/\/www.fracturaexpuesta.com.ar\/tango\/wp-content\/uploads\/carlos-quilici.jpg 1653w\" sizes=\"auto, (max-width: 1024px) 100vw, 1024px\" \/><\/figure>\n<\/div>\n\n\n<p class=\"wp-block-paragraph\"><\/p>\n\n\n\n<p class=\"wp-block-paragraph\">\u201cHacer buen tango, nutri\u00e9ndose de los grandes referentes del g\u00e9nero y con el dif\u00edcil objetivo de <strong>adquirir una sonoridad original<\/strong>\u201d, dice el bandoneonista Quilici sobre un \u00e1lbum de 8 composiciones compartidas con Capitano, Kaller y Montironi.<\/p>\n\n\n\n<p class=\"wp-block-paragraph\">El disco se consigue a pedido mediante correo electr\u00f3nico o las <a href=\"https:\/\/www.facebook.com\/otcarlosquilici\" target=\"_blank\" rel=\"noopener\" title=\"\">redes sociales de la orquesta<\/a>. \u201cEs por una decisi\u00f3n propia basada en el hecho de <strong>las m\u00ednimas y escasas regal\u00edas que dichas plataformas le otorgan al artista<\/strong>. Por lo tanto, y justamente para que el r\u00e9dito que pueda generarse llegue directamente al m\u00fasico, se distribuye de manera independiente\u201d, indicaron desde la orquesta.<\/p>\n\n\n\n<figure class=\"wp-block-embed is-type-video is-provider-youtube wp-block-embed-youtube wp-embed-aspect-16-9 wp-has-aspect-ratio\"><div class=\"wp-block-embed__wrapper\">\n<iframe loading=\"lazy\" title=\"Nosotros los del tango - Cholo Montironi con la Orquesta de Carlos Quilici\" width=\"640\" height=\"360\" src=\"https:\/\/www.youtube.com\/embed\/u7DjCeNz8w0?feature=oembed\" frameborder=\"0\" allow=\"accelerometer; autoplay; clipboard-write; encrypted-media; gyroscope; picture-in-picture; web-share\" referrerpolicy=\"strict-origin-when-cross-origin\" allowfullscreen><\/iframe>\n<\/div><\/figure>\n\n\n\n<p class=\"wp-block-paragraph\"><\/p>\n\n\n\n<p class=\"has-text-color wp-block-paragraph\" style=\"color:#fb0000;font-size:26px\"><strong>Roba en el super<\/strong><\/p>\n\n\n\n<p class=\"wp-block-paragraph\"><strong>Bordonasnocromo<\/strong> present\u00f3 recientemente un nuevo disco bajo el t\u00edtulo <em><strong>Roba en el s\u00faper<\/strong><\/em>.<\/p>\n\n\n\n<p class=\"wp-block-paragraph\">Se trata del cuarto del \u00e1lbum de un grupo que exhibe una propuesta bien cercana al <strong>tango de estos tiempos,<\/strong> con una po\u00e9tica que entrecruza tango y rock y un sonido potente de guitarras densas que en ocasiones pueden cambiar su color a trav\u00e9s del procesamiento de efectos.<\/p>\n\n\n\n<figure class=\"wp-block-image size-full\"><img loading=\"lazy\" decoding=\"async\" width=\"1000\" height=\"667\" src=\"https:\/\/www.fracturaexpuesta.com.ar\/tango\/wp-content\/uploads\/bordonasnocromo-tango.jpg\" alt=\"\" class=\"wp-image-8506\" srcset=\"https:\/\/www.fracturaexpuesta.com.ar\/tango\/wp-content\/uploads\/bordonasnocromo-tango.jpg 1000w, https:\/\/www.fracturaexpuesta.com.ar\/tango\/wp-content\/uploads\/bordonasnocromo-tango-300x200.jpg 300w, https:\/\/www.fracturaexpuesta.com.ar\/tango\/wp-content\/uploads\/bordonasnocromo-tango-768x512.jpg 768w\" sizes=\"auto, (max-width: 1000px) 100vw, 1000px\" \/><figcaption class=\"wp-element-caption\"><em><sup><mark style=\"background-color:rgba(0, 0, 0, 0)\" class=\"has-inline-color has-cyan-bluish-gray-color\">Nuevo disco de Bordonasnocromo.<\/mark><\/sup><\/em><\/figcaption><\/figure>\n\n\n\n<p class=\"wp-block-paragraph\">El material re\u00fane 8 obras originales de corte bien tanguero entre las que se destacan \u201cInstrucciones para robar supermercados\u201d, \u201cPatruya Parla Rock\u201d y \u201cPerdonado sobre el alba\u201d.<\/p>\n\n\n\n<p class=\"wp-block-paragraph\">La presentaci\u00f3n oficial del disco \u2013producido por el contrabajista Yuri Venturin- ser\u00e1 el viernes 30 de junio en el CAFF.<\/p>\n\n\n\n<figure class=\"wp-block-embed is-type-video is-provider-youtube wp-block-embed-youtube wp-embed-aspect-16-9 wp-has-aspect-ratio\"><div class=\"wp-block-embed__wrapper\">\n<iframe loading=\"lazy\" title=\"BordonasNoCromo - Roba En El Super (Full Album) | Tango Nuevo Fusi\u00f3n Rock #tangoargentino\" width=\"640\" height=\"360\" src=\"https:\/\/www.youtube.com\/embed\/WqXnx-zisxc?feature=oembed\" frameborder=\"0\" allow=\"accelerometer; autoplay; clipboard-write; encrypted-media; gyroscope; picture-in-picture; web-share\" referrerpolicy=\"strict-origin-when-cross-origin\" allowfullscreen><\/iframe>\n<\/div><\/figure>\n\n\n\n<p class=\"wp-block-paragraph\"><\/p>\n\n\n\n<p class=\"has-text-color wp-block-paragraph\" style=\"color:#ff0000;font-size:26px\"><strong>Reliquias de Gardel<\/strong><\/p>\n\n\n\n<p class=\"wp-block-paragraph\">Se puso en marcha la muestra <strong><em>Tesoros del Zorzal<\/em>, una exhibici\u00f3n que presenta documentaci\u00f3n, fotos y objetos<\/strong> que pertenecieron a Carlos Gardel.<\/p>\n\n\n\n<p class=\"wp-block-paragraph\">El conjunto de piezas re\u00fane, adem\u00e1s de material documental, una serie llamativa de objetos personales que Gardel guardaba en su casa del barrio del Abasto a mediados de la d\u00e9cada de \u201920. All\u00ed, Gardel ensayaba, recib\u00eda al periodismo y guardaba los ba\u00fales y elementos de sus viajes. Luego de su fallecimiento, su madre Berta sigui\u00f3 en la casa hasta su muerte en julio de 1943.<\/p>\n\n\n<div class=\"wp-block-image\">\n<figure class=\"aligncenter size-full\"><img loading=\"lazy\" decoding=\"async\" width=\"640\" height=\"480\" src=\"https:\/\/www.fracturaexpuesta.com.ar\/tango\/wp-content\/uploads\/Billetera-con-iniciales-CG-rotated.jpeg\" alt=\"\" class=\"wp-image-8502\" srcset=\"https:\/\/www.fracturaexpuesta.com.ar\/tango\/wp-content\/uploads\/Billetera-con-iniciales-CG-rotated.jpeg 640w, https:\/\/www.fracturaexpuesta.com.ar\/tango\/wp-content\/uploads\/Billetera-con-iniciales-CG-300x225.jpeg 300w\" sizes=\"auto, (max-width: 640px) 100vw, 640px\" \/><figcaption class=\"wp-element-caption\"><em><mark style=\"background-color:rgba(0, 0, 0, 0)\" class=\"has-inline-color has-cyan-bluish-gray-color\"><sup>Una billetera con las siglas de Carlos Gardel.<\/sup><\/mark><\/em><\/figcaption><\/figure>\n<\/div>\n\n\n<p class=\"wp-block-paragraph\">Hoy convertido en la <strong>Casa Museo Carlos Garde<\/strong>l y tras un proceso de remodelaci\u00f3n, el espacio ubicado en <strong>Jean Jaur\u00e9s 735<\/strong> exhibir\u00e1 parte de su acervo junto a documentaci\u00f3n perteneciente al cantor Jos\u00e9 Razzano, al compositor Salvador M\u00e9rico y al periodista Luis Angel Formento, diarios originales de la \u00e9poca y fotos de la colecci\u00f3n de \u00c1ngel Olivieri.<\/p>\n\n\n\n<p class=\"wp-block-paragraph\">La muestra podr\u00e1 visitarse los lunes, mi\u00e9rcoles, jueves y viernes de 11 a 19 y s\u00e1bados, domingos y feriados de 11 a 20. Entrada general $100.<\/p>\n\n\n\n<figure class=\"wp-block-image size-full is-resized\"><img loading=\"lazy\" decoding=\"async\" src=\"https:\/\/www.fracturaexpuesta.com.ar\/tango\/wp-content\/uploads\/GARDEL-EN-JEAN-JAURES-735.jpg\" alt=\"\" class=\"wp-image-8504\" width=\"840\" height=\"498\" srcset=\"https:\/\/www.fracturaexpuesta.com.ar\/tango\/wp-content\/uploads\/GARDEL-EN-JEAN-JAURES-735.jpg 1000w, https:\/\/www.fracturaexpuesta.com.ar\/tango\/wp-content\/uploads\/GARDEL-EN-JEAN-JAURES-735-300x178.jpg 300w, https:\/\/www.fracturaexpuesta.com.ar\/tango\/wp-content\/uploads\/GARDEL-EN-JEAN-JAURES-735-768x456.jpg 768w\" sizes=\"auto, (max-width: 840px) 100vw, 840px\" \/><figcaption class=\"wp-element-caption\"><em><sup><mark style=\"background-color:rgba(0, 0, 0, 0)\" class=\"has-inline-color has-cyan-bluish-gray-color\">Gardel en su casa de la calle Jean Jaur\u00e9s en Abasto.<\/mark><\/sup><\/em><\/figcaption><\/figure>\n","protected":false},"excerpt":{"rendered":"<p>Nuevos lanzamientos y una muestra con objetos personales de Gardel.<\/p>\n","protected":false},"author":1,"featured_media":8507,"comment_status":"open","ping_status":"open","sticky":false,"template":"","format":"standard","meta":{"footnotes":""},"categories":[3],"tags":[263,163,550,32,395,201,111],"class_list":["post-8500","post","type-post","status-publish","format-standard","has-post-thumbnail","hentry","category-noticias","tag-bordonasnocromo","tag-carlos-gardel","tag-carlos-quilici","tag-featured","tag-museo-casa-carlos-gardel","tag-picadito","tag-tango"],"_links":{"self":[{"href":"https:\/\/www.fracturaexpuesta.com.ar\/tango\/wp-json\/wp\/v2\/posts\/8500","targetHints":{"allow":["GET"]}}],"collection":[{"href":"https:\/\/www.fracturaexpuesta.com.ar\/tango\/wp-json\/wp\/v2\/posts"}],"about":[{"href":"https:\/\/www.fracturaexpuesta.com.ar\/tango\/wp-json\/wp\/v2\/types\/post"}],"author":[{"embeddable":true,"href":"https:\/\/www.fracturaexpuesta.com.ar\/tango\/wp-json\/wp\/v2\/users\/1"}],"replies":[{"embeddable":true,"href":"https:\/\/www.fracturaexpuesta.com.ar\/tango\/wp-json\/wp\/v2\/comments?post=8500"}],"version-history":[{"count":8,"href":"https:\/\/www.fracturaexpuesta.com.ar\/tango\/wp-json\/wp\/v2\/posts\/8500\/revisions"}],"predecessor-version":[{"id":8515,"href":"https:\/\/www.fracturaexpuesta.com.ar\/tango\/wp-json\/wp\/v2\/posts\/8500\/revisions\/8515"}],"wp:featuredmedia":[{"embeddable":true,"href":"https:\/\/www.fracturaexpuesta.com.ar\/tango\/wp-json\/wp\/v2\/media\/8507"}],"wp:attachment":[{"href":"https:\/\/www.fracturaexpuesta.com.ar\/tango\/wp-json\/wp\/v2\/media?parent=8500"}],"wp:term":[{"taxonomy":"category","embeddable":true,"href":"https:\/\/www.fracturaexpuesta.com.ar\/tango\/wp-json\/wp\/v2\/categories?post=8500"},{"taxonomy":"post_tag","embeddable":true,"href":"https:\/\/www.fracturaexpuesta.com.ar\/tango\/wp-json\/wp\/v2\/tags?post=8500"}],"curies":[{"name":"wp","href":"https:\/\/api.w.org\/{rel}","templated":true}]}}