{"id":8534,"date":"2023-05-25T12:13:00","date_gmt":"2023-05-25T15:13:00","guid":{"rendered":"https:\/\/www.fracturaexpuesta.com.ar\/tango\/?p=8534"},"modified":"2023-05-25T12:21:00","modified_gmt":"2023-05-25T15:21:00","slug":"declaran-de-interes-cultural-los-20-anos-de-fractura-expuesta","status":"publish","type":"post","link":"https:\/\/www.fracturaexpuesta.com.ar\/tango\/declaran-de-interes-cultural-los-20-anos-de-fractura-expuesta\/","title":{"rendered":"Declaran de \u00abinter\u00e9s cultural\u00bb los 20 a\u00f1os de Fractura Expuesta"},"content":{"rendered":"\n<p class=\"wp-block-paragraph\">Fractura Expuesta cumple 20 a\u00f1os de historia. Bajo ese marco, <strong>el Ministerio de Cultura de la Naci\u00f3n declar\u00f3 de inter\u00e9s cultural <\/strong>el<strong> <\/strong>aniversario del medio de comunicaci\u00f3n.<\/p>\n\n\n\n<p class=\"wp-block-paragraph\">La resoluci\u00f3n, emitida por el organismo nacional, detalla entre sus valoraciones la labor de Fractura Expuesta como medio que \u201cpromueve, difunde, explora y piensa el actual campo art\u00edstico del tango\u201d.<\/p>\n\n\n\n<p class=\"wp-block-paragraph\">Asimismo, se destaca tambi\u00e9n <strong>la contribuci\u00f3n \u201cal est\u00edmulo y fomento del tango\u201d<\/strong> durante las dos d\u00e9cadas de trayectoria ininterrumpida en la difusi\u00f3n de las nuevas expresiones musicales del g\u00e9nero.<\/p>\n\n\n\n<figure class=\"wp-block-image size-full\"><img loading=\"lazy\" decoding=\"async\" width=\"950\" height=\"650\" src=\"https:\/\/www.fracturaexpuesta.com.ar\/tango\/wp-content\/uploads\/post-20.png\" alt=\"\" class=\"wp-image-8524\" srcset=\"https:\/\/www.fracturaexpuesta.com.ar\/tango\/wp-content\/uploads\/post-20.png 950w, https:\/\/www.fracturaexpuesta.com.ar\/tango\/wp-content\/uploads\/post-20-300x205.png 300w, https:\/\/www.fracturaexpuesta.com.ar\/tango\/wp-content\/uploads\/post-20-768x525.png 768w\" sizes=\"auto, (max-width: 950px) 100vw, 950px\" \/><\/figure>\n\n\n\n<p class=\"wp-block-paragraph\"><\/p>\n\n\n\n<p class=\"wp-block-paragraph\">Creada el <strong>22 de mayo de 2003<\/strong>, la iniciativa de comunicaci\u00f3n Fractura Expuesta desarrolla un destacado recorrido radial y web que se despliega a trav\u00e9s de su sitio web <em><strong>fracturaexpuesta.com.ar<\/strong><\/em>, programas realizados en distintas emisoras de AM y FM y la actual <a href=\"https:\/\/www.fracturaexpuesta.com.ar\/doblearadio\/\" target=\"_blank\" rel=\"noopener\" title=\"\"><strong><em>Doble A<\/em><\/strong><\/a>, la radio online que desde hace m\u00e1s de media d\u00e9cada dedica su programaci\u00f3n al <strong>tango del Siglo XXI<\/strong>, siendo una de las pocas experiencias radiof\u00f3nicas vigentes orientadas exclusivamente a ese sector de la cultura argentina.<\/p>\n\n\n\n<p class=\"wp-block-paragraph\">Dicha declaraci\u00f3n <strong>se suma a otros reconocimientos que obtuvo Fractura Expuesta<\/strong> como el Premio \u00c9ter en la categor\u00eda \u201cM\u00fasica en radio\u201d y la menci\u00f3n de inter\u00e9s cultural otorgada por el Congreso Nacional en el marco del 10\u00b0 aniversario del medio.<\/p>\n","protected":false},"excerpt":{"rendered":"<p>Un reconocimiento por los 20 a\u00f1os de Fractura Expuesta y su extenso recorrido radial y web junto al tango de estos tiempos.<\/p>\n","protected":false},"author":1,"featured_media":8535,"comment_status":"open","ping_status":"open","sticky":false,"template":"","format":"standard","meta":{"footnotes":""},"categories":[3],"tags":[32,339,111],"class_list":["post-8534","post","type-post","status-publish","format-standard","has-post-thumbnail","hentry","category-noticias","tag-featured","tag-fractura-expuesta","tag-tango"],"_links":{"self":[{"href":"https:\/\/www.fracturaexpuesta.com.ar\/tango\/wp-json\/wp\/v2\/posts\/8534","targetHints":{"allow":["GET"]}}],"collection":[{"href":"https:\/\/www.fracturaexpuesta.com.ar\/tango\/wp-json\/wp\/v2\/posts"}],"about":[{"href":"https:\/\/www.fracturaexpuesta.com.ar\/tango\/wp-json\/wp\/v2\/types\/post"}],"author":[{"embeddable":true,"href":"https:\/\/www.fracturaexpuesta.com.ar\/tango\/wp-json\/wp\/v2\/users\/1"}],"replies":[{"embeddable":true,"href":"https:\/\/www.fracturaexpuesta.com.ar\/tango\/wp-json\/wp\/v2\/comments?post=8534"}],"version-history":[{"count":4,"href":"https:\/\/www.fracturaexpuesta.com.ar\/tango\/wp-json\/wp\/v2\/posts\/8534\/revisions"}],"predecessor-version":[{"id":8539,"href":"https:\/\/www.fracturaexpuesta.com.ar\/tango\/wp-json\/wp\/v2\/posts\/8534\/revisions\/8539"}],"wp:featuredmedia":[{"embeddable":true,"href":"https:\/\/www.fracturaexpuesta.com.ar\/tango\/wp-json\/wp\/v2\/media\/8535"}],"wp:attachment":[{"href":"https:\/\/www.fracturaexpuesta.com.ar\/tango\/wp-json\/wp\/v2\/media?parent=8534"}],"wp:term":[{"taxonomy":"category","embeddable":true,"href":"https:\/\/www.fracturaexpuesta.com.ar\/tango\/wp-json\/wp\/v2\/categories?post=8534"},{"taxonomy":"post_tag","embeddable":true,"href":"https:\/\/www.fracturaexpuesta.com.ar\/tango\/wp-json\/wp\/v2\/tags?post=8534"}],"curies":[{"name":"wp","href":"https:\/\/api.w.org\/{rel}","templated":true}]}}