{"id":8658,"date":"2023-06-13T22:17:41","date_gmt":"2023-06-14T01:17:41","guid":{"rendered":"https:\/\/www.fracturaexpuesta.com.ar\/tango\/?p=8658"},"modified":"2023-06-13T22:26:41","modified_gmt":"2023-06-14T01:26:41","slug":"picadito-de-tango-52-chileno-platense-y-bonaerense","status":"publish","type":"post","link":"https:\/\/www.fracturaexpuesta.com.ar\/tango\/picadito-de-tango-52-chileno-platense-y-bonaerense\/","title":{"rendered":"Picadito de tango #52: chileno, platense y bonaerense"},"content":{"rendered":"\n<p class=\"has-text-color wp-block-paragraph\" style=\"color:#ff0000;font-size:26px\"><strong>El tango de hoy que llega desde Chile<\/strong><\/p>\n\n\n\n<p class=\"wp-block-paragraph\">Desde Santiago de Chile, el Quinteto del Rev\u00e9s dio a conocer recientemente <em><strong>De tango y otras cicatrices<\/strong><\/em>, segundo \u00e1lbum de estudio de la agrupaci\u00f3n con m\u00e1s de una d\u00e9cada de recorrido musical.<\/p>\n\n\n\n<p class=\"wp-block-paragraph\">Con el lenguaje del tango como punto de partida, el quinteto \u2013<strong>una experiencia pionera del tango contempor\u00e1neo en Chile<\/strong>&#8211; explora una amplia gama de elementos propios del estilo reinterpret\u00e1ndolos con \u201cuna mirada \u00edntima, desprejuiciada y abierta a nuevas posibilidades creativas\u201d.<\/p>\n\n\n\n<p class=\"wp-block-paragraph\"><em>De tango y otras cicatrices<\/em> re\u00fane obra original e interpretaciones como \u201cS\u00f3nico\u201d (Eduardo Rovira) \u201cEl vuelo\u201d (Federico Wolf), \u201cPreludio de los escombros\u201d (Felipe Ch\u00e1vez y Rodrigo Ugarte) y \u201cZamba para que s\u00ed\u201d (Hugo Cruz).<\/p>\n\n\n\n<p class=\"wp-block-paragraph\">Con la colaboraci\u00f3n del cantor argentino Alejandro Guyot y las participaciones de los cantores chilenos Genaro Prieto y Hugo Cruz.<\/p>\n\n\n\n<p class=\"wp-block-paragraph\">&#x1f3a7; <strong><mark style=\"background-color:#fcb900\" class=\"has-inline-color\">Escuch\u00e1 <em>De tango y otras cicatrices<\/em>, del Quinteto del Rev\u00e9s:<\/mark><\/strong><\/p>\n\n\n\n<iframe style=\"border-radius:12px\" src=\"https:\/\/open.spotify.com\/embed\/album\/62hL1gaN7coqTbyalDdVPC?utm_source=generator\" width=\"100%\" height=\"352\" frameBorder=\"0\" allowfullscreen=\"\" allow=\"autoplay; clipboard-write; encrypted-media; fullscreen; picture-in-picture\" loading=\"lazy\"><\/iframe>\n\n\n\n<p class=\"wp-block-paragraph\"><\/p>\n\n\n\n<p class=\"has-text-color wp-block-paragraph\" style=\"color:#ff0000;font-size:26px\"><strong>Los Andamios, sonoridades del R\u00edo de la Plata<\/strong><\/p>\n\n\n\n<p class=\"wp-block-paragraph\">El t<strong>r\u00edo platense Los Andamios presenta <em>Dos<\/em><\/strong>, el segundo disco del ensamble que conforman Juli\u00e1n Rossini (piano y voz), Francisco Cadierno (violonchelo) y Hern\u00e1n Giorcelli (clarinete y clar\u00f3n).<\/p>\n\n\n\n<p class=\"wp-block-paragraph\"><em>Dos<\/em> es un material que se sit\u00faa en las sonoridades y texturas de la m\u00fasica del R\u00edo de la Plata, enmarcados por un abordaje de beats y timbres electr\u00f3nicos. \u201cEl tango y la milonga no se oyen como g\u00e9neros impuestos sino como formas de inspiraci\u00f3n\u201d, mencionan Los Andamios en un disco donde la vitalidad de la instrumentaci\u00f3n act\u00faa como contrapunto del paisaje electr\u00f3nico.<\/p>\n\n\n\n<p class=\"wp-block-paragraph\">Paloma Barrales y Alejandro B\u00e9rtora participan con sus voces como invitados. Barrales en \u201cBrisas\u201d, una canci\u00f3n de Hugo Fatorusso y B\u00e9rtora interpretando \u201cQu\u00e9 pretende usted de mi\u201d, un tango de su autor\u00eda.<\/p>\n\n\n\n<p class=\"wp-block-paragraph\">Los Andamios llegar\u00e1 a la Ciudad de Buenos Aires<strong> el viernes 7 de julio <\/strong>para presentar su disco. Ser\u00e1 en Circe f\u00e1brica de arte junto al tr\u00edo que dirige Amalia Escobar.<\/p>\n\n\n\n<p class=\"wp-block-paragraph\">&#x1f3a7; <mark style=\"background-color:#fcb900\" class=\"has-inline-color\"><strong>Escuch\u00e1 <em>Dos<\/em>, de Los Andamios:<\/strong><\/mark><\/p>\n\n\n\n<iframe style=\"border-radius:12px\" src=\"https:\/\/open.spotify.com\/embed\/album\/1ho2lzpFOLDzQZJ9UZTZZZ?utm_source=generator\" width=\"100%\" height=\"352\" frameBorder=\"0\" allowfullscreen=\"\" allow=\"autoplay; clipboard-write; encrypted-media; fullscreen; picture-in-picture\" loading=\"lazy\"><\/iframe>\n\n\n\n<p class=\"wp-block-paragraph\"><\/p>\n\n\n\n<p class=\"has-text-color wp-block-paragraph\" style=\"color:#ff0000;font-size:26px\"><strong>Agust\u00edn Guerrero Quinteto: \u201cSupratanguismo\u201d<\/strong><\/p>\n\n\n\n<p class=\"wp-block-paragraph\">El quinteto del <strong>pianista y compositor Agust\u00edn Guerrero<\/strong>, oriundo del conurbano sur, acaba de lanzar <strong>Herej\u00eda<\/strong>, un disco breve en el que transforma sonora y estil\u00edsticamente la obra de tres autores europeos.<\/p>\n\n\n\n<p class=\"wp-block-paragraph\">Guerrero moldea con creatividad \u201cMovimiento\u201d de <strong>Claude Debuss<\/strong>y (tercera de las im\u00e1genes para piano), \u00c9gloga II de <strong>\u00cdgor Stravinsky<\/strong> (tercer movimiento del d\u00fao concertante para viol\u00edn y piano) y el 5\u00b0 movimiento del cuarteto de cuerdas n\u00b04 de <strong>B\u00e9la Bart\u00f3k<\/strong>.<\/p>\n\n\n\n<p class=\"wp-block-paragraph\">\u201c\u00bfY el tango?\u201d, preguntar\u00e1n quienes conocen el sendero del pianista. No parece importar eso en un m\u00fasico con naturales inquietudes y un amplio y corroborado aporte al tango. <strong>\u201cLas etiquetas no nos interesan mucho<\/strong>, est\u00e1n buenas para que las pongan otros, hay una que nos gusta y es <strong>Supratanguismo cu\u00e1ntico<\/strong>. No le vemos buen futuro comercial\u201d, ironiza Guerrero que con su nueva apuesta reafirma el principio de \u201clegar algo distintivo, original, aut\u00e9ntico y de calidad\u201d.<\/p>\n\n\n\n<p class=\"wp-block-paragraph\">\u201cLa cultura pas\u00f3 a ser entretenimiento y el arte negocio, solo nos queda entregarnos humildemente a la m\u00fasica y por la m\u00fasica\u201d, expresan desde el quinteto como parte de la propuesta de <em>Herej\u00eda<\/em>.<\/p>\n\n\n\n<p class=\"wp-block-paragraph\">&#x1f3a7; <strong><mark style=\"background-color:#fcb900\" class=\"has-inline-color\">Escuch\u00e1 <em>Herej\u00eda<\/em>, de Agust\u00edn Guerrero Quinteto:<\/mark><\/strong><\/p>\n\n\n\n<figure class=\"wp-block-embed is-type-video is-provider-youtube wp-block-embed-youtube wp-embed-aspect-16-9 wp-has-aspect-ratio\"><div class=\"wp-block-embed__wrapper\">\nhttps:\/\/youtube.com\/playlist?list=OLAK5uy_mbC7AOu19SKZUCTXUzsmIaNgnaxS5CPt4\n<\/div><\/figure>\n","protected":false},"excerpt":{"rendered":"<p>Nuevos discos del Quinteto del Rev\u00e9s, Los Andamios y Agust\u00edn Guerrero Quinteto.<\/p>\n","protected":false},"author":1,"featured_media":8659,"comment_status":"open","ping_status":"open","sticky":false,"template":"","format":"standard","meta":{"footnotes":""},"categories":[3],"tags":[407,167,32,557,201,558,111],"class_list":["post-8658","post","type-post","status-publish","format-standard","has-post-thumbnail","hentry","category-noticias","tag-agustin-guerrero","tag-agustin-guerrero-quinteto","tag-featured","tag-los-andamios","tag-picadito","tag-quinteto-del-reves","tag-tango"],"_links":{"self":[{"href":"https:\/\/www.fracturaexpuesta.com.ar\/tango\/wp-json\/wp\/v2\/posts\/8658","targetHints":{"allow":["GET"]}}],"collection":[{"href":"https:\/\/www.fracturaexpuesta.com.ar\/tango\/wp-json\/wp\/v2\/posts"}],"about":[{"href":"https:\/\/www.fracturaexpuesta.com.ar\/tango\/wp-json\/wp\/v2\/types\/post"}],"author":[{"embeddable":true,"href":"https:\/\/www.fracturaexpuesta.com.ar\/tango\/wp-json\/wp\/v2\/users\/1"}],"replies":[{"embeddable":true,"href":"https:\/\/www.fracturaexpuesta.com.ar\/tango\/wp-json\/wp\/v2\/comments?post=8658"}],"version-history":[{"count":3,"href":"https:\/\/www.fracturaexpuesta.com.ar\/tango\/wp-json\/wp\/v2\/posts\/8658\/revisions"}],"predecessor-version":[{"id":8663,"href":"https:\/\/www.fracturaexpuesta.com.ar\/tango\/wp-json\/wp\/v2\/posts\/8658\/revisions\/8663"}],"wp:featuredmedia":[{"embeddable":true,"href":"https:\/\/www.fracturaexpuesta.com.ar\/tango\/wp-json\/wp\/v2\/media\/8659"}],"wp:attachment":[{"href":"https:\/\/www.fracturaexpuesta.com.ar\/tango\/wp-json\/wp\/v2\/media?parent=8658"}],"wp:term":[{"taxonomy":"category","embeddable":true,"href":"https:\/\/www.fracturaexpuesta.com.ar\/tango\/wp-json\/wp\/v2\/categories?post=8658"},{"taxonomy":"post_tag","embeddable":true,"href":"https:\/\/www.fracturaexpuesta.com.ar\/tango\/wp-json\/wp\/v2\/tags?post=8658"}],"curies":[{"name":"wp","href":"https:\/\/api.w.org\/{rel}","templated":true}]}}