{"id":8763,"date":"2023-07-11T23:32:21","date_gmt":"2023-07-12T02:32:21","guid":{"rendered":"https:\/\/www.fracturaexpuesta.com.ar\/tango\/?p=8763"},"modified":"2023-07-11T23:40:59","modified_gmt":"2023-07-12T02:40:59","slug":"tango-y-gotan-la-alquimia-de-lo-virtuoso-y-lo-reo","status":"publish","type":"post","link":"https:\/\/www.fracturaexpuesta.com.ar\/tango\/tango-y-gotan-la-alquimia-de-lo-virtuoso-y-lo-reo\/","title":{"rendered":"\u00abTango y got\u00e1n\u00bb, la alquimia de lo virtuoso y lo reo"},"content":{"rendered":"\n<p class=\"wp-block-paragraph\">En el nuevo episodio del <strong>micro radial <em>La otra orilla<\/em><\/strong>, emitido por <a href=\"https:\/\/www.fracturaexpuesta.com.ar\/doblearadio\/\" target=\"_blank\" rel=\"noopener\" title=\"\">Doble A<\/a>, el escritor uruguayo Jos\u00e9 Arenas indaga en los sentidos de <strong>\u00abTango y got\u00e1n\u00bb<\/strong>, una obra de 2009 creada por Horacio Ferrer y Alberto Magnone.<\/p>\n\n\n\n<p class=\"wp-block-paragraph\">\u00abEl <strong>tango<\/strong> es la est\u00e9tica refinada, la calidad que el tiempo le ha ido dando a la materia arrabalera para transformarla en una suerte de elemento virtuoso\u00bb, dice Arenas en el seguimiento que hace de la obra de Ferrer. <\/p>\n\n\n\n<p class=\"wp-block-paragraph\">Y agrega: \u00abFerrer delimita en un enfoque vital, dos posibilidades de llevar adelante el simbolismo de la m\u00edtica tanguera\u00bb.<\/p>\n\n\n\n<blockquote class=\"wp-block-quote is-layout-flow wp-block-quote-is-layout-flow\">\n<p class=\"wp-block-paragraph\">\u00abNo hay en otro tipo de m\u00fasica una posibilidad tan clara como en el tango de tener, a la vez, embelesados a los pr\u00edncipes con la armon\u00eda sucia de la seducci\u00f3n marr\u00f3n\u00bb.<\/p>\n<\/blockquote>\n\n\n<div class=\"wp-block-image wp-duotone-unset-1\">\n<figure class=\"aligncenter size-large\"><img loading=\"lazy\" decoding=\"async\" width=\"1024\" height=\"957\" src=\"https:\/\/www.fracturaexpuesta.com.ar\/tango\/wp-content\/uploads\/Horacio_Ferrer-1024x957.jpg\" alt=\"\" class=\"wp-image-8764\" srcset=\"https:\/\/www.fracturaexpuesta.com.ar\/tango\/wp-content\/uploads\/Horacio_Ferrer-1024x957.jpg 1024w, https:\/\/www.fracturaexpuesta.com.ar\/tango\/wp-content\/uploads\/Horacio_Ferrer-300x280.jpg 300w, https:\/\/www.fracturaexpuesta.com.ar\/tango\/wp-content\/uploads\/Horacio_Ferrer-768x717.jpg 768w, https:\/\/www.fracturaexpuesta.com.ar\/tango\/wp-content\/uploads\/Horacio_Ferrer.jpg 1399w\" sizes=\"auto, (max-width: 1024px) 100vw, 1024px\" \/><\/figure>\n<\/div>\n\n\n<p class=\"wp-block-paragraph\"><\/p>\n\n\n\n<p class=\"wp-block-paragraph\">\u00abEl <strong>got\u00e1n<\/strong> -por su lado- es la parte endiablada del tango, tiene en su enunciaci\u00f3n la picard\u00eda del dialecto lunfa. Es el hermano barroso y primigenio\u00bb, agrega el escritor sobre la din\u00e1mica que propone el tango.<\/p>\n\n\n\n<p class=\"wp-block-paragraph\">Asimismo, resume Arenas: \u00abNo hay en otro tipo de m\u00fasica una posibilidad tan clara como en el tango de tener, a la vez, embelesados a los pr\u00edncipes con la armon\u00eda sucia de la seducci\u00f3n marr\u00f3n que despierta el R\u00edo de la Plata\u00bb.<\/p>\n\n\n\n<p class=\"wp-block-paragraph\">Se oye la versi\u00f3n de la cantante Ana Karina Rossi.<\/p>\n\n\n\n<p class=\"wp-block-paragraph\">&#x1f3a7; <mark style=\"background-color:#fcb900\" class=\"has-inline-color\"><strong>Escuch\u00e1 el nuevo cap\u00edtulo de La otra orilla:<\/strong><\/mark><\/p>\n\n\n\n<figure class=\"wp-block-embed is-type-video is-provider-youtube wp-block-embed-youtube wp-embed-aspect-16-9 wp-has-aspect-ratio\"><div class=\"wp-block-embed__wrapper\">\n<iframe loading=\"lazy\" title=\"CAP. 21 &quot;Tango y got\u00e1n&quot; - La otra orilla, con Jos\u00e9 Arenas (\ud83d\udcfb Doble A | Radio Tango)\" width=\"640\" height=\"360\" src=\"https:\/\/www.youtube.com\/embed\/MAQPkYm21v0?feature=oembed\" frameborder=\"0\" allow=\"accelerometer; autoplay; clipboard-write; encrypted-media; gyroscope; picture-in-picture; web-share\" referrerpolicy=\"strict-origin-when-cross-origin\" allowfullscreen><\/iframe>\n<\/div><\/figure>\n","protected":false},"excerpt":{"rendered":"<p>Jos\u00e9 Arenas examina \u00abTango y got\u00e1n\u00bb, una obra de Horacio Ferrer y Alberto Magnone.<\/p>\n","protected":false},"author":1,"featured_media":8769,"comment_status":"open","ping_status":"open","sticky":false,"template":"","format":"standard","meta":{"footnotes":""},"categories":[298],"tags":[476,32,299,300,111],"class_list":["post-8763","post","type-post","status-publish","format-standard","has-post-thumbnail","hentry","category-doble-a","tag-ana-karina-rossi","tag-featured","tag-jose-arenas","tag-la-otra-orilla","tag-tango"],"_links":{"self":[{"href":"https:\/\/www.fracturaexpuesta.com.ar\/tango\/wp-json\/wp\/v2\/posts\/8763","targetHints":{"allow":["GET"]}}],"collection":[{"href":"https:\/\/www.fracturaexpuesta.com.ar\/tango\/wp-json\/wp\/v2\/posts"}],"about":[{"href":"https:\/\/www.fracturaexpuesta.com.ar\/tango\/wp-json\/wp\/v2\/types\/post"}],"author":[{"embeddable":true,"href":"https:\/\/www.fracturaexpuesta.com.ar\/tango\/wp-json\/wp\/v2\/users\/1"}],"replies":[{"embeddable":true,"href":"https:\/\/www.fracturaexpuesta.com.ar\/tango\/wp-json\/wp\/v2\/comments?post=8763"}],"version-history":[{"count":7,"href":"https:\/\/www.fracturaexpuesta.com.ar\/tango\/wp-json\/wp\/v2\/posts\/8763\/revisions"}],"predecessor-version":[{"id":8772,"href":"https:\/\/www.fracturaexpuesta.com.ar\/tango\/wp-json\/wp\/v2\/posts\/8763\/revisions\/8772"}],"wp:featuredmedia":[{"embeddable":true,"href":"https:\/\/www.fracturaexpuesta.com.ar\/tango\/wp-json\/wp\/v2\/media\/8769"}],"wp:attachment":[{"href":"https:\/\/www.fracturaexpuesta.com.ar\/tango\/wp-json\/wp\/v2\/media?parent=8763"}],"wp:term":[{"taxonomy":"category","embeddable":true,"href":"https:\/\/www.fracturaexpuesta.com.ar\/tango\/wp-json\/wp\/v2\/categories?post=8763"},{"taxonomy":"post_tag","embeddable":true,"href":"https:\/\/www.fracturaexpuesta.com.ar\/tango\/wp-json\/wp\/v2\/tags?post=8763"}],"curies":[{"name":"wp","href":"https:\/\/api.w.org\/{rel}","templated":true}]}}