{"id":8773,"date":"2023-07-15T08:53:28","date_gmt":"2023-07-15T11:53:28","guid":{"rendered":"https:\/\/www.fracturaexpuesta.com.ar\/tango\/?p=8773"},"modified":"2023-07-15T09:34:59","modified_gmt":"2023-07-15T12:34:59","slug":"una-charla-entre-enrique-cadicamo-y-paco-urondo-el-futuro-del-pasado","status":"publish","type":"post","link":"https:\/\/www.fracturaexpuesta.com.ar\/tango\/una-charla-entre-enrique-cadicamo-y-paco-urondo-el-futuro-del-pasado\/","title":{"rendered":"Una charla entre Enrique Cad\u00edcamo y Paco Urondo: el futuro del pasado"},"content":{"rendered":"\n<p class=\"has-drop-cap wp-block-paragraph\">En 1967 Francisco \u201cPaco\u201d Urondo y Enrique Cad\u00edcamo se cruzaron en una charla. Uno, Enrique, el hombre del esplendor de la bohemia \u00abazul\u00bb -principiesca- de los inicios del siglo XX. El otro, Paco, que observaba como \u201cel viento de los tiempos modernos sopla bajo la ceniza\u201d y arrasaba aquellas postales contadas por Cad\u00edcamo.<\/p>\n\n\n\n<p class=\"wp-block-paragraph\">El encuentro entre ambos es un encuentro de dos escritores de generaciones y recorridos distintos. Es, tal vez, el encuentro de dos tiempos y fervores. El de Cad\u00edcamo, con su porte\u00f1ismo, el champ\u00e1n, los cabarets, el arrabal y Par\u00eds. El de Paco, el del arte y el combate que comprueba -en palabras de Cad\u00edcamo- como \u201cla falda pobre\u201d comienza a ser reemplazada por la minifalda.<\/p>\n\n\n\n<p class=\"wp-block-paragraph\">Pero Cad\u00edcamo sab\u00eda de la mirada en perspectiva. \u201cLos tangos tienen que describir una \u00e9poca\u201d, insist\u00eda el autor al que Gardel le grab\u00f3 m\u00e1s de una veintena de tangos. Quer\u00eda, en esa afirmaci\u00f3n, decir que cada \u00e9poca deb\u00eda tener su tango para \u201csaber de qu\u00e9 locura estaban impregnados los d\u00edas de ayer, de qu\u00e9 modo interpret\u00e1bamos la vieja enfermedad de los hombres: el amor\u201d.<\/p>\n\n\n\n<p class=\"wp-block-paragraph\">Y agregaba hacia mediados de la d\u00e9cada del 60: \u201cNo hay que hablar m\u00e1s del arrabal, de la mina que se escap\u00f3 de la casa; eso era en el Buenos Aires de hace 20 a\u00f1os. El autor de ahora tiene temas a montones\u201d. A\u00f1os despu\u00e9s, en otra charla y con otra \u00f3ptica, dir\u00e1: \u201cAl tango hay que dejarlo como est\u00e1. Es una cosa nuestra, es un paisaje que qued\u00f3 de antes. El tango ya qued\u00f3. Es imposible hablar de un tango que venga\u201d. Qui\u00e9n sabe&#8230;<\/p>\n\n\n<div class=\"wp-block-image\">\n<figure class=\"aligncenter size-large is-resized\"><img loading=\"lazy\" decoding=\"async\" src=\"https:\/\/www.fracturaexpuesta.com.ar\/tango\/wp-content\/uploads\/enrique-cadicamo-1-1024x776.jpg\" alt=\"\" class=\"wp-image-8774\" width=\"840\" height=\"636\" srcset=\"https:\/\/www.fracturaexpuesta.com.ar\/tango\/wp-content\/uploads\/enrique-cadicamo-1-1024x776.jpg 1024w, https:\/\/www.fracturaexpuesta.com.ar\/tango\/wp-content\/uploads\/enrique-cadicamo-1-300x227.jpg 300w, https:\/\/www.fracturaexpuesta.com.ar\/tango\/wp-content\/uploads\/enrique-cadicamo-1-768x582.jpg 768w, https:\/\/www.fracturaexpuesta.com.ar\/tango\/wp-content\/uploads\/enrique-cadicamo-1.jpg 1500w\" sizes=\"auto, (max-width: 840px) 100vw, 840px\" \/><figcaption class=\"wp-element-caption\"><em><sup><mark style=\"background-color:rgba(0, 0, 0, 0)\" class=\"has-inline-color has-cyan-bluish-gray-color\">Cadicamo en 1967.<\/mark><\/sup><\/em><\/figcaption><\/figure>\n<\/div>\n\n\n<p class=\"wp-block-paragraph\">Autor de innumerables obras y cl\u00e1sicos como \u201cLos mareados\u201d, \u201cNostalgias\u201d, \u201cChe papusa, o\u00ed\u201d, \u201cGar\u00faa\u201d, \u201cApolog\u00eda tanguera\u201d o \u201cRub\u00ed\u201d, Enrique Cad\u00edcamo <strong>naci\u00f3 el 15 de julio de 1900<\/strong> en General Rodr\u00edguez y muri\u00f3, casi 100 a\u00f1os despu\u00e9s, el 3 de diciembre de 1999. Su esp\u00edritu atravesado por el siglo XX, a\u00fan vigente en el cuerpo del tango, molde\u00f3 una parte important\u00edsima de la musculatura po\u00e9tica del g\u00e9nero.<\/p>\n\n\n\n<p class=\"wp-block-paragraph\">El siguiente extracto forma parte del texto que Urondo escribi\u00f3 en 1967 para la edici\u00f3n de octubre de la revista <em>Panorama<\/em>.<\/p>\n\n\n\n<p class=\"has-text-color wp-block-paragraph\" style=\"color:#ff0a0a;font-size:26px\"><strong>Cad\u00edcamo responde, Paco Urondo pregunta<\/strong><\/p>\n\n\n\n<p class=\"wp-block-paragraph\"><strong>\u00bfGan\u00f3 mucho dinero con sus letras de tango?<\/strong><\/p>\n\n\n\n<p class=\"wp-block-paragraph\">Bueno, he tenido suerte, pero nadie se hace rico con estas cosas\u2026<\/p>\n\n\n\n<p class=\"wp-block-paragraph\"><strong>Si dentro de 1000 a\u00f1os sus poemas terminaran siendo an\u00f3nimos, \u00bfa usted le importar\u00eda?<\/strong><\/p>\n\n\n\n<p class=\"wp-block-paragraph\">De hecho ser\u00eda una cosa que me seguir\u00eda, estuviera donde estuviera, hasta en la gusanera: siempre a uno le llega.<\/p>\n\n\n\n<p class=\"wp-block-paragraph\"><strong>\u00bfLe tiene miedo a la muerte?<\/strong><\/p>\n\n\n\n<p class=\"wp-block-paragraph\">No. La verdad que, a la muerte, no; pero no me gustar\u00eda padecerla.<\/p>\n\n\n\n<p class=\"wp-block-paragraph\"><strong>\u00bfY a la decrepitud?<\/strong><\/p>\n\n\n\n<p class=\"wp-block-paragraph\">Me gustar\u00eda desaparecer de golpe. Cuando viajo en avi\u00f3n siempre pienso en estas cosas.<\/p>\n\n\n\n<p class=\"wp-block-paragraph\"><strong>\u00bfLe gustan las cosas dram\u00e1ticas?<\/strong><\/p>\n\n\n\n<p class=\"wp-block-paragraph\">No, no me gustan.<\/p>\n\n\n\n<p class=\"wp-block-paragraph\"><strong>Pero la mayor parte de sus poemas son dram\u00e1ticos.<\/strong><\/p>\n\n\n\n<p class=\"wp-block-paragraph\">S\u00ed, pero duran un minuto y medio.<\/p>\n\n\n\n<p class=\"wp-block-paragraph\"><strong>A usted le gusta el drama, pero que sea cortito\u2026<\/strong><\/p>\n\n\n\n<p class=\"wp-block-paragraph\">Lo rom\u00e1ntico me gusta mucho. Estuve viendo vez pasada <em>Ana Karerina <\/em>y me emocion\u00e9.<\/p>\n\n\n\n<p class=\"wp-block-paragraph\"><strong>\u00bfSiente melancol\u00eda por las cosas perdidas, por las cosas del pasado?<\/strong><\/p>\n\n\n\n<p class=\"wp-block-paragraph\">Si; a veces quisiera que no hubiesen desaparecido nunca. Por ejemplo, me trae mucha nostalgia el barrio de San Telmo. Es un barrio que tendr\u00edan que haber conservado como estaba; la casa de Sobremonte, la casa de Liniers. Que l\u00e1stima, porque eso va a desaparecer.<\/p>\n\n\n\n<p class=\"wp-block-paragraph\">Uno cierra los ojos y ve pasar a la mazorca y a los grandes payadores con la guitarra colgada a la espalda.<\/p>\n\n\n\n<p class=\"wp-block-paragraph\"><strong>Entonces, \u00bfQu\u00e9 le gusta m\u00e1s, el pasado o el presente?<\/strong><\/p>\n\n\n\n<p class=\"wp-block-paragraph\">El presente.<\/p>\n\n\n<div class=\"wp-block-image\">\n<figure class=\"aligncenter size-large\"><img loading=\"lazy\" decoding=\"async\" width=\"702\" height=\"1024\" src=\"https:\/\/www.fracturaexpuesta.com.ar\/tango\/wp-content\/uploads\/enrique-cadicamo-2-702x1024.jpg\" alt=\"\" class=\"wp-image-8781\" srcset=\"https:\/\/www.fracturaexpuesta.com.ar\/tango\/wp-content\/uploads\/enrique-cadicamo-2-702x1024.jpg 702w, https:\/\/www.fracturaexpuesta.com.ar\/tango\/wp-content\/uploads\/enrique-cadicamo-2-206x300.jpg 206w, https:\/\/www.fracturaexpuesta.com.ar\/tango\/wp-content\/uploads\/enrique-cadicamo-2-768x1120.jpg 768w, https:\/\/www.fracturaexpuesta.com.ar\/tango\/wp-content\/uploads\/enrique-cadicamo-2.jpg 913w\" sizes=\"auto, (max-width: 702px) 100vw, 702px\" \/><\/figure>\n<\/div>\n\n\n<p class=\"wp-block-paragraph\"><\/p>\n\n\n\n<p class=\"wp-block-paragraph\"><strong>\u00bfCu\u00e1ntos a\u00f1os hace que se cas\u00f3?<\/strong><\/p>\n\n\n\n<p class=\"wp-block-paragraph\">Seis. La verdad es que he formado un hogar un poco tarde. Pero estoy muy contento. Ella me contagia un poco la alegr\u00eda de la juventud, porque es una chica muy joven.<\/p>\n\n\n\n<p class=\"wp-block-paragraph\"><strong>\u00bfC\u00f3mo se mantuvo soltero tanto tiempo?<\/strong><\/p>\n\n\n\n<p class=\"wp-block-paragraph\">Bueno; es un poquito despatarrada la vida de un hombre cuando anda en estas cosas y, a veces, se olvida de formar su propio hogar.<\/p>\n\n\n\n<p class=\"wp-block-paragraph\"><strong>\u00bfDudaba antes de casarse?<\/strong><\/p>\n\n\n\n<p class=\"wp-block-paragraph\">La verdad que s\u00ed. Uno es como esos potros a los que les tiran el lazo y se lo saca con las patas. Pero ahora estoy contento. Nos queremos, somos muy amigos. He encontrado el \u00faltimo amigo verdadero de mi vida.<\/p>\n\n\n\n<p class=\"wp-block-paragraph\"><strong>\u00bfPor qu\u00e9 en la conversaci\u00f3n se ha confesado amigo de Manzi y de Cobi\u00e1n? \u00bfY de Disc\u00e9polo?<\/strong><\/p>\n\n\n\n<p class=\"wp-block-paragraph\">Nos conocimos mucho. Amistad \u00edntima no; porque la verdad es que yo retaceaba un poco la intimidad. Era amigo de todos, pero la parte \u00edntima uno a veces la dosifica. Disc\u00e9polo fue un gran poeta (lo he llamado \u201cel Shopenhauer del tango\u201d), es innegable la belleza y profundidad de sus versos.<\/p>\n\n\n\n<p class=\"wp-block-paragraph\"><strong>Se dice que usted es el hombre culto, refinado, que llega al tango. En verdad, tiene el aspecto de ser un europeo, o un play-boy.<\/strong><\/p>\n\n\n\n<p class=\"wp-block-paragraph\">No quiero que me confundan con alguien que tiene una cultura que no le permite llegar al tango con orgullo.<\/p>\n\n\n\n<figure class=\"wp-block-embed is-type-video is-provider-youtube wp-block-embed-youtube wp-embed-aspect-4-3 wp-has-aspect-ratio\"><div class=\"wp-block-embed__wrapper\">\n<iframe loading=\"lazy\" title=\"Enrique Cad\u00edcamo recuerda a Angel DAgostino y Angel Vargas - 3 esquinas\" width=\"640\" height=\"480\" src=\"https:\/\/www.youtube.com\/embed\/aSVXubsQguk?feature=oembed\" frameborder=\"0\" allow=\"accelerometer; autoplay; clipboard-write; encrypted-media; gyroscope; picture-in-picture; web-share\" referrerpolicy=\"strict-origin-when-cross-origin\" allowfullscreen><\/iframe>\n<\/div><\/figure>\n\n\n\n<p class=\"wp-block-paragraph\"><\/p>\n\n\n\n<p class=\"wp-block-paragraph\"><strong>\u00bfNo les tiene envidia a los interpretes de sus cosas que llegan a la fama, viven directamente el \u00e9xito, mientras usted queda- por as\u00ed decirlo- arrinconado?<\/strong><\/p>\n\n\n\n<p class=\"wp-block-paragraph\">Soy retra\u00eddo, un poco ap\u00e1tico.<\/p>\n\n\n\n<p class=\"wp-block-paragraph\"><strong>Es cierto, es retra\u00eddo, pudoroso. No s\u00e9; escuch\u00e1ndolo, me acuerdo de la frase que dice: el calavera no chilla\u2026<\/strong><\/p>\n\n\n\n<p class=\"wp-block-paragraph\">Uno se puede sentir orgulloso, y dar el frente y el perfil, cuando en realidad hay una obra profunda, un descubrimiento. El genio, a m\u00ed se me ocurre, es el que inventa, el que produce cosas raras.<\/p>\n\n\n\n<p class=\"wp-block-paragraph\"><strong>\u00bfY usted se considera un descubridor?<\/strong><\/p>\n\n\n\n<p class=\"wp-block-paragraph\">A m\u00ed se me ocurri\u00f3 insistir en esto de las letras de los tangos, de la m\u00fasica popular, porque me sent\u00eda m\u00e1s libre que con la disciplina del estudio terrible de una carrera.<\/p>\n\n\n\n<p class=\"wp-block-paragraph\"><strong>\u00bfLe hubiese gustado seguir una carrera?<\/strong><\/p>\n\n\n\n<p class=\"wp-block-paragraph\">Me gusta ser lo que soy.<\/p>\n\n\n\n<p class=\"wp-block-paragraph\"><strong>\u00bfY entonces por qu\u00e9 se queja?<\/strong><\/p>\n\n\n\n<p class=\"wp-block-paragraph\">No me doy importancia. Me parece que est\u00e1 bien. Este trabajo es una manera de hacer cantar al pueblo; puede hacer un m\u00e9rito en esto de hacerlo cantar. Es un m\u00e9rito, nada m\u00e1s; no es un galard\u00f3n.<\/p>\n\n\n<div class=\"wp-block-image\">\n<figure class=\"aligncenter size-large\"><img loading=\"lazy\" decoding=\"async\" width=\"704\" height=\"1024\" src=\"https:\/\/www.fracturaexpuesta.com.ar\/tango\/wp-content\/uploads\/enrique-cadicamo-3-704x1024.jpg\" alt=\"\" class=\"wp-image-8782\" srcset=\"https:\/\/www.fracturaexpuesta.com.ar\/tango\/wp-content\/uploads\/enrique-cadicamo-3-704x1024.jpg 704w, https:\/\/www.fracturaexpuesta.com.ar\/tango\/wp-content\/uploads\/enrique-cadicamo-3-206x300.jpg 206w, https:\/\/www.fracturaexpuesta.com.ar\/tango\/wp-content\/uploads\/enrique-cadicamo-3-768x1117.jpg 768w, https:\/\/www.fracturaexpuesta.com.ar\/tango\/wp-content\/uploads\/enrique-cadicamo-3.jpg 982w\" sizes=\"auto, (max-width: 704px) 100vw, 704px\" \/><\/figure>\n<\/div>","protected":false},"excerpt":{"rendered":"<p>Dec\u00eda no temerle a la muerte pero no quer\u00eda \u00abpadecerla\u00bb. Vivi\u00f3 casi 100 a\u00f1os y escribi\u00f3 tangos imborrables. Enrique Cad\u00edcamo, el de la bohemia \u00abazul\u00bb.<\/p>\n","protected":false},"author":1,"featured_media":8778,"comment_status":"open","ping_status":"open","sticky":false,"template":"","format":"standard","meta":{"footnotes":""},"categories":[3],"tags":[163,267,555,559,32,452,538,564,111],"class_list":["post-8773","post","type-post","status-publish","format-standard","has-post-thumbnail","hentry","category-noticias","tag-carlos-gardel","tag-discepolo","tag-enrique-cadicamo","tag-enrique-santos-discepolo","tag-featured","tag-gardel","tag-homero-manzi","tag-paco-urondo","tag-tango"],"_links":{"self":[{"href":"https:\/\/www.fracturaexpuesta.com.ar\/tango\/wp-json\/wp\/v2\/posts\/8773","targetHints":{"allow":["GET"]}}],"collection":[{"href":"https:\/\/www.fracturaexpuesta.com.ar\/tango\/wp-json\/wp\/v2\/posts"}],"about":[{"href":"https:\/\/www.fracturaexpuesta.com.ar\/tango\/wp-json\/wp\/v2\/types\/post"}],"author":[{"embeddable":true,"href":"https:\/\/www.fracturaexpuesta.com.ar\/tango\/wp-json\/wp\/v2\/users\/1"}],"replies":[{"embeddable":true,"href":"https:\/\/www.fracturaexpuesta.com.ar\/tango\/wp-json\/wp\/v2\/comments?post=8773"}],"version-history":[{"count":21,"href":"https:\/\/www.fracturaexpuesta.com.ar\/tango\/wp-json\/wp\/v2\/posts\/8773\/revisions"}],"predecessor-version":[{"id":8800,"href":"https:\/\/www.fracturaexpuesta.com.ar\/tango\/wp-json\/wp\/v2\/posts\/8773\/revisions\/8800"}],"wp:featuredmedia":[{"embeddable":true,"href":"https:\/\/www.fracturaexpuesta.com.ar\/tango\/wp-json\/wp\/v2\/media\/8778"}],"wp:attachment":[{"href":"https:\/\/www.fracturaexpuesta.com.ar\/tango\/wp-json\/wp\/v2\/media?parent=8773"}],"wp:term":[{"taxonomy":"category","embeddable":true,"href":"https:\/\/www.fracturaexpuesta.com.ar\/tango\/wp-json\/wp\/v2\/categories?post=8773"},{"taxonomy":"post_tag","embeddable":true,"href":"https:\/\/www.fracturaexpuesta.com.ar\/tango\/wp-json\/wp\/v2\/tags?post=8773"}],"curies":[{"name":"wp","href":"https:\/\/api.w.org\/{rel}","templated":true}]}}