{"id":8828,"date":"2023-07-29T20:00:04","date_gmt":"2023-07-29T23:00:04","guid":{"rendered":"https:\/\/www.fracturaexpuesta.com.ar\/tango\/?p=8828"},"modified":"2023-07-29T20:20:09","modified_gmt":"2023-07-29T23:20:09","slug":"un-documental-retrata-los-inicios-del-legendario-festival-de-tango-de-la-falda","status":"publish","type":"post","link":"https:\/\/www.fracturaexpuesta.com.ar\/tango\/un-documental-retrata-los-inicios-del-legendario-festival-de-tango-de-la-falda\/","title":{"rendered":"Un documental retrata los inicios del legendario Festival de Tango de La Falda"},"content":{"rendered":"\n<p class=\"wp-block-paragraph\">El Festival Nacional de Tango de La Falda, en C\u00f3rdoba, es uno de los festivales legendarios en la Argentina. <\/p>\n\n\n\n<p class=\"wp-block-paragraph\">Creado en 1965, hoy contin\u00faa vigente como uno de los epicentros provinciales del tango.<\/p>\n\n\n\n<p class=\"wp-block-paragraph\"><em>De sabiondos y suicidas<\/em>, el video-documental realizado por N\u00e9stor Pousa y Mart\u00edn Carrizo, aborda el proceso de construcci\u00f3n y desarrollo inicial del festival cordob\u00e9s a trav\u00e9s del testimonio de quienes fueron los pioneros de la iniciativa.<\/p>\n\n\n\n<p class=\"wp-block-paragraph\">Adem\u00e1s de las entrevistas, la producci\u00f3n re\u00fane en sus 48 minutos im\u00e1genes y documentos in\u00e9ditos, recortes period\u00edsticos de la \u00e9poca, personajes, audios y videos originales que comprenden el periodo 1965-1972.<\/p>\n\n\n\n<p class=\"wp-block-paragraph\">Con testimonios de Osvaldo Piro, Jorge Arduh, Silvio Sold\u00e1n, Juan Carlos Godoy, Ra\u00fal Lavi\u00e9, el historiador Alfredo Ferrarassi, el periodista Am\u00e9rico Tati\u00e1n y el cantor local Rodolfo Tuli\u00e1n, entre otros.<\/p>\n\n\n\n<p class=\"wp-block-paragraph\"><strong>&#x1f3ac; <mark style=\"background-color:#fcb900\" class=\"has-inline-color has-black-color\">De sabiondos y suicidas, documental completo:<\/mark><\/strong><\/p>\n\n\n\n<figure class=\"wp-block-embed is-type-video is-provider-youtube wp-block-embed-youtube wp-embed-aspect-16-9 wp-has-aspect-ratio\"><div class=\"wp-block-embed__wrapper\">\n<iframe loading=\"lazy\" title=\"&quot;De Sabiondos y Suicidas&quot; - Inicios de la Fiesta Nacional del Tango (full version) - documental\" width=\"640\" height=\"360\" src=\"https:\/\/www.youtube.com\/embed\/R4IUufaH_cw?feature=oembed\" frameborder=\"0\" allow=\"accelerometer; autoplay; clipboard-write; encrypted-media; gyroscope; picture-in-picture; web-share\" referrerpolicy=\"strict-origin-when-cross-origin\" allowfullscreen><\/iframe>\n<\/div><\/figure>\n","protected":false},"excerpt":{"rendered":"<p>Se trata de \u201cDe sabiondos y suicidas\u201d, realizado por N\u00e9stor Pousa y Mart\u00edn Carrizo.<\/p>\n","protected":false},"author":1,"featured_media":8829,"comment_status":"open","ping_status":"open","sticky":false,"template":"","format":"video","meta":{"footnotes":""},"categories":[2],"tags":[32,305,111],"class_list":["post-8828","post","type-post","status-publish","format-video","has-post-thumbnail","hentry","category-videos","tag-featured","tag-festival-de-tango-de-la-falda","tag-tango","post_format-post-format-video"],"_links":{"self":[{"href":"https:\/\/www.fracturaexpuesta.com.ar\/tango\/wp-json\/wp\/v2\/posts\/8828","targetHints":{"allow":["GET"]}}],"collection":[{"href":"https:\/\/www.fracturaexpuesta.com.ar\/tango\/wp-json\/wp\/v2\/posts"}],"about":[{"href":"https:\/\/www.fracturaexpuesta.com.ar\/tango\/wp-json\/wp\/v2\/types\/post"}],"author":[{"embeddable":true,"href":"https:\/\/www.fracturaexpuesta.com.ar\/tango\/wp-json\/wp\/v2\/users\/1"}],"replies":[{"embeddable":true,"href":"https:\/\/www.fracturaexpuesta.com.ar\/tango\/wp-json\/wp\/v2\/comments?post=8828"}],"version-history":[{"count":3,"href":"https:\/\/www.fracturaexpuesta.com.ar\/tango\/wp-json\/wp\/v2\/posts\/8828\/revisions"}],"predecessor-version":[{"id":8832,"href":"https:\/\/www.fracturaexpuesta.com.ar\/tango\/wp-json\/wp\/v2\/posts\/8828\/revisions\/8832"}],"wp:featuredmedia":[{"embeddable":true,"href":"https:\/\/www.fracturaexpuesta.com.ar\/tango\/wp-json\/wp\/v2\/media\/8829"}],"wp:attachment":[{"href":"https:\/\/www.fracturaexpuesta.com.ar\/tango\/wp-json\/wp\/v2\/media?parent=8828"}],"wp:term":[{"taxonomy":"category","embeddable":true,"href":"https:\/\/www.fracturaexpuesta.com.ar\/tango\/wp-json\/wp\/v2\/categories?post=8828"},{"taxonomy":"post_tag","embeddable":true,"href":"https:\/\/www.fracturaexpuesta.com.ar\/tango\/wp-json\/wp\/v2\/tags?post=8828"}],"curies":[{"name":"wp","href":"https:\/\/api.w.org\/{rel}","templated":true}]}}