{"id":8881,"date":"2023-08-09T10:58:53","date_gmt":"2023-08-09T13:58:53","guid":{"rendered":"https:\/\/www.fracturaexpuesta.com.ar\/tango\/?p=8881"},"modified":"2023-08-09T12:12:42","modified_gmt":"2023-08-09T15:12:42","slug":"beto-peyrou-y-nacho-suarez-vuelven-los-que-siempre-estan-llegando","status":"publish","type":"post","link":"https:\/\/www.fracturaexpuesta.com.ar\/tango\/beto-peyrou-y-nacho-suarez-vuelven-los-que-siempre-estan-llegando\/","title":{"rendered":"Beto Peyrou y Nacho Su\u00e1rez: vuelven los que siempre est\u00e1n llegando"},"content":{"rendered":"\n<p class=\"wp-block-paragraph\"><em>&#x2712; Por Jos\u00e9 Arenas<br>&#x1f1fa;&#x1f1fe; Desde Uruguay<\/em><\/p>\n\n\n\n<p class=\"has-drop-cap wp-block-paragraph\">La palabra \u201cvolver\u201d tiene cadencias de barco. Hay en ella una sospecha de mares, una clave de agua interminable, siluetas de puerto y sonidos m\u00e1s bien gris\u00e1ceos; un silbido marinero, un saludo, una esperanza que queda colgada en el aire y se mezcla con el crujido del maderamen incierto. Es una palabra de infinito. As\u00ed, con este aire de ilusiones y esperas fue concebido un \u00e1lbum\/libro que tiene al poeta Nacho Su\u00e1rez y al cantautor Beto Peyrou como creadores.<\/p>\n\n\n\n<p class=\"wp-block-paragraph\">Empezado, al menos en sus primeros amagues, en \u00e9pocas de pandemia, el disco de los autores tiene una impronta llena de renovaci\u00f3n, de haber encontrado algo que dorm\u00eda y hab\u00eda que despertar. En los a\u00f1os donde el deseo estaba roto y la desesperanza era la \u00fanica flor que se encontraba en los canteros y macetas de las casas cerradas, Nacho y Beto volvieron a encontrarse con lo mejor que saben hacer; crear canciones, cantarlas, contarnos historias con m\u00fasica. As\u00ed, <strong>Volver: Beto Peyrou canta a Nacho Su\u00e1rez<\/strong> tiene varios aspectos que lo han de transformar en un disco fundamental de aqu\u00ed en adelante.<\/p>\n\n\n\n<blockquote class=\"wp-block-quote is-layout-flow wp-block-quote-is-layout-flow\">\n<p class=\"wp-block-paragraph\">Peyrou y  Su\u00e1rez: \u00abEl disco que los pone nuevamente en la escena con una serie de creaciones finas y originales\u00bb<\/p>\n<\/blockquote>\n\n\n\n<p class=\"wp-block-paragraph\">En principio, se trata del esperado retorno de una voz ic\u00f3nica, aquella que form\u00f3 parte de <em>Los Peyrou<\/em>, junto a su hermano Juan, y que remite a una \u00e9poca enormemente f\u00e9rtil en la historia de la m\u00fasica popular uruguaya, especialmente en aquello que podemos llamar \u201ctangueces\u201d. La voz de Beto, tan calurosa como en aquel tiempo, conserva su pulsi\u00f3n de ciudad, el empuj\u00f3n emocional de temas con cierta \u201ctenaz melancol\u00eda\u201d, como dir\u00eda Carlos Maggi. Pero a la vez, aparece fresca, renacida con los versos de Su\u00e1rez como el pentagrama po\u00e9tico sobre el cual camina.<\/p>\n\n\n<div class=\"wp-block-image\">\n<figure class=\"aligncenter size-full\"><img loading=\"lazy\" decoding=\"async\" width=\"640\" height=\"640\" src=\"https:\/\/www.fracturaexpuesta.com.ar\/tango\/wp-content\/uploads\/beto-peyrou-nacho-suarez.jpg\" alt=\"\" class=\"wp-image-8884\" srcset=\"https:\/\/www.fracturaexpuesta.com.ar\/tango\/wp-content\/uploads\/beto-peyrou-nacho-suarez.jpg 640w, https:\/\/www.fracturaexpuesta.com.ar\/tango\/wp-content\/uploads\/beto-peyrou-nacho-suarez-300x300.jpg 300w, https:\/\/www.fracturaexpuesta.com.ar\/tango\/wp-content\/uploads\/beto-peyrou-nacho-suarez-150x150.jpg 150w, https:\/\/www.fracturaexpuesta.com.ar\/tango\/wp-content\/uploads\/beto-peyrou-nacho-suarez-100x100.jpg 100w\" sizes=\"auto, (max-width: 640px) 100vw, 640px\" \/><figcaption class=\"wp-element-caption\"><sup><em><mark style=\"background-color:rgba(0, 0, 0, 0)\" class=\"has-inline-color has-cyan-bluish-gray-color\">Desde Uruguay, el regreso discogr\u00e1fico del cantor y el poeta<\/mark><\/em><\/sup>.<\/figcaption><\/figure>\n<\/div>\n\n\n<p class=\"wp-block-paragraph\">Claro que esta impronta m\u00e1s contempor\u00e1nea no viene solamente de la mano de los protagonistas del disco sino que cuenta con la participaci\u00f3n inmejorable de voces nuevas y m\u00fasicos como Poly Rodr\u00edguez, que adem\u00e1s de ser uno de los guitarristas m\u00e1s importantes en la escena actual es quien se ha dedicado a la producci\u00f3n de este disco que va para un lado y otro, siempre sobre el piso uruguayo bien firme. Entre canciones, milongas, tangos o fados se mueven las bellas criaturas arm\u00f3nicas que forman este trabajo.<\/p>\n\n\n\n<p class=\"wp-block-paragraph\">Tambi\u00e9n la poes\u00eda de Nacho Su\u00e1rez est\u00e1 de vuelta. Si bien el poeta nunca dej\u00f3 de ser musicalizado, ha vuelto a su ra\u00edz con un \u00e1lbum de autor que, de alguna manera, menta aquel <strong><em>Poeta al sur<\/em><\/strong> de 1972 creado en colaboraci\u00f3n con Yamand\u00fa Palacios. Los textos del autor de \u201cMar\u00eda de las esquinas\u201d pertenecen a algunos de sus \u00faltimos libros \u2013<strong>A pura vida y otras milongas, Postal montevideana<\/strong>&#8211; as\u00ed como a los poemas que Su\u00e1rez suele escribir en su \u201cexilio vertical\u201d del Palacio Salvo y postear en su Facebook, por lo general en horas de la noche. De estos versos virtuales sali\u00f3 el primer empuj\u00f3n para lo que luego ser\u00eda una serie de creaciones. Con <strong>\u201cPascua en cuarentena\u201d<\/strong> fue que la dupla comenz\u00f3 la siega y all\u00ed se sucedieron algunos encuentros presenciales o virtuales para buscar sonidos y palabras que pudieran ser llevadas al canto. Entonces apareci\u00f3 el disco que los pone nuevamente en la escena con una serie de creaciones finas y originales.<\/p>\n\n\n\n<blockquote class=\"wp-block-quote is-layout-flow wp-block-quote-is-layout-flow\">\n<p class=\"wp-block-paragraph\">Un esperado retorno de una voz ic\u00f3nica (Peyrou) y el regreso de una po\u00e9tica (Su\u00e1rez) que se afirma en su ra\u00edz<\/p>\n<\/blockquote>\n\n\n\n<p class=\"wp-block-paragraph\">El disco se hace ind\u00f3mito en estilo de la canci\u00f3n. Eso es costumbre y uso en la tradici\u00f3n compositiva de Peyrou, cuando all\u00e1 por los \u201870 cantaba un tango sobre versos de Enrique Estr\u00e1zulas o un vals creado en base un poema de Juana de Ibarbourou, adem\u00e1s de correr sobre acordes de Fernando Cabrera o Eduardo Darnauchans.<\/p>\n\n\n\n<p class=\"wp-block-paragraph\">Esta vez, se puede ver el abanico r\u00edtmico y est\u00e9tico en temas baladescos como <strong>\u201cNi\u00f1o de La Paloma\u201d<\/strong>, que empieza con la ternura evocativa de un clima de trova o una milonga de impresionante letra como <strong>\u201cVolver\u201d<\/strong>, la que titula el \u00e1lbum. <strong>\u201cArom\u00edas\u201d<\/strong> trae un aire de gato perfecto donde \u201cel mundo ol\u00eda a cocina\u201d y la guitarra, la percusi\u00f3n y el piano dan muestra de lo sencillamente bien logrados que est\u00e1n los arreglos. Tambi\u00e9n, las voces j\u00f3venes invitadas en cada canci\u00f3n proponen armon\u00edas vocales y timbres que reviven las atm\u00f3sferas. Me gustar\u00eda destacar el trabajo de cada una de ellas pero el sello por el que la placa ha salido \u2013<strong>Ayu\u00ed<\/strong>&#8211; no me ha enviado a pesar de mi pedido el \u201cobjeto disco\u201d con los cr\u00e9ditos correspondientes.<\/p>\n\n\n<div class=\"wp-block-image\">\n<figure class=\"aligncenter size-large\"><img loading=\"lazy\" decoding=\"async\" width=\"1024\" height=\"931\" src=\"https:\/\/www.fracturaexpuesta.com.ar\/tango\/wp-content\/uploads\/345523333_3558129524406853_4050639048818506919_n-1024x931.jpg\" alt=\"\" class=\"wp-image-8890\" srcset=\"https:\/\/www.fracturaexpuesta.com.ar\/tango\/wp-content\/uploads\/345523333_3558129524406853_4050639048818506919_n-1024x931.jpg 1024w, https:\/\/www.fracturaexpuesta.com.ar\/tango\/wp-content\/uploads\/345523333_3558129524406853_4050639048818506919_n-300x273.jpg 300w, https:\/\/www.fracturaexpuesta.com.ar\/tango\/wp-content\/uploads\/345523333_3558129524406853_4050639048818506919_n-768x698.jpg 768w, https:\/\/www.fracturaexpuesta.com.ar\/tango\/wp-content\/uploads\/345523333_3558129524406853_4050639048818506919_n.jpg 1080w\" sizes=\"auto, (max-width: 1024px) 100vw, 1024px\" \/><figcaption class=\"wp-element-caption\"><em><sup><mark style=\"background-color:rgba(0, 0, 0, 0)\" class=\"has-inline-color has-cyan-bluish-gray-color\">Nacho Su\u00e1rez (izq.) y Beto Peyrou.<\/mark><\/sup><\/em><\/figcaption><\/figure>\n<\/div>\n\n\n<p class=\"wp-block-paragraph\">El trabajo tiene instantes especialmente inspirados en el ejemplo de la tarea cancion\u00edstica, tomando siempre el nombre que daban los hermanos Homero y Virgilio Exp\u00f3sito al arte de crear canciones. Pruebas de ello son <strong>\u201cLos tangos de la mar\u201d, \u201cEntre mis s\u00e1banas\u201d<\/strong> y el especialmente destacado <strong>\u201cFado\/tango\u201d<\/strong>. Al disco lo cierra un homenaje a Yamand\u00fa Palacios con <strong>\u201cPoeta al sur\u201d<\/strong>, en una versi\u00f3n que da ideas de la sentida falta que har\u00e1 el cantautor con quien Ignacio Su\u00e1rez iniciara esta tarea de bardo cant\u00e1bile y que es, ya, una canci\u00f3n ic\u00f3nica en el o\u00eddo uruguayo. Nostalgia y presente en los mismos\/acordes\/otros.<\/p>\n\n\n\n<p class=\"wp-block-paragraph\">La canci\u00f3n popular uruguaya atraviesa, en su mayor\u00eda, un estancamiento donde se han perdido met\u00e1foras y riquezas po\u00e9ticas, donde las canciones remiten a s\u00ed mismas y los acordes se ven reducidos a volteretas sonoras o pobres posiciones en el m\u00e1stil de la guitarra. Pero <em>Volver<\/em><strong> <\/strong>desmiente eso al menos a lo largo de sus once canciones. El mester de juglar\u00eda retorna desafiante y rico pero lleno de novedades y m\u00fasica de este tiempo. Las canciones hacen lo suyo y quien las escucha, agradece.<\/p>\n\n\n\n<figure class=\"wp-block-embed is-type-video is-provider-youtube wp-block-embed-youtube wp-embed-aspect-4-3 wp-has-aspect-ratio\"><div class=\"wp-block-embed__wrapper\">\n<iframe loading=\"lazy\" title=\"Ni\u00f1o de La Paloma\" width=\"640\" height=\"480\" src=\"https:\/\/www.youtube.com\/embed\/YDkhNw337T4?feature=oembed\" frameborder=\"0\" allow=\"accelerometer; autoplay; clipboard-write; encrypted-media; gyroscope; picture-in-picture; web-share\" referrerpolicy=\"strict-origin-when-cross-origin\" allowfullscreen><\/iframe>\n<\/div><\/figure>\n","protected":false},"excerpt":{"rendered":"<p>Rese\u00f1a del disco Volver: Beto Peyrou canta a Nacho Su\u00e1rez. \u201cNacho y Beto volvieron a encontrarse con lo mejor que saben hacer; crear canciones, cantarlas, contarnos historias con m\u00fasica\u201d.<\/p>\n","protected":false},"author":1,"featured_media":8887,"comment_status":"open","ping_status":"open","sticky":false,"template":"","format":"standard","meta":{"footnotes":""},"categories":[4],"tags":[567,32,299,568],"class_list":["post-8881","post","type-post","status-publish","format-standard","has-post-thumbnail","hentry","category-discos","tag-beto-peyrou","tag-featured","tag-jose-arenas","tag-nacho-suarez"],"_links":{"self":[{"href":"https:\/\/www.fracturaexpuesta.com.ar\/tango\/wp-json\/wp\/v2\/posts\/8881","targetHints":{"allow":["GET"]}}],"collection":[{"href":"https:\/\/www.fracturaexpuesta.com.ar\/tango\/wp-json\/wp\/v2\/posts"}],"about":[{"href":"https:\/\/www.fracturaexpuesta.com.ar\/tango\/wp-json\/wp\/v2\/types\/post"}],"author":[{"embeddable":true,"href":"https:\/\/www.fracturaexpuesta.com.ar\/tango\/wp-json\/wp\/v2\/users\/1"}],"replies":[{"embeddable":true,"href":"https:\/\/www.fracturaexpuesta.com.ar\/tango\/wp-json\/wp\/v2\/comments?post=8881"}],"version-history":[{"count":8,"href":"https:\/\/www.fracturaexpuesta.com.ar\/tango\/wp-json\/wp\/v2\/posts\/8881\/revisions"}],"predecessor-version":[{"id":8892,"href":"https:\/\/www.fracturaexpuesta.com.ar\/tango\/wp-json\/wp\/v2\/posts\/8881\/revisions\/8892"}],"wp:featuredmedia":[{"embeddable":true,"href":"https:\/\/www.fracturaexpuesta.com.ar\/tango\/wp-json\/wp\/v2\/media\/8887"}],"wp:attachment":[{"href":"https:\/\/www.fracturaexpuesta.com.ar\/tango\/wp-json\/wp\/v2\/media?parent=8881"}],"wp:term":[{"taxonomy":"category","embeddable":true,"href":"https:\/\/www.fracturaexpuesta.com.ar\/tango\/wp-json\/wp\/v2\/categories?post=8881"},{"taxonomy":"post_tag","embeddable":true,"href":"https:\/\/www.fracturaexpuesta.com.ar\/tango\/wp-json\/wp\/v2\/tags?post=8881"}],"curies":[{"name":"wp","href":"https:\/\/api.w.org\/{rel}","templated":true}]}}