{"id":8894,"date":"2023-08-15T10:53:41","date_gmt":"2023-08-15T13:53:41","guid":{"rendered":"https:\/\/www.fracturaexpuesta.com.ar\/tango\/?p=8894"},"modified":"2023-08-16T12:12:39","modified_gmt":"2023-08-16T15:12:39","slug":"venden-la-casa-donde-vivio-goyeneche-y-la-ofrecen-como-lote-para-construir","status":"publish","type":"post","link":"https:\/\/www.fracturaexpuesta.com.ar\/tango\/venden-la-casa-donde-vivio-goyeneche-y-la-ofrecen-como-lote-para-construir\/","title":{"rendered":"Venden la casa donde vivi\u00f3 Goyeneche y la ofrecen como lote para construir"},"content":{"rendered":"\n<p class=\"wp-block-paragraph\">El escudo del barrio de Saavedra lleva entre sus im\u00e1genes el rostro de Roberto \u201cPolaco\u201d Goyeneche. Una de sus arterias principales, la Avenida Parque Roberto Goyeneche, tambi\u00e9n recuerda al cantor legendario del tango. Se suman, adem\u00e1s, los murales que colorean las calles del barrio en el que creci\u00f3 y vivi\u00f3 el Polaco.<\/p>\n\n\n\n<p class=\"wp-block-paragraph\">Desde hace unos meses, la casa donde habit\u00f3 el c\u00e9lebre vecino de Saavedra y Coghlan e \u00edcono tanguero, ubicada en Meli\u00e1n 3167, se encuentra a la venta por U$D 475.000 y en su oferta se describe como superficie de 324 m2.<\/p>\n\n\n\n<p class=\"wp-block-paragraph\">\u201cApto p.b. + 3 pisos + 1 retiro + cocheras en planta baja y subsuelo, superficie construible 1.389,10 m2\u201d, se lee en la publicaci\u00f3n de la asesor\u00eda inmobiliaria.<\/p>\n\n\n<div class=\"wp-block-image\">\n<figure class=\"aligncenter size-large\"><img loading=\"lazy\" decoding=\"async\" width=\"1024\" height=\"768\" src=\"https:\/\/www.fracturaexpuesta.com.ar\/tango\/wp-content\/uploads\/i0_wp_com-image-1024x768.jpg\" alt=\"\" class=\"wp-image-8897\" srcset=\"https:\/\/www.fracturaexpuesta.com.ar\/tango\/wp-content\/uploads\/i0_wp_com-image-1024x768.jpg 1024w, https:\/\/www.fracturaexpuesta.com.ar\/tango\/wp-content\/uploads\/i0_wp_com-image-300x225.jpg 300w, https:\/\/www.fracturaexpuesta.com.ar\/tango\/wp-content\/uploads\/i0_wp_com-image-768x576.jpg 768w, https:\/\/www.fracturaexpuesta.com.ar\/tango\/wp-content\/uploads\/i0_wp_com-image-1536x1152.jpg 1536w, https:\/\/www.fracturaexpuesta.com.ar\/tango\/wp-content\/uploads\/i0_wp_com-image.jpg 1600w\" sizes=\"auto, (max-width: 1024px) 100vw, 1024px\" \/><figcaption class=\"wp-element-caption\"><sup><mark style=\"background-color:rgba(0, 0, 0, 0)\" class=\"has-inline-color has-cyan-bluish-gray-color\"><em>La casa de Goyeneche en venta (foto gentileza Saavedra Online)<\/em><\/mark><\/sup><\/figcaption><\/figure>\n<\/div>\n\n\n<p class=\"wp-block-paragraph\">La noticia, informada por medios de la zona, fue confirmada por Roberto Emilio Goyeneche, hijo del cantor. Tambi\u00e9n lo atestigua el cartel de la gestor\u00eda que ocupa la fachada de la propiedad.<\/p>\n\n\n\n<p class=\"wp-block-paragraph\">\u201cCon todo el dolor del mundo tengo que vender la casa, primero porque estoy solo y es muy grande. No la puedo mantener y no tengo ayuda de nadie\u201d, explic\u00f3 sobre la decisi\u00f3n su hijo, quien sufre problemas de salud.<\/p>\n\n\n\n<p class=\"wp-block-paragraph\">Seg\u00fan inform\u00f3 el familiar, las pertenencias y el archivo conservado del cantor buscan al momento un lugar para ser reubicados. Hay diplomas, trofeos, fotos, documentos de \u00e9poca y otros objetos que dan testimonio de la trayectoria de Goyeneche.<\/p>\n\n\n<div class=\"wp-block-image\">\n<figure class=\"aligncenter size-full\"><img loading=\"lazy\" decoding=\"async\" width=\"1024\" height=\"768\" src=\"https:\/\/www.fracturaexpuesta.com.ar\/tango\/wp-content\/uploads\/goyeneche-saavedra-conesa.jpg\" alt=\"\" class=\"wp-image-8898\" srcset=\"https:\/\/www.fracturaexpuesta.com.ar\/tango\/wp-content\/uploads\/goyeneche-saavedra-conesa.jpg 1024w, https:\/\/www.fracturaexpuesta.com.ar\/tango\/wp-content\/uploads\/goyeneche-saavedra-conesa-300x225.jpg 300w, https:\/\/www.fracturaexpuesta.com.ar\/tango\/wp-content\/uploads\/goyeneche-saavedra-conesa-768x576.jpg 768w\" sizes=\"auto, (max-width: 1024px) 100vw, 1024px\" \/><figcaption class=\"wp-element-caption\"><sup><mark style=\"background-color:rgba(0, 0, 0, 0)\" class=\"has-inline-color has-cyan-bluish-gray-color\"><em>Una esquina en Saavedra.<\/em><\/mark><\/sup><\/figcaption><\/figure>\n<\/div>\n\n\n<p class=\"wp-block-paragraph\">\u201cLas cosas las voy a tener hasta que alguien se decida a darme una mano y realizar el museo\u201d, sostuvo Roberto (h).<\/p>\n\n\n\n<p class=\"wp-block-paragraph\">\u201cLos trofeos y recuerdos los conservo y los tendr\u00e9 siempre\u201d, expres\u00f3 finalmente su hijo quien mantiene el pedido de avanzar en un proyecto que revalorice el patrimonio material e inmaterial representado por la figura del estimado cantor argentino.<\/p>\n\n\n\n<figure class=\"wp-block-image size-full\"><img loading=\"lazy\" decoding=\"async\" width=\"978\" height=\"804\" src=\"https:\/\/www.fracturaexpuesta.com.ar\/tango\/wp-content\/uploads\/goyenecha-casa-saavdra.jpg\" alt=\"\" class=\"wp-image-8896\" srcset=\"https:\/\/www.fracturaexpuesta.com.ar\/tango\/wp-content\/uploads\/goyenecha-casa-saavdra.jpg 978w, https:\/\/www.fracturaexpuesta.com.ar\/tango\/wp-content\/uploads\/goyenecha-casa-saavdra-300x247.jpg 300w, https:\/\/www.fracturaexpuesta.com.ar\/tango\/wp-content\/uploads\/goyenecha-casa-saavdra-768x631.jpg 768w\" sizes=\"auto, (max-width: 978px) 100vw, 978px\" \/><\/figure>\n","protected":false},"excerpt":{"rendered":"<p>Se trata de la hist\u00f3rica casa ubicada en Meli\u00e1n al 3100. Su hijo Roberto manifest\u00f3: \u201cNo la puedo mantener y no tengo ayuda de nadie\u201d.<\/p>\n","protected":false},"author":1,"featured_media":8895,"comment_status":"open","ping_status":"open","sticky":false,"template":"","format":"standard","meta":{"footnotes":""},"categories":[3],"tags":[32,155,570,569],"class_list":["post-8894","post","type-post","status-publish","format-standard","has-post-thumbnail","hentry","category-noticias","tag-featured","tag-goyeneche","tag-polaco-goyeneche","tag-roberto-goyeneche"],"_links":{"self":[{"href":"https:\/\/www.fracturaexpuesta.com.ar\/tango\/wp-json\/wp\/v2\/posts\/8894","targetHints":{"allow":["GET"]}}],"collection":[{"href":"https:\/\/www.fracturaexpuesta.com.ar\/tango\/wp-json\/wp\/v2\/posts"}],"about":[{"href":"https:\/\/www.fracturaexpuesta.com.ar\/tango\/wp-json\/wp\/v2\/types\/post"}],"author":[{"embeddable":true,"href":"https:\/\/www.fracturaexpuesta.com.ar\/tango\/wp-json\/wp\/v2\/users\/1"}],"replies":[{"embeddable":true,"href":"https:\/\/www.fracturaexpuesta.com.ar\/tango\/wp-json\/wp\/v2\/comments?post=8894"}],"version-history":[{"count":3,"href":"https:\/\/www.fracturaexpuesta.com.ar\/tango\/wp-json\/wp\/v2\/posts\/8894\/revisions"}],"predecessor-version":[{"id":8901,"href":"https:\/\/www.fracturaexpuesta.com.ar\/tango\/wp-json\/wp\/v2\/posts\/8894\/revisions\/8901"}],"wp:featuredmedia":[{"embeddable":true,"href":"https:\/\/www.fracturaexpuesta.com.ar\/tango\/wp-json\/wp\/v2\/media\/8895"}],"wp:attachment":[{"href":"https:\/\/www.fracturaexpuesta.com.ar\/tango\/wp-json\/wp\/v2\/media?parent=8894"}],"wp:term":[{"taxonomy":"category","embeddable":true,"href":"https:\/\/www.fracturaexpuesta.com.ar\/tango\/wp-json\/wp\/v2\/categories?post=8894"},{"taxonomy":"post_tag","embeddable":true,"href":"https:\/\/www.fracturaexpuesta.com.ar\/tango\/wp-json\/wp\/v2\/tags?post=8894"}],"curies":[{"name":"wp","href":"https:\/\/api.w.org\/{rel}","templated":true}]}}