{"id":8905,"date":"2023-08-20T12:34:03","date_gmt":"2023-08-20T15:34:03","guid":{"rendered":"https:\/\/www.fracturaexpuesta.com.ar\/tango\/?p=8905"},"modified":"2023-08-22T19:42:23","modified_gmt":"2023-08-22T22:42:23","slug":"buenos-aires-se-prepara-para-la-nueva-edicion-de-tango-ba-festival-y-mundial-2023","status":"publish","type":"post","link":"https:\/\/www.fracturaexpuesta.com.ar\/tango\/buenos-aires-se-prepara-para-la-nueva-edicion-de-tango-ba-festival-y-mundial-2023\/","title":{"rendered":"Buenos Aires se prepara para la nueva edici\u00f3n de Tango BA Festival y Mundial 2023"},"content":{"rendered":"\n<p class=\"wp-block-paragraph\">La Ciudad de Buenos Aires volver\u00e1 a desplegar su Festival y Mundial de Tango. Un encuentro que re\u00fane, a trav\u00e9s de la m\u00fasica y el baile, a algunas de las expresiones que conforman la escena del tango argentino.<\/p>\n\n\n\n<p class=\"wp-block-paragraph\">Desde el <strong>mi\u00e9rcoles 23 de agosto y hasta el 3 de septiembre <\/strong>habr\u00e1 conciertos, clases y exhibiciones de baile, homenajes, danza, cine, videoclips, muestras y charlas sobre libros.<\/p>\n\n\n\n<p class=\"wp-block-paragraph\">Los espect\u00e1culos requieren de <strong>reserva previa<\/strong>. Las entradas se reservar\u00e1n 72 horas antes del evento, a partir de las 10 de la ma\u00f1ana en el sitio de <a href=\"https:\/\/ciclosyfestivales.vivamoscultura.buenosaires.gob.ar\/\" target=\"_blank\" rel=\"noopener\" title=\"\">Tango BA<\/a>.<\/p>\n\n\n\n<figure class=\"wp-block-image size-large\"><img loading=\"lazy\" decoding=\"async\" width=\"1024\" height=\"683\" src=\"https:\/\/www.fracturaexpuesta.com.ar\/tango\/wp-content\/uploads\/1054_AFS_TangoBA_20220911-2FS08321-1024x683.jpg\" alt=\"\" class=\"wp-image-8909\" srcset=\"https:\/\/www.fracturaexpuesta.com.ar\/tango\/wp-content\/uploads\/1054_AFS_TangoBA_20220911-2FS08321-1024x683.jpg 1024w, https:\/\/www.fracturaexpuesta.com.ar\/tango\/wp-content\/uploads\/1054_AFS_TangoBA_20220911-2FS08321-300x200.jpg 300w, https:\/\/www.fracturaexpuesta.com.ar\/tango\/wp-content\/uploads\/1054_AFS_TangoBA_20220911-2FS08321-768x512.jpg 768w, https:\/\/www.fracturaexpuesta.com.ar\/tango\/wp-content\/uploads\/1054_AFS_TangoBA_20220911-2FS08321-1536x1024.jpg 1536w, https:\/\/www.fracturaexpuesta.com.ar\/tango\/wp-content\/uploads\/1054_AFS_TangoBA_20220911-2FS08321-2048x1366.jpg 2048w\" sizes=\"auto, (max-width: 1024px) 100vw, 1024px\" \/><\/figure>\n\n\n\n<p class=\"wp-block-paragraph\"><\/p>\n\n\n\n<p class=\"has-text-color wp-block-paragraph\" style=\"color:#fe0000;font-size:26px\"><strong>El Festival (la m\u00fasica) y el Mundial (el baile)<\/strong><\/p>\n\n\n\n<p class=\"wp-block-paragraph\">La <strong>apertura de las actividades del Festival, el 23 de agosto<\/strong>, estar\u00e1 enmarcada por el aniversario del barrio de La Boca y se llevar\u00e1 a cabo en la Usina del Arte. Contar\u00e1 con la presencia de la Comparsa Boquense Grupo Teatral de La Boca, 3,80 y Crece, N\u00e9stor Fabian, Hugo Rivas y Walter \u00abChino\u201d Laborde, Lucrecia Merico, Milagros de Bs. As. y Adri\u00e1n Rivas como cantantes invitados. El baile estar\u00e1 a cargo de Lourdes Claure y Cristian Cisneros y la locuci\u00f3n de Pablo Banchero.<\/p>\n\n\n\n<p class=\"wp-block-paragraph\">Por su parte, en lo que hace al <strong>Mundial<\/strong> de baile -se cumplen 20 a\u00f1os de la competencia- las <strong>rondas clasificatorias<\/strong> se llevar\u00e1n a cabo en la Usina del Arte. La <strong>competencia de Tango de Pista se realizar\u00e1 los d\u00edas 25 y 26 de agosto<\/strong> mientras que <strong>Tango Escenario, los d\u00edas 27 y 28 de agosto. <\/strong><\/p>\n\n\n\n<p class=\"wp-block-paragraph\"><strong>Las Semifinales ser\u00e1n a partir de las 15, el 30 de agosto para Tango de Pista y el 31 para Tango Escenario, tambi\u00e9n en la Usina del Arte.<\/strong><\/p>\n\n\n\n<p class=\"wp-block-paragraph\">La organizaci\u00f3n aun no inform\u00f3 acerca de <strong>la instancia final del mundial de baile.<\/strong> La \u00faltima edici\u00f3n hab\u00eda reunido a los bailarines sobre un escenario montado en Diagonal Norte durante la \u00faltima fecha del evento.<\/p>\n\n\n\n<p class=\"wp-block-paragraph\">Este a\u00f1o se agrega el <strong>Premio Mejor Pareja Senior en la categor\u00eda Tango de Pista<\/strong>, que ser\u00e1 para parejas mayores de 55 a\u00f1os. Se realizar\u00e1 una ronda final con los mejores promedios surgidos de la semifinal de Tango de Pista del Tango BA Mundial 2023.<\/p>\n\n\n\n<figure class=\"wp-block-image size-large\"><img loading=\"lazy\" decoding=\"async\" width=\"1024\" height=\"683\" src=\"https:\/\/www.fracturaexpuesta.com.ar\/tango\/wp-content\/uploads\/023_AFS_TangoBA_09092022_DSC0240-Maria-Celeste-Alonso-1024x683.jpg\" alt=\"\" class=\"wp-image-8910\" srcset=\"https:\/\/www.fracturaexpuesta.com.ar\/tango\/wp-content\/uploads\/023_AFS_TangoBA_09092022_DSC0240-Maria-Celeste-Alonso-1024x683.jpg 1024w, https:\/\/www.fracturaexpuesta.com.ar\/tango\/wp-content\/uploads\/023_AFS_TangoBA_09092022_DSC0240-Maria-Celeste-Alonso-300x200.jpg 300w, https:\/\/www.fracturaexpuesta.com.ar\/tango\/wp-content\/uploads\/023_AFS_TangoBA_09092022_DSC0240-Maria-Celeste-Alonso-768x512.jpg 768w, https:\/\/www.fracturaexpuesta.com.ar\/tango\/wp-content\/uploads\/023_AFS_TangoBA_09092022_DSC0240-Maria-Celeste-Alonso-1536x1025.jpg 1536w, https:\/\/www.fracturaexpuesta.com.ar\/tango\/wp-content\/uploads\/023_AFS_TangoBA_09092022_DSC0240-Maria-Celeste-Alonso-2048x1366.jpg 2048w\" sizes=\"auto, (max-width: 1024px) 100vw, 1024px\" \/><\/figure>\n\n\n\n<p class=\"wp-block-paragraph\"><\/p>\n\n\n\n<p class=\"has-text-color wp-block-paragraph\" style=\"color:#f90000;font-size:26px\"><strong>Un recorrido por la programaci\u00f3n<\/strong><\/p>\n\n\n\n<p class=\"wp-block-paragraph\">El <strong>jueves 24<\/strong> en el Auditorio de la Usina del Arte, estar\u00e1 Walter R\u00edos en concierto junto a m\u00fasicos solistas. Un repertorio que rinde homenaje a los grandes del tango, como tambi\u00e9n obras de su propia autor\u00eda. Se presenta ejecutando el bandone\u00f3n que el propio Astor Piazzolla le obsequi\u00f3 y otro que perteneci\u00f3 a An\u00edbal Troilo.<\/p>\n\n\n\n<p class=\"wp-block-paragraph\">Asimismo, entre los conciertos se destacan las presentaciones de <strong>Gauche, La canci\u00f3n de las poetas, Graciano 4 Cuarteto, Chifladas Tango, B\u00e1rbara Grabinski y Alejandro Bordas, Siniestra, Quinteto Negro La Boca, Sexteto Fantasma y Noelia Moncada,<\/strong> entre muchos otros.<\/p>\n\n\n\n<blockquote class=\"wp-block-quote is-layout-flow wp-block-quote-is-layout-flow\">\n<p class=\"wp-block-paragraph\">&#x1fa97; Toda <a href=\"https:\/\/www.fracturaexpuesta.com.ar\/tango\/tango-ba-festival-toda-la-programacion-musical-dia-por-dia\/\" target=\"_blank\" rel=\"noopener\" title=\"\">la programaci\u00f3n musical diaria<\/a> puede consultarse a trav\u00e9s del portal y las redes de Fractura Expuesta<\/p>\n<\/blockquote>\n\n\n\n<p class=\"wp-block-paragraph\">El <strong>viernes 25<\/strong> en El Cultural San Mart\u00edn, dentro del Ciclo de Cine del Festival, se proyectar\u00e1 a las 19 Son Tango, entre el sue\u00f1o y la vigilia de Juan Pablo Tabbita, Leonel Capitano (Argentina, 2023, 73\u2019). Y a las 20, se presentar\u00e1 en concierto Tango&amp;Roll.<\/p>\n\n\n\n<p class=\"wp-block-paragraph\">El <strong>s\u00e1bado 26<\/strong> a las 16 en el Anfiteatro del Parque Centenario, se presentar\u00e1 Piazzolla Electr\u00f3nico. El compositor Nico Sor\u00edn presenta su homenaje a Astor Piazzolla, en el que reinterpreta parte de su obra junto a su conjunto electr\u00f3nico. A las 20 en El Cultural San Mart\u00edn, se llevar\u00e1 a cabo Tanghetto 20 a\u00f1os. La orquesta pionera en el electrotango y neotango, celebra su 20\u00b0 aniversario mezclando el sonido tradicional del tango con elementos contempor\u00e1neos.<\/p>\n\n\n\n<p class=\"wp-block-paragraph\">El <strong>domingo 27<\/strong> en el Espacio Cultural Juli\u00e1n Centeya a las 19, se presentar\u00e1 Gato Maula Proyect (Santa Fe) quien brindar\u00e1 un concierto que promete cautivar al p\u00fablico con su estilo innovador, fusionando el tango con el rock, el jazz, la m\u00fasica electr\u00f3nica y m\u00e1s. En el Centro Cultural 25 de Mayo a las 19.30, se llevar\u00e1 a cabo Tango Desire: Dreams &#8211; Sue\u00f1os, un espect\u00e1culo que lleva al p\u00fablico a un viaje por las noches profundas de Buenos Aires, sus leyendas, mitos urbanos y por la misma historia del tango a trav\u00e9s de la evoluci\u00f3n del baile, desde principios del siglo XX hasta la actualidad.<\/p>\n\n\n\n<figure class=\"wp-block-image size-large\"><img loading=\"lazy\" decoding=\"async\" width=\"1024\" height=\"683\" src=\"https:\/\/www.fracturaexpuesta.com.ar\/tango\/wp-content\/uploads\/1110_AFS_TangoBA_20220911-2FS09296-1024x683.jpg\" alt=\"\" class=\"wp-image-8913\" srcset=\"https:\/\/www.fracturaexpuesta.com.ar\/tango\/wp-content\/uploads\/1110_AFS_TangoBA_20220911-2FS09296-1024x683.jpg 1024w, https:\/\/www.fracturaexpuesta.com.ar\/tango\/wp-content\/uploads\/1110_AFS_TangoBA_20220911-2FS09296-300x200.jpg 300w, https:\/\/www.fracturaexpuesta.com.ar\/tango\/wp-content\/uploads\/1110_AFS_TangoBA_20220911-2FS09296-768x512.jpg 768w, https:\/\/www.fracturaexpuesta.com.ar\/tango\/wp-content\/uploads\/1110_AFS_TangoBA_20220911-2FS09296-1536x1024.jpg 1536w, https:\/\/www.fracturaexpuesta.com.ar\/tango\/wp-content\/uploads\/1110_AFS_TangoBA_20220911-2FS09296-2048x1366.jpg 2048w\" sizes=\"auto, (max-width: 1024px) 100vw, 1024px\" \/><\/figure>\n\n\n\n<p class=\"wp-block-paragraph\"><\/p>\n\n\n\n<p class=\"wp-block-paragraph\">El <strong>mi\u00e9rcoles 30<\/strong> en la Academia Nacional del Tango a las 18, se presentar\u00e1 la Band\u00f3lica. El m\u00fasico y bandoneonista Mariano Godoy y el productor Sebasti\u00e1n Barbui se unieron para desarrollar este nuevo proyecto. Surge a partir de la necesidad de generar una alternativa para las personas interesadas en el bandone\u00f3n que no pueden acceder al costoso instrumento. Band\u00f3lica se define como un instrumento port\u00e1til e interconectable con otros dispositivos, se conecta v\u00eda usb y solo necesita de una computadora con acceso a internet para empezar a sonar.<\/p>\n\n\n\n<p class=\"wp-block-paragraph\">El <strong>jueves 31<\/strong> a las 18 en las Escalinatas Abasto, se presentar\u00e1 la Orquesta T\u00edpica Oriyera recreando el estilo de las orquestas emblem\u00e1ticas de la \u00c9poca Dorada del Tango.<\/p>\n\n\n\n<p class=\"wp-block-paragraph\">El <strong>viernes 1 de septiembre<\/strong> en el Auditorio de la Usina del Arte a las 19, se festejar\u00e1 el 90 Aniversario del nacimiento de Jos\u00e9 \u201cPepe\u201d Libertella con una orquesta t\u00edpica que tocar\u00e1 con sus arreglos musicales originales. A las 19 en el Sal\u00f3n Dorado del Teatro Col\u00f3n, se llevar\u00e1 a cabo Carlos Rossi: La vuelta al mundo en 80 a\u00f1os. Ser\u00e1 un homenaje al legendario cantante Carlos Rossi, que integr\u00f3 la orquesta de Jos\u00e9 Basso entre otras notables formaciones, y celebra sus 80 a\u00f1os m\u00e1s vigente que nunca. En el Espacio Cultural del Resurgimiento, a las 19, Tita de San Telmo presenta Con amor Tita. El espect\u00e1culo creado e interpretado por el actor, transformista y clown, Maxi Regueiro, transporta a una maravillosa representaci\u00f3n de una Tita no binaria, disidente y queer.<\/p>\n\n\n\n<p class=\"wp-block-paragraph\">Adem\u00e1s, el Festival recorrer\u00e1 las milongas de Buenos Aires, en un itinerario por diferentes pistas. Parejas de Argentina, Brasil, Italia, Chile, Jap\u00f3n, Rusia, Costa Rica, Ucrania, Colombia, India, Alemania, Estados Unidos, Portugal, Corea del Sur, Estonia, Singapur, Bolivia, China, M\u00e9xico, Armenia, entre muchos otros paises competir\u00e1n en las categor\u00edas Tango de Pista y Tango Escenario en esta edici\u00f3n de Tango BA Mundial.<\/p>\n\n\n\n<p class=\"wp-block-paragraph\"><\/p>\n","protected":false},"excerpt":{"rendered":"<p>Desde el mi\u00e9rcoles 23 de agosto y hasta el 3 de septiembre habr\u00e1 conciertos, clases y exhibiciones de baile, homenajes, danza, cine, videoclips, muestras y charlas sobre libros.<\/p>\n","protected":false},"author":1,"featured_media":8906,"comment_status":"open","ping_status":"open","sticky":false,"template":"","format":"standard","meta":{"footnotes":""},"categories":[3],"tags":[32,218,100,111,197],"class_list":["post-8905","post","type-post","status-publish","format-standard","has-post-thumbnail","hentry","category-noticias","tag-featured","tag-festival-de-tango","tag-mundial-de-tango","tag-tango","tag-tangoba"],"_links":{"self":[{"href":"https:\/\/www.fracturaexpuesta.com.ar\/tango\/wp-json\/wp\/v2\/posts\/8905","targetHints":{"allow":["GET"]}}],"collection":[{"href":"https:\/\/www.fracturaexpuesta.com.ar\/tango\/wp-json\/wp\/v2\/posts"}],"about":[{"href":"https:\/\/www.fracturaexpuesta.com.ar\/tango\/wp-json\/wp\/v2\/types\/post"}],"author":[{"embeddable":true,"href":"https:\/\/www.fracturaexpuesta.com.ar\/tango\/wp-json\/wp\/v2\/users\/1"}],"replies":[{"embeddable":true,"href":"https:\/\/www.fracturaexpuesta.com.ar\/tango\/wp-json\/wp\/v2\/comments?post=8905"}],"version-history":[{"count":23,"href":"https:\/\/www.fracturaexpuesta.com.ar\/tango\/wp-json\/wp\/v2\/posts\/8905\/revisions"}],"predecessor-version":[{"id":8951,"href":"https:\/\/www.fracturaexpuesta.com.ar\/tango\/wp-json\/wp\/v2\/posts\/8905\/revisions\/8951"}],"wp:featuredmedia":[{"embeddable":true,"href":"https:\/\/www.fracturaexpuesta.com.ar\/tango\/wp-json\/wp\/v2\/media\/8906"}],"wp:attachment":[{"href":"https:\/\/www.fracturaexpuesta.com.ar\/tango\/wp-json\/wp\/v2\/media?parent=8905"}],"wp:term":[{"taxonomy":"category","embeddable":true,"href":"https:\/\/www.fracturaexpuesta.com.ar\/tango\/wp-json\/wp\/v2\/categories?post=8905"},{"taxonomy":"post_tag","embeddable":true,"href":"https:\/\/www.fracturaexpuesta.com.ar\/tango\/wp-json\/wp\/v2\/tags?post=8905"}],"curies":[{"name":"wp","href":"https:\/\/api.w.org\/{rel}","templated":true}]}}