{"id":8928,"date":"2023-08-21T13:57:12","date_gmt":"2023-08-21T16:57:12","guid":{"rendered":"https:\/\/www.fracturaexpuesta.com.ar\/tango\/?p=8928"},"modified":"2023-08-31T21:33:53","modified_gmt":"2023-09-01T00:33:53","slug":"tango-ba-festival-toda-la-programacion-musical-dia-por-dia","status":"publish","type":"post","link":"https:\/\/www.fracturaexpuesta.com.ar\/tango\/tango-ba-festival-toda-la-programacion-musical-dia-por-dia\/","title":{"rendered":"Tango BA Festival: toda la programaci\u00f3n musical, d\u00eda por d\u00eda"},"content":{"rendered":"\n<p class=\"wp-block-paragraph\">Fractura Expuesta compil\u00f3 las propuestas de conciertos que ofrece este a\u00f1o el TangoBA Festival.<\/p>\n\n\n\n<p class=\"wp-block-paragraph\">Los espect\u00e1culos ser\u00e1n, casi en su totalidad, <strong>con entrada gratuita y previa reserva<\/strong>. Algunos se desarrollar\u00e1n sin reserva hasta agotar la capacidad del lugar.<\/p>\n\n\n\n<p class=\"wp-block-paragraph\">Las entradas estar\u00e1n disponibles 72 horas antes del evento y se ponen a disposici\u00f3n a las 10 de la ma\u00f1ana en el sitio de TANGOBA.<\/p>\n\n\n\n<p class=\"wp-block-paragraph\" style=\"font-size:26px\"><strong>La programaci\u00f3n musical d\u00eda x d\u00eda<\/strong><\/p>\n\n\n<h3><strong><span style=\"color: #ff0000;\">Mi\u00e9rcoles 23 de agosto<\/span><\/strong><\/h3>\n<p><em>Apertura del Festival Tango BA<\/em><br \/><strong>Grupo Teatral de La Boca \u201c3,80 y Crece\u201d<\/strong><br \/><strong>Hugo Rivas<\/strong><br \/><strong>Walter \u201cChino\u201d Laborde<\/strong><br \/><strong>Lucrecia Merico<\/strong><br \/><strong>Adri\u00e1n Rivas<\/strong><br \/><strong>Milagros de Buenos Aires<\/strong><br \/><strong>N\u00e9stor Fabi\u00e1n<\/strong><br \/>Usina del Arte &#8211; Agust\u00edn R. Caffarena 1 \u2013 19 hs.<br \/>Gratis, con reserva<br \/>***<br \/><strong>Tango Legends<\/strong><br \/>Centro Cultural 25 de Mayo &#8211; Av. Triunvirato 4444 \u2013 19.30 hs.<br \/>Gratis, con reserva<\/p>\n<h3><strong><span style=\"color: #ff0000;\">Jueves 24 de agosto<\/span><\/strong><\/h3>\n<p><strong>Roberto Minondi<\/strong><br \/>Museo Carlos Gardel &#8211; Jean Jaures 735 \u2013 17.30 hs.<br \/>Gratis, con reserva<br \/>***<br \/><strong>La canci\u00f3n de las poetas<\/strong><br \/>Usina del Arte &#8211; Agust\u00edn R. Caffarena 1 \u2013 18 hs.<br \/>Gratis, con reserva<br \/>***<br \/><strong>Cozzani &#8211; Ruiz Matta D\u00fao<\/strong><br \/>The New Brighton &#8211; Sarmiento 645 \u2013 19 hs.<br \/>Gratis, sin reserva, hasta agotar capacidad<br \/>***<br \/><strong>Walter R\u00edos<\/strong><br \/>Usina del Arte &#8211; Agust\u00edn R. Caffarena 1 \u2013 19 hs.<br \/>Gratis, con reserva<br \/>***<br \/><strong>Gauche<\/strong><br \/>Usina del Arte &#8211; Agust\u00edn R. Caffarena 1 \u2013 20 hs.<br \/>Gratis, con reserva<\/p>\n<h3><strong><span style=\"color: #ff0000;\">Viernes 25 de agosto<\/span><\/strong><\/h3>\n<p><strong>Lumi\u00e8re Quinteto<\/strong><br \/>Usina del Arte &#8211; Agust\u00edn R. Caffarena 1 \u2013 18 hs.<br \/>Gratis, con reserva<br \/>***<br \/><strong>Ensamble de Guitarras \u201cCamarones\u201d<\/strong><br \/>Usina del Arte &#8211; Agust\u00edn R. Caffarena 1 \u2013 18 hs.<br \/>Gratis, con reserva<br \/>***<br \/><strong>Tabar\u00e9 Leyton y Las guitarras de Saavedra<\/strong><br \/>Espacio Cultural Carlos Gardel &#8211; Olleros 3640 \u2013 19 hs.<br \/>Gratis, con reserva<br \/>***<br \/><strong>Graciano 4 Cuarteto<\/strong><br \/>Espacio Cultural Carlos Gardel &#8211; Olleros 3640 \u2013 20 hs.<br \/>Gratis, con reserva<br \/>***<br \/><strong>Ivo Colonna<\/strong><br \/>Usina del Arte &#8211; Agust\u00edn R. Caffarena 1 \u2013 20 hs.<br \/>Gratis, con reserva<br \/>***<br \/><strong>Tango&amp;Roll<\/strong><br \/>El Cultural San Mart\u00edn &#8211; Sarmiento 1551 \u2013 20 hs.<br \/>Gratis, con reserva<\/p>\n<h3><span style=\"color: #ff0000;\"><strong>S\u00e1bado 26 de agosto<\/strong><\/span><\/h3>\n<p><strong>Piazzolla Electr\u00f3nico por Nico Sor\u00edn<\/strong><br \/>Anfiteatro del Parque Centenario &#8211; Leopoldo Marechal 832 \u2013 16 hs.<br \/>Gratis, con reserva<br \/>***<br \/><strong>Patricia Barone, Javier Gonz\u00e1lez Grupo y Bernardo Baraj<\/strong><br \/>Usina del Arte &#8211; Agust\u00edn R. Caffarena 1 \u2013 16 hs.<br \/>Gratis, con reserva<br \/>***<br \/><strong>Puente Sur + La Mega Orquesta<\/strong><br \/>Auditorio del Polo Educativo Saavedra &#8211; Av. Cris\u00f3logo Larralde 5085 \u2013 17 hs.<br \/>Gratis, con reserva<br \/>***<br \/><strong>Tr\u00edo Ch\u00facara<\/strong><br \/>Usina del Arte &#8211; Agust\u00edn R. Caffarena 1 \u2013 18 hs.<br \/>Gratis, con reserva<br \/>***<br \/><strong>El Bordoneo<\/strong><br \/>Espacio Cultural Carlos Gardel &#8211; Olleros 3640 \u2013 19 hs.<br \/>Gratis, con reserva<br \/>***<br \/><strong>Mariano Godoy<\/strong><br \/>Espacio Cultural Juli\u00e1n Centeya \u2013 Av. San Juan 3255 \u2013 19 hs.<br \/>Gratis, con reserva<br \/>***<br \/><strong>Paula Castignola y Juan Pablo Gallardo<\/strong><br \/>Caf\u00e9 la Poes\u00eda &#8211; Chile 502 \u2013 20 hs.<br \/>Gratis, sin reserva, hasta agotar capacidad<br \/>***<br \/><strong>Tanghetto &#8211; 20 a\u00f1os<\/strong><br \/>El Cultural San Mart\u00edn &#8211; Sarmiento 1551 \u2013 20 hs.<br \/>Gratis, con reserva<br \/>***<br \/><strong>Otros Aires<\/strong><br \/>Espacio Cultural Juli\u00e1n Centeya \u2013 Av. San Juan 3255 \u2013 20 hs.<br \/>Gratis, con reserva<br \/>***<br \/><strong>Chifladas Tango<\/strong><br \/>Espacio Cultural Carlos Gardel &#8211; Olleros 3640 \u2013 20 hs.<br \/>Gratis, con reserva<br \/>***<br \/><strong>Quir\u00f3z \u2013 Marz\u00e1n<\/strong><br \/>Usina del Arte &#8211; Agust\u00edn R. Caffarena 1 \u2013 20 hs.<br \/>Gratis, con reserva<br \/>***<br \/><strong>Cant\u00e1 en el Festival (micr\u00f3fono abierto)<\/strong><br \/>Espacio Cultural Resurgimiento &#8211; Gral. Jos\u00e9 Gervasio Artigas 2262 \u2013 20 hs.<br \/>Gratis, con reserva<br \/>*** <br \/><strong>B\u00e1rbara Grabinski y Alejandro Bordas<\/strong><br \/>Club Social Cambalache &#8211; Defensa 1179 \u2013 20 hs.<br \/>Gratis, con reserva<\/p>\n<h3><span style=\"color: #ff0000;\"><strong>Domingo 27 de agosto<\/strong><\/span><\/h3>\n<p><strong>Orquesta de Tango del Neuqu\u00e9n<\/strong><br \/>Usina del Arte &#8211; Agust\u00edn R. Caffarena 1 \u2013 16 hs.<br \/>Gratis, con reserva<br \/>***<br \/><strong>Hugo Marcel y su m\u00fasica<\/strong><br \/>Invitado: <strong>Alberto Balbarrey<\/strong><br \/>Usina del Arte &#8211; Agust\u00edn R. Caffarena 1 \u2013 18 hs.<br \/>Gratis, con reserva<br \/>***<br \/><strong>San Osvaldo Orquesta<\/strong><br \/>Espacio Cultural Carlos Gardel &#8211; Olleros 3640 \u2013 19 hs.<br \/>Gratis, con reserva<br \/>***<br \/><strong>Gato Maula Project<\/strong><br \/>Espacio Cultural Juli\u00e1n Centeya \u2013 Av. San Juan 3255 \u2013 19 hs.<br \/>Gratis, con reserva<br \/>***<br \/><strong>Sandra M\u00e1rquez en: Todas las que soy<\/strong><br \/>Espacio Cultural Resurgimiento &#8211; Gral. Jos\u00e9 Gervasio Artigas 2262 \u2013 19 hs.<br \/>Gratis, con reserva<br \/>***<br \/><strong>Tango Desire: Dreams \u2013 Sue\u00f1os<\/strong><br \/>Centro Cultural 25 de Mayo &#8211; Av. Triunvirato 4444 \u2013 19.30 hs.<br \/>Gratis, con reserva<br \/>***<br \/><strong>San Telmo Lounge<\/strong><br \/>Espacio Cultural Juli\u00e1n Centeya &#8211; Av. San Juan 3255 \u2013 20 hs.<br \/>Gratis, con reserva<br \/>***<br \/><strong>Lucrecia Merico presenta: Ellas en m\u00ed<\/strong><br \/>Espacio Cultural Resurgimiento &#8211; Gral. Jos\u00e9 Gervasio Artigas 2262 \u2013 20 hs.<br \/>Gratis, con reserva<br \/>***<br \/><strong>Sandra Luna<\/strong><br \/>Usina del Arte &#8211; Agust\u00edn R. Caffarena 1 \u2013 20 hs.<br \/>Gratis, con reserva<br \/>***<br \/><strong>Siniestra<\/strong><br \/>Espacio Cultural Carlos Gardel &#8211; Olleros 3640 \u2013 20 hs.<br \/>Gratis, con reserva<br \/>***<br \/><strong>Las Guitarras Gualeyas<\/strong><br \/>Boca a Boca &#8211; Benito P\u00e9rez Gald\u00f3s 207 \u2013 21 hs.<br \/>Gratis, sin reserva, hasta agotar capacidad<\/p>\n<h3><strong><span style=\"color: #ff0000;\">Lunes 28 de agosto<\/span><\/strong><\/h3>\n<p><strong>Ensayo General: Teatro y m\u00fasica<\/strong><br \/>Academia Nacional del Tango &#8211; Av. de Mayo 833 \u2013 18 hs.<br \/>Gratis, con reserva<br \/>***<br \/><strong>Victoria Mor\u00e1n y Juan Trepiana<\/strong><br \/>Academia Nacional del Tango &#8211; Av. de Mayo 833 \u2013 19.30 hs.<br \/>Gratis, con reserva<\/p>\n<h3><strong><span style=\"color: #ff0000;\">Martes 29 de agosto<\/span><\/strong><\/h3>\n<p><em>Homenaje a los autores literarios argentinos<\/em><br \/><strong>Rayuela &#8211; Suite a Don Julio Cort\u00e1zar<\/strong><br \/>Academia Nacional del Tango &#8211; Av. de Mayo 833 \u2013 19.30 hs.<br \/>Gratis, con reserva<\/p>\n<h3><strong><span style=\"color: #ff0000;\">Mi\u00e9rcoles 30 de agosto<\/span><\/strong><\/h3>\n<p><strong><em>Semifinales Mundial de Tango<\/em><br \/>Categor\u00eda Tango de Pista<br \/><\/strong>Usina del Arte &#8211; Agust\u00edn R. Caffarena 1 \u2013 Desde las 15 hs.<br \/>Gratis, con reserva<strong><br \/>***<br \/>Noelia Moncada &#8211; Homenaje a Horacio Ferrer<\/strong><br \/>Academia Nacional del Tango &#8211; Av. de Mayo 833 \u2013 19.30 hs.<br \/>Gratis, con reserva<\/p>\n<h3><strong><span style=\"color: #ff0000;\">Jueves 31 de agosto<\/span><\/strong><\/h3>\n<p><em><strong>Semifinales Mundial de Tango<\/strong><\/em><br \/><strong>Categor\u00eda Tango Escenario<br \/><\/strong>Usina del Arte &#8211; Agust\u00edn R. Caffarena 1 \u2013 Desde las 15 hs.<br \/>Gratis, con reserva<br \/>***<strong><br \/>Mirta \u00c1lvarez<\/strong><br \/>Museo Carlos Gardel &#8211; Jean Jaures 735 \u2013 17.30 hs.<br \/>Gratis, con reserva<br \/>***<br \/><strong>Orquesta T\u00edpica Oriyera<\/strong><br \/>Escalinatas del Abasto Shopping &#8211; Av. Corrientes 3247 \u2013 18 hs.<br \/>Gratis, sin reserva<br \/>***<br \/><strong>Silvia Nieves y Pablo Valle<\/strong><br \/>Espacio Cultural Carlos Gardel &#8211; Olleros 3640 \u2013 20 hs.<br \/>Gratis, con reserva<br \/>***<br \/><strong>Black Tango &#8211; Noche sin tiempo<\/strong><br \/>Complejo Belgrano \u2013 Av. Belgrano 2608 \u2013 20 hs.<br \/>Gratis, con reserva<\/p>\n<h3><strong><span style=\"color: #ff0000;\">Viernes 1 de septiembre<\/span><\/strong><\/h3>\n<p><strong>Balletango<\/strong><br \/>Usina del Arte &#8211; Agust\u00edn R. Caffarena 1 \u2013 18 hs.<br \/>Gratis, con reserva<br \/>***<br \/><strong>Tita de San Telmo presenta: Con amor Tita<\/strong><br \/>Espacio Cultural Resurgimiento &#8211; Artigas, Jose Gervasio, Gral. 2262 \u2013 19 hs.<br \/>Gratis, con reserva<br \/>***<br \/><strong>Asato &#8211; Pais D\u00fao<\/strong><br \/>Espacio Cultural Juli\u00e1n Centeya \u2013 Av. San Juan 3255 \u2013 19 hs.<br \/>Gratis, con reserva<br \/>***<br \/><strong>Ricardo Mar\u00edn y Tony Gallo<\/strong><br \/>Espacio Cultural Carlos Gardel &#8211; Olleros 3640 \u2013 19 hs.<br \/>Gratis, con reserva<br \/>***<br \/><strong>Carlos Rossi + Gabriel Merlino Ensamble<\/strong><br \/>Sal\u00f3n Dorado del Teatro Col\u00f3n &#8211; Libertad 621 \u2013 19 hs.<br \/>Gratis, con reserva<br \/>***<br \/><strong>Orquesta T\u00edpica Jos\u00e9 Libertella<\/strong><br \/>Usina del Arte &#8211; Agust\u00edn R. Caffarena 1 \u2013 19 hs.<br \/>Gratis, con reserva<br \/>***<br \/><strong>Diego Hern\u00e1n y Tony Gallo<\/strong><br \/>Espacio Cultural Carlos Gardel &#8211; Olleros 3640 \u2013 20 hs.<br \/>Gratis, con reserva<br \/>***<br \/><strong>Fabio Hager Sexteto<\/strong><br \/>Espacio Cultural Juli\u00e1n Centeya &#8211; Av San Juan 3255 \u2013 20 hs.<br \/>Gratis, con reserva<br \/>***<br \/><strong>Diego Baiardi<\/strong><br \/>Espacio Cultural Resurgimiento &#8211; Artigas, Jose Gervasio, Gral. 2262 \u2013 20 hs.<br \/>Gratis, con reserva<br \/>***<br \/><strong>Tan Candonga<\/strong><br \/>Usina del Arte &#8211; Agust\u00edn R. Caffarena 1 \u2013 20 hs.<br \/>Gratis, con reserva<\/p>\n<h3><strong><span style=\"color: #ff0000;\">S\u00e1bado 2 de septiembre<\/span><\/strong><\/h3>\n<p><strong><em>Final Mundial de Tango<\/em><br \/>Categor\u00edas Tango de Pista y Tango Escenario<br \/>Amores Tangos<br \/>\u00abPepe\u00bb Col\u00e1ngelo<br \/>Amelita Baltar<br \/>Ra\u00fal Lavi\u00e9<br \/><\/strong>Obelisco \u2013 Desde las 16 hs.<br \/>***<strong><br \/>Tangueadoras <\/strong><br \/>Usina del Arte &#8211; Agust\u00edn R. Caffarena 1 \u2013 16 hs.<br \/>Gratis, con reserva<br \/>***<br \/><strong>Hern\u00e1n Frizzera y Sebasti\u00e1n Colavecchia<\/strong><br \/>Espacio Cultural Carlos Gardel &#8211; Olleros 3640 \u2013 19 hs.<br \/>Gratis, con reserva<br \/>***<br \/><strong>Orquesta Escuela de Tango Emilio Balcarce<\/strong><br \/>Usina del Arte &#8211; Agust\u00edn R. Caffarena 1 \u2013 19 hs.<br \/>Gratis, con reserva<br \/>***<br \/><strong>Escuela de M\u00fasica N\u00b0 6 D.E. N\u00b0 13 &#8211; Orquesta de C\u00e1mara<\/strong><br \/>Usina del Arte &#8211; Agust\u00edn R. Caffarena 1 \u2013 19 hs.<br \/>Gratis, con reserva<br \/>***<br \/><strong>Tangoloco festeja sus 20 a\u00f1os<\/strong><br \/>Usina del Arte &#8211; Agust\u00edn R. Caffarena 1 \u2013 20 hs.<br \/>Gratis, con reserva<br \/>***<br \/><strong>Quinteto Negro La Boca<\/strong><br \/>Espacio Cultural Resurgimiento &#8211; Artigas, Jose Gervasio, Gral. 2262 \u2013 20 hs.<br \/>Gratis, con reserva<br \/>***<br \/><strong>Despelotango <\/strong><br \/>Espacio Cultural Carlos Gardel &#8211; Olleros 3640 \u2013 20 hs.<br \/>Gratis, con reserva<br \/>***<br \/><strong>Orquesta del Tango de Buenos Aires<\/strong><br \/>Dirigen: Maestros <strong>N\u00e9stor Marconi y Juan Carlos Cuacci<\/strong><br \/>Usina del Arte &#8211; Agust\u00edn R. Caffarena 1 \u2013 21 hs.<br \/>Gratis, con reserva<\/p>\n<h3><strong><span style=\"color: #ff0000;\">Domingo 3 de septiembre<\/span><\/strong><\/h3>\n<p><strong>Viviana Scarlassa y Las Guitarras Sensibles de Flores<\/strong><br \/>Esquina Homero Manzi &#8211; Av. San Juan 3601 -14 hs.<br \/>Gratis, sin reserva, hasta agotar capacidad<br \/>***<br \/><strong>Carolina Minella<\/strong><br \/>Usina del Arte &#8211; Agust\u00edn R. Caffarena 1 \u2013 16 hs.<br \/>Gratis, con reserva<br \/>***<br \/><strong>Sexteto Fantasma<\/strong><br \/>Usina del Arte &#8211; Agust\u00edn R. Caffarena 1 \u2013 18 hs.<br \/>Gratis, con reserva<br \/>***<br \/><strong>Mar\u00eda Jos\u00e9 Demare<\/strong><br \/>Usina del Arte &#8211; Agust\u00edn R. Caffarena 1 \u2013 20 hs.<br \/>Gratis, con reserva<\/p>","protected":false},"excerpt":{"rendered":"<p>Una gu\u00eda completa con toda la programaci\u00f3n diaria de conciertos del Festival de Tango 2023.<\/p>\n","protected":false},"author":1,"featured_media":8929,"comment_status":"open","ping_status":"open","sticky":false,"template":"","format":"standard","meta":{"footnotes":""},"categories":[3],"tags":[32,218,100,111,197],"class_list":["post-8928","post","type-post","status-publish","format-standard","has-post-thumbnail","hentry","category-noticias","tag-featured","tag-festival-de-tango","tag-mundial-de-tango","tag-tango","tag-tangoba"],"_links":{"self":[{"href":"https:\/\/www.fracturaexpuesta.com.ar\/tango\/wp-json\/wp\/v2\/posts\/8928","targetHints":{"allow":["GET"]}}],"collection":[{"href":"https:\/\/www.fracturaexpuesta.com.ar\/tango\/wp-json\/wp\/v2\/posts"}],"about":[{"href":"https:\/\/www.fracturaexpuesta.com.ar\/tango\/wp-json\/wp\/v2\/types\/post"}],"author":[{"embeddable":true,"href":"https:\/\/www.fracturaexpuesta.com.ar\/tango\/wp-json\/wp\/v2\/users\/1"}],"replies":[{"embeddable":true,"href":"https:\/\/www.fracturaexpuesta.com.ar\/tango\/wp-json\/wp\/v2\/comments?post=8928"}],"version-history":[{"count":16,"href":"https:\/\/www.fracturaexpuesta.com.ar\/tango\/wp-json\/wp\/v2\/posts\/8928\/revisions"}],"predecessor-version":[{"id":8981,"href":"https:\/\/www.fracturaexpuesta.com.ar\/tango\/wp-json\/wp\/v2\/posts\/8928\/revisions\/8981"}],"wp:featuredmedia":[{"embeddable":true,"href":"https:\/\/www.fracturaexpuesta.com.ar\/tango\/wp-json\/wp\/v2\/media\/8929"}],"wp:attachment":[{"href":"https:\/\/www.fracturaexpuesta.com.ar\/tango\/wp-json\/wp\/v2\/media?parent=8928"}],"wp:term":[{"taxonomy":"category","embeddable":true,"href":"https:\/\/www.fracturaexpuesta.com.ar\/tango\/wp-json\/wp\/v2\/categories?post=8928"},{"taxonomy":"post_tag","embeddable":true,"href":"https:\/\/www.fracturaexpuesta.com.ar\/tango\/wp-json\/wp\/v2\/tags?post=8928"}],"curies":[{"name":"wp","href":"https:\/\/api.w.org\/{rel}","templated":true}]}}