{"id":8963,"date":"2023-08-30T09:53:51","date_gmt":"2023-08-30T12:53:51","guid":{"rendered":"https:\/\/www.fracturaexpuesta.com.ar\/tango\/?p=8963"},"modified":"2023-08-30T10:34:13","modified_gmt":"2023-08-30T13:34:13","slug":"facaff-5-comienza-el-festival-que-congrega-al-tango-independiente-y-autogestivo","status":"publish","type":"post","link":"https:\/\/www.fracturaexpuesta.com.ar\/tango\/facaff-5-comienza-el-festival-que-congrega-al-tango-independiente-y-autogestivo\/","title":{"rendered":"FACAFF 5: comienza el festival que congrega al tango independiente y autogestivo"},"content":{"rendered":"\n<p class=\"wp-block-paragraph\">El <strong>viernes 1 de septiembre<\/strong> se pondr\u00e1 en marcha la <strong>quinta edici\u00f3n del festival de tango FACAFF<\/strong> (Familia del Club Atl\u00e9tico Fern\u00e1ndez Fierro).<\/p>\n\n\n\n<p class=\"wp-block-paragraph\">El encuentro, que re\u00fane a una importante porci\u00f3n del tango contempor\u00e1neo de corte independiente y autogestivo, se extender\u00e1 <strong>durante todo septiembre a trav\u00e9s de 18 jornadas <\/strong>que incluir\u00e1n mayormente conciertos junto a feria de libros, proyecciones, charlas y DJs.<\/p>\n\n\n\n<p class=\"wp-block-paragraph\">\u201cEl tango actual, vivo, alejado de los estereotipos y de la mirada for-export\u201d, es el eje que gu\u00eda a esta iniciativa impulsada por artistas aglutinados en un espacio com\u00fan, el Club Atl\u00e9tico Fern\u00e1ndez Fierro. All\u00ed se realizar\u00e1n todas las fechas, en S\u00e1nchez de Bustamante 772.<\/p>\n\n\n<div class=\"wp-block-image\">\n<figure class=\"aligncenter size-large\"><img loading=\"lazy\" decoding=\"async\" width=\"1024\" height=\"649\" src=\"https:\/\/www.fracturaexpuesta.com.ar\/tango\/wp-content\/uploads\/facaff-5-tango1-1024x649.jpg\" alt=\"\" class=\"wp-image-8965\" srcset=\"https:\/\/www.fracturaexpuesta.com.ar\/tango\/wp-content\/uploads\/facaff-5-tango1-1024x649.jpg 1024w, https:\/\/www.fracturaexpuesta.com.ar\/tango\/wp-content\/uploads\/facaff-5-tango1-300x190.jpg 300w, https:\/\/www.fracturaexpuesta.com.ar\/tango\/wp-content\/uploads\/facaff-5-tango1-768x486.jpg 768w, https:\/\/www.fracturaexpuesta.com.ar\/tango\/wp-content\/uploads\/facaff-5-tango1-1536x973.jpg 1536w, https:\/\/www.fracturaexpuesta.com.ar\/tango\/wp-content\/uploads\/facaff-5-tango1.jpg 2048w\" sizes=\"auto, (max-width: 1024px) 100vw, 1024px\" \/><figcaption class=\"wp-element-caption\"><sup><em><mark style=\"background-color:rgba(0, 0, 0, 0)\" class=\"has-inline-color has-cyan-bluish-gray-color\">Quinta edici\u00f3n del festival FACAFF<\/mark><\/em><\/sup><\/figcaption><\/figure>\n<\/div>\n\n\n<p class=\"wp-block-paragraph\">Ser\u00e1n m\u00e1s de <strong>60 agrupaciones<\/strong> las que dar\u00e1n vida a una programaci\u00f3n que apunta a visibilizar una forma aut\u00e9ntica e innovadora del tango de estos tiempos.<\/p>\n\n\n\n<p class=\"wp-block-paragraph\">\u201cCon este encuentro propiciamos que convivan en el mismo escenario orquestas escuelas o agrupaciones de alta calidad art\u00edstica que no cuentan con un circuito propio de difusi\u00f3n en el ambiente musical porte\u00f1o\u201d, comenta Walter Coccaro, uno de los organizadores del FACAFF.<\/p>\n\n\n\n<p class=\"wp-block-paragraph\">Las entradas se podr\u00e1n adquirir en boleter\u00eda del CAFF y en TicketHoy. Habr\u00e1 descuentos a estudiantes y jubilados y se solicita concurrir con un alimento no perecedero para donar a comedores.<\/p>\n\n\n\n<p class=\"wp-block-paragraph\" style=\"font-size:26px\"><strong>La programaci\u00f3n completa del FACAFF 5<\/strong><\/p>\n\n\n\n<p class=\"has-text-color wp-block-paragraph\" style=\"color:#fe0000\"><strong>Viernes 1 de septiembre<\/strong><\/p>\n\n\n\n<p class=\"wp-block-paragraph\">&#8211; Lebrero\/Musatov<br>&#8211; Patricia Malanca Cuarteto<br>&#8211; Orquesta T\u00edpica La Vidu<\/p>\n\n\n\n<p class=\"has-text-color wp-block-paragraph\" style=\"color:#fe0000\"><strong>S\u00e1bado 2 de septiembre<\/strong><\/p>\n\n\n\n<p class=\"wp-block-paragraph\">&#8211; Agust\u00edn Rivera<br>&#8211; Ruido Gaucho<br>&#8211; Siniestra<\/p>\n\n\n\n<p class=\"has-text-color wp-block-paragraph\" style=\"color:#ff0000\"><strong>Domingo 3 de septiembre<\/strong><\/p>\n\n\n\n<p class=\"wp-block-paragraph\">&#8211; D\u00fao Rogers De Ovando<br>&#8211; D\u00fao Seren-Huillier y Castelo-Sensottera<br>&#8211; Tr\u00edo Barbarie<br>&#8211; D\u00fao Aguirre-Lorenzo<\/p>\n\n\n\n<figure class=\"wp-block-embed is-type-video is-provider-youtube wp-block-embed-youtube wp-embed-aspect-16-9 wp-has-aspect-ratio\"><div class=\"wp-block-embed__wrapper\">\n<iframe loading=\"lazy\" title=\"Siniestra - Danzaru\u00edn\" width=\"640\" height=\"360\" src=\"https:\/\/www.youtube.com\/embed\/g-XZpR-7G1g?feature=oembed\" frameborder=\"0\" allow=\"accelerometer; autoplay; clipboard-write; encrypted-media; gyroscope; picture-in-picture; web-share\" referrerpolicy=\"strict-origin-when-cross-origin\" allowfullscreen><\/iframe>\n<\/div><\/figure>\n\n\n\n<p class=\"wp-block-paragraph\"><\/p>\n\n\n\n<p class=\"has-text-color wp-block-paragraph\" style=\"color:#ff0000\"><strong>Jueves 7 de septiembre<\/strong><\/p>\n\n\n\n<p class=\"wp-block-paragraph\">&#8211; Marcos Larra\u00f1aga<br>&#8211; El Enganche<br>&#8211; Aguafuertes<br>&#8211; Juan Pablo Greco y El Trio Garra Candombe<\/p>\n\n\n\n<p class=\"has-text-color wp-block-paragraph\" style=\"color:#ff0000\"><strong>Viernes 8 de septiembre<\/strong><\/p>\n\n\n\n<p class=\"wp-block-paragraph\">&#8211; Ramanegra D\u00fao<br>&#8211; Odisea Tango XXII<br>&#8211; La Martino Orquesta T\u00edpica<br>&#8211; Orquesta T\u00edpica Caracter\u00edstica Cambio De Frente<\/p>\n\n\n\n<p class=\"has-text-color wp-block-paragraph\" style=\"color:#ff0000\"><strong>S\u00e1bado 9 de septiembre<\/strong><\/p>\n\n\n\n<p class=\"wp-block-paragraph\">&#8211; Pablo Marchetti\/Rafa Varela<br>&#8211; Quinteto Negro La Boca<br>&#8211; Juan Pablo Gallardo Grupo<\/p>\n\n\n\n<p class=\"has-text-color wp-block-paragraph\" style=\"color:#ff0101\"><strong>Domingo 10 de septiembre<\/strong><\/p>\n\n\n\n<p class=\"wp-block-paragraph\">&#8211; Social Cabur\u00e9<br>&#8211; Eduardo Da Luz (Uruguay)<\/p>\n\n\n\n<figure class=\"wp-block-embed is-type-video is-provider-youtube wp-block-embed-youtube wp-embed-aspect-16-9 wp-has-aspect-ratio\"><div class=\"wp-block-embed__wrapper\">\n<iframe loading=\"lazy\" title=\"FERNANDEZ FIERRO - Mosquitos - Video oficial\" width=\"640\" height=\"360\" src=\"https:\/\/www.youtube.com\/embed\/MUTwwco6kCE?feature=oembed\" frameborder=\"0\" allow=\"accelerometer; autoplay; clipboard-write; encrypted-media; gyroscope; picture-in-picture; web-share\" referrerpolicy=\"strict-origin-when-cross-origin\" allowfullscreen><\/iframe>\n<\/div><\/figure>\n\n\n\n<p class=\"wp-block-paragraph\"><\/p>\n\n\n\n<p class=\"has-text-color wp-block-paragraph\" style=\"color:#fe0000\"><strong>Jueves 14 de septiembre<\/strong><\/p>\n\n\n\n<p class=\"wp-block-paragraph\">&#8211; Tango Fiero<br>&#8211; Pablo Marchetti-Marcela Pedretti<br>&#8211; Hermanos Butaca<br>&#8211; Toma Negra<\/p>\n\n\n\n<p class=\"has-text-color wp-block-paragraph\" style=\"color:#fe0000\"><strong>Viernes 15 de septiembre<\/strong><\/p>\n\n\n\n<p class=\"wp-block-paragraph\">&#8211; Umbrales<br>&#8211; La Conurbana<br>&#8211; Escuela De Tango Nuevo<\/p>\n\n\n\n<p class=\"has-text-color wp-block-paragraph\" style=\"color:#fd0000\"><strong>S\u00e1bado 16 de septiembre<\/strong><\/p>\n\n\n\n<p class=\"wp-block-paragraph\">&#8211; Barrag\u00e1n-Maroglio-Vega<br>&#8211; Bordonasnocromo<br>&#8211; Quiero 24<\/p>\n\n\n\n<figure class=\"wp-block-embed is-type-video is-provider-youtube wp-block-embed-youtube wp-embed-aspect-16-9 wp-has-aspect-ratio\"><div class=\"wp-block-embed__wrapper\">\n<iframe loading=\"lazy\" title=\"Cuarteto La P\u00faa y Victoria Di Raimondo -  &quot;El aparecido&quot; (J.Otero-L.Angeli)\" width=\"640\" height=\"360\" src=\"https:\/\/www.youtube.com\/embed\/oBRyM-ykfbY?feature=oembed\" frameborder=\"0\" allow=\"accelerometer; autoplay; clipboard-write; encrypted-media; gyroscope; picture-in-picture; web-share\" referrerpolicy=\"strict-origin-when-cross-origin\" allowfullscreen><\/iframe>\n<\/div><\/figure>\n\n\n\n<p class=\"wp-block-paragraph\"><\/p>\n\n\n\n<p class=\"has-text-color wp-block-paragraph\" style=\"color:#ff0000\"><strong>Domingo 17 de septiembre<\/strong><\/p>\n\n\n\n<p class=\"wp-block-paragraph\">&#8211; Santino-Beltramo<br>&#8211; Guernica<br>&#8211; Bluses De Tango<\/p>\n\n\n\n<p class=\"has-text-color wp-block-paragraph\" style=\"color:#ff0101\"><strong>Mi\u00e9rcoles 20 de septiembre<\/strong><\/p>\n\n\n\n<p class=\"wp-block-paragraph\">&#8211; Cuarteto La Pua &amp; Victoria Di Raimondo<br>&#8211; Fern\u00e1ndez Fierro<\/p>\n\n\n\n<p class=\"has-text-color wp-block-paragraph\" style=\"color:#fe0000\"><strong>Jueves 21 de septiembre<\/strong><\/p>\n\n\n\n<p class=\"wp-block-paragraph\">&#8211; Paula Dordolo Grupo<br>&#8211; Juan Penas<br>&#8211; Identidad Milonguera: Ariel Prat con Pablo Valle y Orquesta<br>&#8211; La Hoguera<\/p>\n\n\n\n<p class=\"has-text-color wp-block-paragraph\" style=\"color:#fe0000\"><strong>Viernes 22 de septiembre<\/strong><\/p>\n\n\n\n<p class=\"wp-block-paragraph\">&#8211; Rompelo Tano: Homenaje a Osvaldo Ruggiero<br>&#8211; Se proyectar\u00e1 la pel\u00edcula \u201cRompelo Tano, Osvaldo Ruggiero 100 A\u00f1os De Bandone\u00f3n\u201d<\/p>\n\n\n\n<figure class=\"wp-block-embed is-type-video is-provider-youtube wp-block-embed-youtube wp-embed-aspect-16-9 wp-has-aspect-ratio\"><div class=\"wp-block-embed__wrapper\">\n<iframe loading=\"lazy\" title=\"\u201cIRRESPONSABLES\u201d (Tango de Babas\u00f3nicos) por CUCUZA CASTIELLO \/ Bailan: Bruno Tombari y Rocio Lequio\" width=\"640\" height=\"360\" src=\"https:\/\/www.youtube.com\/embed\/zrHrTLnWHSI?feature=oembed\" frameborder=\"0\" allow=\"accelerometer; autoplay; clipboard-write; encrypted-media; gyroscope; picture-in-picture; web-share\" referrerpolicy=\"strict-origin-when-cross-origin\" allowfullscreen><\/iframe>\n<\/div><\/figure>\n\n\n\n<p class=\"wp-block-paragraph\"><\/p>\n\n\n\n<p class=\"has-text-color wp-block-paragraph\" style=\"color:#ff0000\"><strong>S\u00e1bado 23 de septiembre<\/strong><\/p>\n\n\n\n<p class=\"wp-block-paragraph\">&#8211; Cucuza y Mateo Castiello<br>&#8211; D\u00fao Ranas y Chino Laborde<br>&#8211; Cardenal Dom\u00ednguez<br>&#8211; Lorena Guillen Tango Ensamble (EE.UU)<\/p>\n\n\n\n<p class=\"has-text-color wp-block-paragraph\" style=\"color:#ff0000\"><strong>Domingo 24 de septiembre<\/strong><\/p>\n\n\n\n<p class=\"wp-block-paragraph\">&#8211; D\u00fao Di Vincenzo-Corach<br>&#8211; Karina Beorlegui<br>&#8211; Overo<\/p>\n\n\n\n<p class=\"has-text-color wp-block-paragraph\" style=\"color:#fe0000\"><strong>Jueves 28 de septiembre<\/strong><\/p>\n\n\n\n<p class=\"wp-block-paragraph\">&#8211; Pel\u00edcula \u201cGeneraci\u00f3n Tango\u201d, de Luciano Montes De Oca<br>&#8211; Presentaci\u00f3n del libro \u201cMujeres de arrabal y celuloide\u201d, de Micaela Pereira Artola<br>&#8211; Pablo Bernaba y Oscar Pitana<br>&#8211; Azabache<br>&#8211; Orquesta Victoria<\/p>\n\n\n\n<p class=\"has-text-color wp-block-paragraph\" style=\"color:#ff0000\"><strong>Viernes 29 de septiembre<\/strong><\/p>\n\n\n\n<p class=\"wp-block-paragraph\">&#8211; Semillero Tango \/ M\u00e1s de 30 m\u00fasicos en escena con obras cl\u00e1sicas de la \u00e9poca de oro del g\u00e9nero y tangos nuevos<\/p>\n\n\n<div class=\"wp-block-image\">\n<figure class=\"aligncenter size-full\"><a href=\"http:\/\/www.fracturaexpuesta.com.ar\/doblearadio\/\" target=\"_blank\" rel=\"noreferrer noopener\"><img loading=\"lazy\" decoding=\"async\" width=\"500\" height=\"500\" src=\"https:\/\/www.fracturaexpuesta.com.ar\/tango\/wp-content\/uploads\/vivo-clik.png\" alt=\"\" class=\"wp-image-5359\" srcset=\"https:\/\/www.fracturaexpuesta.com.ar\/tango\/wp-content\/uploads\/vivo-clik.png 500w, https:\/\/www.fracturaexpuesta.com.ar\/tango\/wp-content\/uploads\/vivo-clik-150x150.png 150w, https:\/\/www.fracturaexpuesta.com.ar\/tango\/wp-content\/uploads\/vivo-clik-300x300.png 300w, https:\/\/www.fracturaexpuesta.com.ar\/tango\/wp-content\/uploads\/vivo-clik-100x100.png 100w\" sizes=\"auto, (max-width: 500px) 100vw, 500px\" \/><\/a><\/figure>\n<\/div>","protected":false},"excerpt":{"rendered":"<p>Ser\u00e1n 18 jornadas y m\u00e1s de 60 agrupaciones. \u201cEl tango actual, vivo, alejado de los estereotipos y de la mirada for-export\u201d.<\/p>\n","protected":false},"author":1,"featured_media":8964,"comment_status":"open","ping_status":"open","sticky":false,"template":"","format":"standard","meta":{"footnotes":""},"categories":[3],"tags":[223,32,210,111],"class_list":["post-8963","post","type-post","status-publish","format-standard","has-post-thumbnail","hentry","category-noticias","tag-facaff","tag-featured","tag-fernandez-fierro","tag-tango"],"_links":{"self":[{"href":"https:\/\/www.fracturaexpuesta.com.ar\/tango\/wp-json\/wp\/v2\/posts\/8963","targetHints":{"allow":["GET"]}}],"collection":[{"href":"https:\/\/www.fracturaexpuesta.com.ar\/tango\/wp-json\/wp\/v2\/posts"}],"about":[{"href":"https:\/\/www.fracturaexpuesta.com.ar\/tango\/wp-json\/wp\/v2\/types\/post"}],"author":[{"embeddable":true,"href":"https:\/\/www.fracturaexpuesta.com.ar\/tango\/wp-json\/wp\/v2\/users\/1"}],"replies":[{"embeddable":true,"href":"https:\/\/www.fracturaexpuesta.com.ar\/tango\/wp-json\/wp\/v2\/comments?post=8963"}],"version-history":[{"count":12,"href":"https:\/\/www.fracturaexpuesta.com.ar\/tango\/wp-json\/wp\/v2\/posts\/8963\/revisions"}],"predecessor-version":[{"id":8978,"href":"https:\/\/www.fracturaexpuesta.com.ar\/tango\/wp-json\/wp\/v2\/posts\/8963\/revisions\/8978"}],"wp:featuredmedia":[{"embeddable":true,"href":"https:\/\/www.fracturaexpuesta.com.ar\/tango\/wp-json\/wp\/v2\/media\/8964"}],"wp:attachment":[{"href":"https:\/\/www.fracturaexpuesta.com.ar\/tango\/wp-json\/wp\/v2\/media?parent=8963"}],"wp:term":[{"taxonomy":"category","embeddable":true,"href":"https:\/\/www.fracturaexpuesta.com.ar\/tango\/wp-json\/wp\/v2\/categories?post=8963"},{"taxonomy":"post_tag","embeddable":true,"href":"https:\/\/www.fracturaexpuesta.com.ar\/tango\/wp-json\/wp\/v2\/tags?post=8963"}],"curies":[{"name":"wp","href":"https:\/\/api.w.org\/{rel}","templated":true}]}}