{"id":9003,"date":"2023-09-06T00:03:45","date_gmt":"2023-09-06T03:03:45","guid":{"rendered":"https:\/\/www.fracturaexpuesta.com.ar\/tango\/?p=9003"},"modified":"2023-09-06T09:25:23","modified_gmt":"2023-09-06T12:25:23","slug":"se-celebra-el-dia-de-la-bailarina-de-tango-por-que-se-conmemora","status":"publish","type":"post","link":"https:\/\/www.fracturaexpuesta.com.ar\/tango\/se-celebra-el-dia-de-la-bailarina-de-tango-por-que-se-conmemora\/","title":{"rendered":"Se celebra el D\u00eda de la bailarina de tango: Mar\u00eda Nieves cumple 89 a\u00f1os"},"content":{"rendered":"\n<p class=\"wp-block-paragraph\">Desde el a\u00f1o pasado, todos los 6 de septiembre se celebra el <em>D\u00eda de la bailarina de tango<\/em> en conmemoraci\u00f3n del <strong>cumplea\u00f1os de la ic\u00f3nica Mar\u00eda Nieves que este mi\u00e9rcoles festeja 89 a\u00f1os.<\/strong><\/p>\n\n\n\n<p class=\"wp-block-paragraph\">As\u00ed lo ratifica el art\u00edculo 1 de la <strong>Ley 6496<\/strong> publicada a fines de 2021: \u00abInstit\u00fayese en el \u00e1mbito de la Ciudad Aut\u00f3noma de Buenos Aires el 6 de septiembre de cada a\u00f1o como el D\u00eda de la bailarina de tango en conmemoraci\u00f3n al natalicio de Mar\u00eda Nieves\u00bb. <\/p>\n\n\n\n<p class=\"wp-block-paragraph\">Mar\u00eda Nieves Rego naci\u00f3 en el barrio de Saavedra en 1934.<\/p>\n\n\n<div class=\"wp-block-image\">\n<figure class=\"aligncenter size-full\"><img loading=\"lazy\" decoding=\"async\" width=\"720\" height=\"900\" src=\"https:\/\/www.fracturaexpuesta.com.ar\/tango\/wp-content\/uploads\/maria-nieves-tango-1.jpg\" alt=\"\" class=\"wp-image-9007\" srcset=\"https:\/\/www.fracturaexpuesta.com.ar\/tango\/wp-content\/uploads\/maria-nieves-tango-1.jpg 720w, https:\/\/www.fracturaexpuesta.com.ar\/tango\/wp-content\/uploads\/maria-nieves-tango-1-240x300.jpg 240w\" sizes=\"auto, (max-width: 720px) 100vw, 720px\" \/><figcaption class=\"wp-element-caption\"><sup><em><mark style=\"background-color:rgba(0, 0, 0, 0)\" class=\"has-inline-color has-cyan-bluish-gray-color\">Nieves, la bailarina ic\u00f3nica del tango<\/mark><\/em><\/sup><\/figcaption><\/figure>\n<\/div>\n\n\n<p class=\"wp-block-paragraph\">Desde adolescente y transcurrida una infancia humilde y dura, Nieves comenz\u00f3 a bailar tango en clubes y milongas porte\u00f1as, motivada por su hermana \u00abLa \u00d1ata\u00bb. All\u00ed conoci\u00f3 a Juan Carlos Copes, durante sus visitas a los bailes del Club Atlanta.<\/p>\n\n\n\n<p class=\"wp-block-paragraph\">Su aporte en la escena del baile de tango ha sido fundamental en la expansi\u00f3n y el reconocimiento de la danza por todo el mundo.<\/p>\n\n\n\n<p class=\"wp-block-paragraph\">La pareja -en la vida y en el baile- que desde joven conform\u00f3 Mar\u00eda con el bailar\u00edn <strong>Juan Carlos Copes <\/strong>se convirti\u00f3 en una de las m\u00e1s celebres del mundo. Tal es as\u00ed que llevaron su arte a grandes escenarios y vitrinas de Europa, Asia y Am\u00e9rica.<\/p>\n\n\n<div class=\"wp-block-image\">\n<figure class=\"aligncenter size-large\"><img loading=\"lazy\" decoding=\"async\" width=\"698\" height=\"1024\" src=\"https:\/\/www.fracturaexpuesta.com.ar\/tango\/wp-content\/uploads\/Maria_Nieves_y_Juan_Carlos_Copes-698x1024.jpg\" alt=\"\" class=\"wp-image-9009\" srcset=\"https:\/\/www.fracturaexpuesta.com.ar\/tango\/wp-content\/uploads\/Maria_Nieves_y_Juan_Carlos_Copes-698x1024.jpg 698w, https:\/\/www.fracturaexpuesta.com.ar\/tango\/wp-content\/uploads\/Maria_Nieves_y_Juan_Carlos_Copes-204x300.jpg 204w, https:\/\/www.fracturaexpuesta.com.ar\/tango\/wp-content\/uploads\/Maria_Nieves_y_Juan_Carlos_Copes-768x1127.jpg 768w, https:\/\/www.fracturaexpuesta.com.ar\/tango\/wp-content\/uploads\/Maria_Nieves_y_Juan_Carlos_Copes.jpg 800w\" sizes=\"auto, (max-width: 698px) 100vw, 698px\" \/><figcaption class=\"wp-element-caption\"><sup><em><mark style=\"background-color:rgba(0, 0, 0, 0)\" class=\"has-inline-color has-cyan-bluish-gray-color\">Nieves y Copes, la pareja estelar del tango argentino<\/mark><\/em><\/sup><\/figcaption><\/figure>\n<\/div>\n\n\n<p class=\"wp-block-paragraph\">El \u00e9xito del espect\u00e1culo Tango Argentino los tuvo tambi\u00e9n como pareja estelar y acrecent\u00f3 el reconocimiento que hab\u00edan forjado. En Nueva York, Ed Sullivan invit\u00f3 a Copes y Nieves a bailar en su famoso programa de televisi\u00f3n al tiempo que el presidente Ronald Reagan los contrat\u00f3 para bailar en la Casa Blanca.<\/p>\n\n\n\n<figure class=\"wp-block-embed is-type-video is-provider-youtube wp-block-embed-youtube wp-embed-aspect-4-3 wp-has-aspect-ratio\"><div class=\"wp-block-embed__wrapper\">\n<iframe loading=\"lazy\" title=\"Copes y Nieves 1962. Ed Sullivan Show\" width=\"640\" height=\"480\" src=\"https:\/\/www.youtube.com\/embed\/IprU2BqivCw?feature=oembed\" frameborder=\"0\" allow=\"accelerometer; autoplay; clipboard-write; encrypted-media; gyroscope; picture-in-picture; web-share\" referrerpolicy=\"strict-origin-when-cross-origin\" allowfullscreen><\/iframe>\n<\/div><\/figure>\n\n\n\n<p class=\"wp-block-paragraph\"><\/p>\n\n\n\n<p class=\"wp-block-paragraph\">Con sus 89 a\u00f1os, hoy Mar\u00eda Nieves contin\u00faa dando pasos de baile. <\/p>\n\n\n\n<p class=\"wp-block-paragraph\">D\u00edas atr\u00e1s, en ocasi\u00f3n del Festival y Mundial Tango BA 2023, bail\u00f3 junto a \u00abPancho\u00bb Mart\u00ednez Pey.<\/p>\n\n\n\n<figure class=\"wp-block-embed is-type-video is-provider-youtube wp-block-embed-youtube wp-embed-aspect-4-3 wp-has-aspect-ratio\"><div class=\"wp-block-embed__wrapper\">\n<iframe loading=\"lazy\" title=\"mundial de tango 2023 Mar\u00eda nieves y pancho Mart\u00ednez pey\" width=\"640\" height=\"480\" src=\"https:\/\/www.youtube.com\/embed\/xwHJrI3uGAc?feature=oembed\" frameborder=\"0\" allow=\"accelerometer; autoplay; clipboard-write; encrypted-media; gyroscope; picture-in-picture; web-share\" referrerpolicy=\"strict-origin-when-cross-origin\" allowfullscreen><\/iframe>\n<\/div><\/figure>\n\n\n\n<p class=\"wp-block-paragraph\"><\/p>\n\n\n\n<p class=\"wp-block-paragraph\">Con clara estampa tanguera, Nieves sigue condensando en la actualidad el alma de una Buenos Aires que siente y se mueve a ritmo de tango. Eso quiere decir, entre luces y sombras que en su intercambio producen algo nuevo, original. Una expresi\u00f3n hacia lo vital. <\/p>\n\n\n\n<p class=\"wp-block-paragraph\">As\u00ed es Mar\u00eda, viva Mar\u00eda Nieves!<\/p>\n\n\n<div class=\"wp-block-image\">\n<figure class=\"aligncenter size-full\"><img loading=\"lazy\" decoding=\"async\" width=\"669\" height=\"1021\" src=\"https:\/\/www.fracturaexpuesta.com.ar\/tango\/wp-content\/uploads\/maria-nieves-anibal-troilo.jpg\" alt=\"\" class=\"wp-image-9015\" srcset=\"https:\/\/www.fracturaexpuesta.com.ar\/tango\/wp-content\/uploads\/maria-nieves-anibal-troilo.jpg 669w, https:\/\/www.fracturaexpuesta.com.ar\/tango\/wp-content\/uploads\/maria-nieves-anibal-troilo-197x300.jpg 197w\" sizes=\"auto, (max-width: 669px) 100vw, 669px\" \/><\/figure>\n<\/div>\n\n\n<p class=\"wp-block-paragraph\"><\/p>\n","protected":false},"excerpt":{"rendered":"<p>El 6 de septiembre se festeja en Buenos Aires el D\u00eda de la bailarina de tango.<\/p>\n","protected":false},"author":1,"featured_media":9006,"comment_status":"open","ping_status":"open","sticky":false,"template":"","format":"standard","meta":{"footnotes":""},"categories":[3],"tags":[32,571,417,111],"class_list":["post-9003","post","type-post","status-publish","format-standard","has-post-thumbnail","hentry","category-noticias","tag-featured","tag-juan-carlos-copes","tag-maria-nieves","tag-tango"],"_links":{"self":[{"href":"https:\/\/www.fracturaexpuesta.com.ar\/tango\/wp-json\/wp\/v2\/posts\/9003","targetHints":{"allow":["GET"]}}],"collection":[{"href":"https:\/\/www.fracturaexpuesta.com.ar\/tango\/wp-json\/wp\/v2\/posts"}],"about":[{"href":"https:\/\/www.fracturaexpuesta.com.ar\/tango\/wp-json\/wp\/v2\/types\/post"}],"author":[{"embeddable":true,"href":"https:\/\/www.fracturaexpuesta.com.ar\/tango\/wp-json\/wp\/v2\/users\/1"}],"replies":[{"embeddable":true,"href":"https:\/\/www.fracturaexpuesta.com.ar\/tango\/wp-json\/wp\/v2\/comments?post=9003"}],"version-history":[{"count":16,"href":"https:\/\/www.fracturaexpuesta.com.ar\/tango\/wp-json\/wp\/v2\/posts\/9003\/revisions"}],"predecessor-version":[{"id":9029,"href":"https:\/\/www.fracturaexpuesta.com.ar\/tango\/wp-json\/wp\/v2\/posts\/9003\/revisions\/9029"}],"wp:featuredmedia":[{"embeddable":true,"href":"https:\/\/www.fracturaexpuesta.com.ar\/tango\/wp-json\/wp\/v2\/media\/9006"}],"wp:attachment":[{"href":"https:\/\/www.fracturaexpuesta.com.ar\/tango\/wp-json\/wp\/v2\/media?parent=9003"}],"wp:term":[{"taxonomy":"category","embeddable":true,"href":"https:\/\/www.fracturaexpuesta.com.ar\/tango\/wp-json\/wp\/v2\/categories?post=9003"},{"taxonomy":"post_tag","embeddable":true,"href":"https:\/\/www.fracturaexpuesta.com.ar\/tango\/wp-json\/wp\/v2\/tags?post=9003"}],"curies":[{"name":"wp","href":"https:\/\/api.w.org\/{rel}","templated":true}]}}