{"id":9100,"date":"2023-09-17T15:05:56","date_gmt":"2023-09-17T18:05:56","guid":{"rendered":"https:\/\/www.fracturaexpuesta.com.ar\/tango\/?p=9100"},"modified":"2023-09-17T16:08:02","modified_gmt":"2023-09-17T19:08:02","slug":"suena-tango-discos-recientemente-editados-que-tenes-que-escuchar","status":"publish","type":"post","link":"https:\/\/www.fracturaexpuesta.com.ar\/tango\/suena-tango-discos-recientemente-editados-que-tenes-que-escuchar\/","title":{"rendered":"Suena tango: discos recientemente editados que ten\u00e9s que escuchar"},"content":{"rendered":"\n<p class=\"wp-block-paragraph\">Mientras 2023 comienza a entrar en su recta final, la producci\u00f3n discogr\u00e1fica de tango no se detiene.<\/p>\n\n\n\n<p class=\"wp-block-paragraph\">Los \u00faltimos meses fueron intensos en materia de lanzamientos de discos. <\/p>\n\n\n\n<p class=\"wp-block-paragraph\"><em>Fractura Expuesta<\/em> reuni\u00f3 a algunas de las producciones m\u00e1s recientes de los grupos y artistas que suenan en el tango de hoy y que tambi\u00e9n tienen su lugar en la programaci\u00f3n diaria de <a href=\"https:\/\/www.fracturaexpuesta.com.ar\/doblearadio\/\" target=\"_blank\" rel=\"noopener\" title=\"\"><em><strong>Doble A | Radio Tango<\/strong><\/em><\/a>. <\/p>\n\n\n\n<p class=\"wp-block-paragraph\">Aqu\u00ed la primera entrega.<\/p>\n\n\n\n<p class=\"wp-block-paragraph\" style=\"font-size:26px\">&#x1f508; <strong><mark style=\"background-color:#fcb900\" class=\"has-inline-color\">Ullman &#8211; <em>Ya est\u00e1 en el aire<\/em><\/mark><\/strong><\/p>\n\n\n\n<p class=\"wp-block-paragraph\">Un repertorio abocado a trabajar la tradici\u00f3n del tango con un abordaje sonoro actual. Por all\u00ed ronda <em><a href=\"https:\/\/open.spotify.com\/intl-es\/album\/7gUN8jXhX5cSlhvzuUnKpi\" target=\"_blank\" rel=\"noopener\" title=\"\">Ya esta en el aire<\/a><\/em>, disco del cuarteto Ulllman que integran las m\u00fasicas Carolina Rodr\u00edguez (viol\u00edn), Luc\u00eda Ram\u00edrez (bandone\u00f3n), Geraldina Carnicina (contrabajo) y Leda Torres (piano y arreglos). <\/p>\n\n\n\n<p class=\"wp-block-paragraph\">Buena selecci\u00f3n de repertorio (\u201cEl amanecer\u201d, \u201cTierra querida\u201d o \u201cRedenci\u00f3n\u201d) junto a rescates y adaptaciones de obras como \u201cTema para un hombre solo\u201d (Eduardo Rovira) o la versi\u00f3n instrumental de \u201cMargarita Gauthier\u201d. Con la participaci\u00f3n de las cantantes Lidia Borda, In\u00e9s Cuello, Ana Sof\u00eda Stamponi y la percusionista Eliana Zarabozo.<\/p>\n\n\n\n<figure class=\"wp-block-embed is-type-video is-provider-youtube wp-block-embed-youtube wp-embed-aspect-16-9 wp-has-aspect-ratio\"><div class=\"wp-block-embed__wrapper\">\n<iframe loading=\"lazy\" title=\"Ullmann Cuarteto - &quot;Ya est\u00e1 en el aire&quot; (Disco completo)\" width=\"640\" height=\"360\" src=\"https:\/\/www.youtube.com\/embed\/QdW6_7okbDc?feature=oembed\" frameborder=\"0\" allow=\"accelerometer; autoplay; clipboard-write; encrypted-media; gyroscope; picture-in-picture; web-share\" referrerpolicy=\"strict-origin-when-cross-origin\" allowfullscreen><\/iframe>\n<\/div><\/figure>\n\n\n\n<p class=\"wp-block-paragraph\"><\/p>\n\n\n\n<p class=\"wp-block-paragraph\" style=\"font-size:26px\">&#x1f508; <strong><mark style=\"background-color:#fcb900\" class=\"has-inline-color\">Masm\u00e9dula <em>&#8211; El esta\u00f1o<\/em><\/mark><\/strong><\/p>\n\n\n\n<p class=\"wp-block-paragraph\">Inspirado en las resonancias de libros de autores como Mariana Enr\u00edquez, Samanta Schweblin, C\u00e9sar Gonz\u00e1lez, Pablo Ramos, Selva Almada o Beatriz Vignoli, el grupo rosarino Masm\u00e9dula dio a conocer <em>El esta\u00f1o<\/em>, <a href=\"https:\/\/open.spotify.com\/intl-es\/album\/5pN94O0nTwgrp0Pek2FNJW\" target=\"_blank\" rel=\"noopener\" title=\"\">su segundo disco de estudio<\/a>.<\/p>\n\n\n\n<p class=\"wp-block-paragraph\">Obras originales e instrumentales que consolidan el notable trabajo compositivo del universo actual del tango. Una conversaci\u00f3n con la literatura que expande las posibilidades del estilo musical como herramienta de expresi\u00f3n art\u00edstica.<\/p>\n\n\n\n<figure class=\"wp-block-embed is-type-video is-provider-youtube wp-block-embed-youtube wp-embed-aspect-4-3 wp-has-aspect-ratio\"><div class=\"wp-block-embed__wrapper\">\n<iframe loading=\"lazy\" title=\"El esta\u00f1o de los peces\" width=\"640\" height=\"480\" src=\"https:\/\/www.youtube.com\/embed\/UCAHrROytm0?feature=oembed\" frameborder=\"0\" allow=\"accelerometer; autoplay; clipboard-write; encrypted-media; gyroscope; picture-in-picture; web-share\" referrerpolicy=\"strict-origin-when-cross-origin\" allowfullscreen><\/iframe>\n<\/div><\/figure>\n\n\n\n<p class=\"wp-block-paragraph\"><\/p>\n\n\n\n<p class=\"wp-block-paragraph\" style=\"font-size:26px\">&#x1f508; <strong><mark style=\"background-color:#fcb900\" class=\"has-inline-color\">Ruido Gaucho <em>&#8211; Ruido Gaucho<\/em><\/mark><\/strong><\/p>\n\n\n\n<p class=\"wp-block-paragraph\">Ruido Gaucho es la nueva agrupaci\u00f3n del guitarrista y compositor Lucas Ferrara (ex<em> Bombay Bs. As.<\/em>). Composiciones propias que combinan folklore, tango y sintetizadores. <a href=\"https:\/\/open.spotify.com\/intl-es\/album\/10EQkCvJ2rphJ86o7gQ9hw\" target=\"_blank\" rel=\"noopener\" title=\"\">Un disco hom\u00f3nimo<\/a> que explora las tensiones y puntos de encuentro entre opuestos. Campo-ciudad, ruido-quietud, ac\u00fastico-el\u00e9ctrico. Tal vez se\u00f1ales desde el paisaje de Pig\u00fc\u00e9, nueva residencia del m\u00fasico en la pampa bonaerense. <\/p>\n\n\n\n<p class=\"wp-block-paragraph\">Con Luciana Combes (voz) e Iv\u00e1n Rosenbluth (guitarra el\u00e9ctrica y sintetizador) e invitados como Manuel Moretti de Estelares, Kalefa de Karamelo Santo, Roc\u00edo Sanjurjo \u00c1balos y Emilia Parodi.<\/p>\n\n\n\n<figure class=\"wp-block-embed is-type-video is-provider-youtube wp-block-embed-youtube wp-embed-aspect-16-9 wp-has-aspect-ratio\"><div class=\"wp-block-embed__wrapper\">\n<iframe loading=\"lazy\" title=\"RUIDO GAUCHO - Full \u00e1lbum (2023)\" width=\"640\" height=\"360\" src=\"https:\/\/www.youtube.com\/embed\/FO0jKjAvp_A?feature=oembed\" frameborder=\"0\" allow=\"accelerometer; autoplay; clipboard-write; encrypted-media; gyroscope; picture-in-picture; web-share\" referrerpolicy=\"strict-origin-when-cross-origin\" allowfullscreen><\/iframe>\n<\/div><\/figure>\n\n\n\n<p class=\"wp-block-paragraph\"><\/p>\n\n\n\n<p class=\"wp-block-paragraph\" style=\"font-size:26px\">&#x1f508; <strong><mark style=\"background-color:#fcb900\" class=\"has-inline-color\">Carolina Minella &#8211; <em>Minella<\/em><\/mark><\/strong><\/p>\n\n\n\n<p class=\"wp-block-paragraph\">Cuarto trabajo discogr\u00e1fico de la cantante. En <em><a href=\"https:\/\/open.spotify.com\/intl-es\/album\/0tIbCXDeIBoSdxXvLrpsR9\" target=\"_blank\" rel=\"noopener\" title=\"\">Minella<\/a><\/em>, Carolina reapropia tangos y canciones que fueron \u00edconos de cantoras y cantores de la m\u00fasica popular. <\/p>\n\n\n\n<p class=\"wp-block-paragraph\">\u00abMe siento identificada con un repertorio que contengan un mensaje, algo importante para transmitir. Cada canci\u00f3n que eleg\u00ed para este disco habla del amor desde todas sus miradas, as\u00ed tambi\u00e9n de mi compromiso y profundo deseo de igualdad social, tan necesaria en estos tiempos\u201d, dice Minella. <\/p>\n\n\n\n<p class=\"wp-block-paragraph\">Con temas como \u00abSe dice de m\u00ed\u00bb, el in\u00e9dito \u00abTal vez\u00bb (Baltar-Fedel), \u201cLa primera palabra\u201d (Piazzolla-Ferrer), \u201cRebeld\u00eda\u201d (Canet) y \u201cS\u00f3lo se trata de vivir\u201d (Nebbia).<\/p>\n\n\n\n<figure class=\"wp-block-embed is-type-video is-provider-youtube wp-block-embed-youtube wp-embed-aspect-16-9 wp-has-aspect-ratio\"><div class=\"wp-block-embed__wrapper\">\n<iframe loading=\"lazy\" title=\"MINELLA - SE DICE DE MI ( Video Oficial )\" width=\"640\" height=\"360\" src=\"https:\/\/www.youtube.com\/embed\/GL1Ae7EtEso?feature=oembed\" frameborder=\"0\" allow=\"accelerometer; autoplay; clipboard-write; encrypted-media; gyroscope; picture-in-picture; web-share\" referrerpolicy=\"strict-origin-when-cross-origin\" allowfullscreen><\/iframe>\n<\/div><\/figure>\n\n\n\n<p class=\"wp-block-paragraph\"><\/p>\n\n\n\n<p class=\"wp-block-paragraph\" style=\"font-size:26px\">&#x1f508; <strong><mark style=\"background-color:#fcb900\" class=\"has-inline-color\">Juan Lorenzo <em>&#8211; Alto Ruido<\/em><\/mark><\/strong><\/p>\n\n\n\n<p class=\"wp-block-paragraph\">Guitarrista, artista pl\u00e1stico y compositor, Juan Lorenzo (otro <em>Bombay Bs. As.<\/em>) tiene nuevo disco solista. <a href=\"https:\/\/open.spotify.com\/intl-es\/album\/7l7JHWdaVBbf6jhPSO12MM\" target=\"_blank\" rel=\"noopener\" title=\"\"><em>Alto ruido<\/em><\/a> est\u00e1 compuesto por 11 obras con m\u00fasicas cantadas e instrumentales para guitarra que apuestan a sonidos diferenciales del tango. Tambi\u00e9n hay adaptaciones para guitarra solista de otros compositores actuales como Mar\u00eda Laura Antonelli, Elbi Olalla, Alejandro Guyot, Pablo Sensottera, \u00abTape\u00bb Rub\u00edn y Mauricio Pieroni.<\/p>\n\n\n\n<figure class=\"wp-block-embed is-type-video is-provider-youtube wp-block-embed-youtube wp-embed-aspect-16-9 wp-has-aspect-ratio\"><div class=\"wp-block-embed__wrapper\">\n<iframe loading=\"lazy\" title=\"3 - AGUA NEGRA. Milonga negra. (Autor\/compositor: Juan Lorenzo)\" width=\"640\" height=\"360\" src=\"https:\/\/www.youtube.com\/embed\/ygSoSRxWt1I?feature=oembed\" frameborder=\"0\" allow=\"accelerometer; autoplay; clipboard-write; encrypted-media; gyroscope; picture-in-picture; web-share\" referrerpolicy=\"strict-origin-when-cross-origin\" allowfullscreen><\/iframe>\n<\/div><\/figure>\n\n\n\n<p class=\"wp-block-paragraph\"><\/p>\n\n\n\n<p class=\"wp-block-paragraph\" style=\"font-size:26px\">&#x1f508; <strong><mark style=\"background-color:#fcb900\" class=\"has-inline-color\">Ximena Gim\u00e9nez <em>&#8211; Un infierno<\/em><\/mark><\/strong><\/p>\n\n\n\n<p class=\"wp-block-paragraph\">Primer trabajo discogr\u00e1fico como solista de la cantante Ximena Gim\u00e9nez. Luego de su paso por grupos como la Orquesta Rom\u00e1ntica Milonguera, La Guardia Nueva y el d\u00fao Siete cuerdas, Gim\u00e9nez apuesta en <em><a href=\"https:\/\/open.spotify.com\/album\/5mIPe54szMVtDCMgDk0OA3\" target=\"_blank\" rel=\"noopener\" title=\"\">Un infierno<\/a> <\/em>a una selecci\u00f3n de tangos atravesados en su tem\u00e1tica por los rezongos del amor. Canto y m\u00fasica que apelan tambi\u00e9n en su abordaje a la danza milonguera. Versiones de tangos como \u00abDesvelo\u00bb, \u00abEn carne propia\u00bb o Mi tango triste\u00bb.<\/p>\n\n\n\n<figure class=\"wp-block-embed is-type-video is-provider-youtube wp-block-embed-youtube wp-embed-aspect-4-3 wp-has-aspect-ratio\"><div class=\"wp-block-embed__wrapper\">\n<iframe loading=\"lazy\" title=\"Un Infierno\" width=\"640\" height=\"480\" src=\"https:\/\/www.youtube.com\/embed\/WbMwY5QOzUM?feature=oembed\" frameborder=\"0\" allow=\"accelerometer; autoplay; clipboard-write; encrypted-media; gyroscope; picture-in-picture; web-share\" referrerpolicy=\"strict-origin-when-cross-origin\" allowfullscreen><\/iframe>\n<\/div><\/figure>\n","protected":false},"excerpt":{"rendered":"<p>Lo que suena hoy en el tango. Nuevos discos para conocer a artistas y grupos actuales.<\/p>\n","protected":false},"author":1,"featured_media":9131,"comment_status":"open","ping_status":"open","sticky":false,"template":"","format":"standard","meta":{"footnotes":""},"categories":[4],"tags":[389,32,572,275,575,111,573,574],"class_list":["post-9100","post","type-post","status-publish","format-standard","has-post-thumbnail","hentry","category-discos","tag-carolina-minella","tag-featured","tag-juan-lorenzo","tag-masmedula","tag-ruido-gaucho","tag-tango","tag-ullman","tag-ximena-gimenez"],"_links":{"self":[{"href":"https:\/\/www.fracturaexpuesta.com.ar\/tango\/wp-json\/wp\/v2\/posts\/9100","targetHints":{"allow":["GET"]}}],"collection":[{"href":"https:\/\/www.fracturaexpuesta.com.ar\/tango\/wp-json\/wp\/v2\/posts"}],"about":[{"href":"https:\/\/www.fracturaexpuesta.com.ar\/tango\/wp-json\/wp\/v2\/types\/post"}],"author":[{"embeddable":true,"href":"https:\/\/www.fracturaexpuesta.com.ar\/tango\/wp-json\/wp\/v2\/users\/1"}],"replies":[{"embeddable":true,"href":"https:\/\/www.fracturaexpuesta.com.ar\/tango\/wp-json\/wp\/v2\/comments?post=9100"}],"version-history":[{"count":38,"href":"https:\/\/www.fracturaexpuesta.com.ar\/tango\/wp-json\/wp\/v2\/posts\/9100\/revisions"}],"predecessor-version":[{"id":9142,"href":"https:\/\/www.fracturaexpuesta.com.ar\/tango\/wp-json\/wp\/v2\/posts\/9100\/revisions\/9142"}],"wp:featuredmedia":[{"embeddable":true,"href":"https:\/\/www.fracturaexpuesta.com.ar\/tango\/wp-json\/wp\/v2\/media\/9131"}],"wp:attachment":[{"href":"https:\/\/www.fracturaexpuesta.com.ar\/tango\/wp-json\/wp\/v2\/media?parent=9100"}],"wp:term":[{"taxonomy":"category","embeddable":true,"href":"https:\/\/www.fracturaexpuesta.com.ar\/tango\/wp-json\/wp\/v2\/categories?post=9100"},{"taxonomy":"post_tag","embeddable":true,"href":"https:\/\/www.fracturaexpuesta.com.ar\/tango\/wp-json\/wp\/v2\/tags?post=9100"}],"curies":[{"name":"wp","href":"https:\/\/api.w.org\/{rel}","templated":true}]}}