{"id":9269,"date":"2023-10-06T15:58:48","date_gmt":"2023-10-06T18:58:48","guid":{"rendered":"https:\/\/www.fracturaexpuesta.com.ar\/tango\/?p=9269"},"modified":"2023-11-22T15:20:00","modified_gmt":"2023-11-22T18:20:00","slug":"mariano-gonzalez-calo-el-tango-es-del-que-lo-hace","status":"publish","type":"post","link":"https:\/\/www.fracturaexpuesta.com.ar\/tango\/mariano-gonzalez-calo-el-tango-es-del-que-lo-hace\/","title":{"rendered":"Mariano Gonz\u00e1lez Calo: \u00abEl tango es del que lo hace\u00bb"},"content":{"rendered":"\n<p class=\"wp-block-paragraph\"><strong>\u00bfUn disco, un libro, una pel\u00edcula?<\/strong><\/p>\n\n\n\n<p class=\"wp-block-paragraph\"><em>Taconeando<\/em>, del cuarteto de Troilo-Grela. <br><em>Triste, solitario y final<\/em>, de Osvaldo Soriano. <br>Toda la saga <em>Ip Man<\/em>.<\/p>\n\n\n\n<p class=\"wp-block-paragraph\"><strong>\u00bfUn tango imprescindible?<\/strong><\/p>\n\n\n\n<p class=\"wp-block-paragraph\">\u00abEl Marne\u00bb, de Arolas.<\/p>\n\n\n\n<p class=\"wp-block-paragraph\"><strong>\u00bfQu\u00e9 artista o disco recomienda para conocer lo que suena hoy en el tango?<\/strong><\/p>\n\n\n\n<p class=\"wp-block-paragraph\">No creo que exista un artista suficientemente representativo de toda la movida tanguera, por su vastedad de estilos y est\u00e9ticas. Recomendar\u00eda que sigan a <em>Fractura Expuesta<\/em> y a los dem\u00e1s medios que difunden el tango.<\/p>\n\n\n<div class=\"wp-block-image\">\n<figure class=\"aligncenter size-full\"><img loading=\"lazy\" decoding=\"async\" width=\"700\" height=\"875\" src=\"https:\/\/www.fracturaexpuesta.com.ar\/tango\/wp-content\/uploads\/mariano-gonzalez-calo-1.jpg\" alt=\"\" class=\"wp-image-9271\" srcset=\"https:\/\/www.fracturaexpuesta.com.ar\/tango\/wp-content\/uploads\/mariano-gonzalez-calo-1.jpg 700w, https:\/\/www.fracturaexpuesta.com.ar\/tango\/wp-content\/uploads\/mariano-gonzalez-calo-1-240x300.jpg 240w\" sizes=\"auto, (max-width: 700px) 100vw, 700px\" \/><figcaption class=\"wp-element-caption\"><sup><em><mark style=\"background-color:rgba(0, 0, 0, 0)\" class=\"has-inline-color has-cyan-bluish-gray-color\">El bandoneonista Mariano Gonz\u00e1lez Calo.<\/mark><\/em><\/sup><\/figcaption><\/figure>\n<\/div>\n\n\n<p class=\"wp-block-paragraph\"><strong>\u00bfUn referente cl\u00e1sico que no hay que dejar de escuchar?<\/strong><\/p>\n\n\n\n<p class=\"wp-block-paragraph\">An\u00edbal Troilo.<\/p>\n\n\n\n<p class=\"wp-block-paragraph\"><strong>\u00bfC\u00f3mo y cu\u00e1ndo oye m\u00fasica? \u00bfVinilo, CD, mp3 o plataformas digitales?<\/strong><\/p>\n\n\n\n<p class=\"wp-block-paragraph\">A veces pongo un vinilo en alg\u00fan momento ocioso y calmo. El resto del tiempo con la compu, mayormente YouTube.<\/p>\n\n\n\n<p class=\"wp-block-paragraph\"><strong>\u00bfQu\u00e9 ama del tango?<\/strong><\/p>\n\n\n\n<p class=\"wp-block-paragraph\">Que es mucho mas que un g\u00e9nero musical. Es un mundo donde vivir.<\/p>\n\n\n\n<p class=\"wp-block-paragraph\"><strong>\u00bfQu\u00e9 detesta del tango?<\/strong><\/p>\n\n\n\n<p class=\"wp-block-paragraph\">No creo que tenga la culpa de nada.<\/p>\n\n\n\n<p class=\"wp-block-paragraph\"><strong>Si no se dedicara al tango \u00bfser\u00eda\u2026?<\/strong><\/p>\n\n\n\n<p class=\"wp-block-paragraph\">Astronauta.<\/p>\n\n\n\n<p class=\"wp-block-paragraph\"><strong>\u00bfCu\u00e1l fue su \u00faltimo sue\u00f1o?<\/strong><\/p>\n\n\n\n<p class=\"wp-block-paragraph\">Duermo muy profundo, raramente recuerdo alg\u00fan sue\u00f1o.<\/p>\n\n\n\n<p class=\"wp-block-paragraph\"><strong>Diga lo que tenga ganas de expresar en este momento\u2026<\/strong><\/p>\n\n\n\n<p class=\"wp-block-paragraph\">El tango es del que lo hace.<\/p>\n\n\n\n<p class=\"wp-block-paragraph\"><\/p>\n\n\n\n<iframe loading=\"lazy\" width=\"700\" height=\"455\" src=\"https:\/\/www.youtube.com\/embed\/8HdwaX9pgPI?si=mIumIENr9ebXa_wP\" title=\"YouTube video player\" frameborder=\"0\" allow=\"accelerometer; autoplay; clipboard-write; encrypted-media; gyroscope; picture-in-picture; web-share\" allowfullscreen><\/iframe>\n\n\n\n<iframe loading=\"lazy\" width=\"700\" height=\"455\" src=\"https:\/\/www.youtube.com\/embed\/IremWQ1hATw?si=5N0lhRRGgeMIT3zX\" title=\"YouTube video player\" frameborder=\"0\" allow=\"accelerometer; autoplay; clipboard-write; encrypted-media; gyroscope; picture-in-picture; web-share\" allowfullscreen><\/iframe>\n","protected":false},"excerpt":{"rendered":"<p>Bandoneonista y compositor al frente de su propio quinteto e integrante de Astillero, Mariano Gonz\u00e1lez Calo responde el Cuestionario Fractura Expuesta.<\/p>\n","protected":false},"author":1,"featured_media":9270,"comment_status":"open","ping_status":"open","sticky":false,"template":"","format":"standard","meta":{"footnotes":""},"categories":[159],"tags":[131,161,32,475,111],"class_list":["post-9269","post","type-post","status-publish","format-standard","has-post-thumbnail","hentry","category-cuestionario-fractura-expuesta","tag-astillero","tag-cuestionario-fractura-expuesta","tag-featured","tag-mariano-gonzalez-calo","tag-tango"],"_links":{"self":[{"href":"https:\/\/www.fracturaexpuesta.com.ar\/tango\/wp-json\/wp\/v2\/posts\/9269","targetHints":{"allow":["GET"]}}],"collection":[{"href":"https:\/\/www.fracturaexpuesta.com.ar\/tango\/wp-json\/wp\/v2\/posts"}],"about":[{"href":"https:\/\/www.fracturaexpuesta.com.ar\/tango\/wp-json\/wp\/v2\/types\/post"}],"author":[{"embeddable":true,"href":"https:\/\/www.fracturaexpuesta.com.ar\/tango\/wp-json\/wp\/v2\/users\/1"}],"replies":[{"embeddable":true,"href":"https:\/\/www.fracturaexpuesta.com.ar\/tango\/wp-json\/wp\/v2\/comments?post=9269"}],"version-history":[{"count":4,"href":"https:\/\/www.fracturaexpuesta.com.ar\/tango\/wp-json\/wp\/v2\/posts\/9269\/revisions"}],"predecessor-version":[{"id":9276,"href":"https:\/\/www.fracturaexpuesta.com.ar\/tango\/wp-json\/wp\/v2\/posts\/9269\/revisions\/9276"}],"wp:featuredmedia":[{"embeddable":true,"href":"https:\/\/www.fracturaexpuesta.com.ar\/tango\/wp-json\/wp\/v2\/media\/9270"}],"wp:attachment":[{"href":"https:\/\/www.fracturaexpuesta.com.ar\/tango\/wp-json\/wp\/v2\/media?parent=9269"}],"wp:term":[{"taxonomy":"category","embeddable":true,"href":"https:\/\/www.fracturaexpuesta.com.ar\/tango\/wp-json\/wp\/v2\/categories?post=9269"},{"taxonomy":"post_tag","embeddable":true,"href":"https:\/\/www.fracturaexpuesta.com.ar\/tango\/wp-json\/wp\/v2\/tags?post=9269"}],"curies":[{"name":"wp","href":"https:\/\/api.w.org\/{rel}","templated":true}]}}