{"id":9300,"date":"2023-10-19T23:29:38","date_gmt":"2023-10-20T02:29:38","guid":{"rendered":"https:\/\/www.fracturaexpuesta.com.ar\/tango\/?p=9300"},"modified":"2023-11-22T15:16:03","modified_gmt":"2023-11-22T18:16:03","slug":"picadito-de-tango-55-llega-sonando","status":"publish","type":"post","link":"https:\/\/www.fracturaexpuesta.com.ar\/tango\/picadito-de-tango-55-llega-sonando\/","title":{"rendered":"Picadito de tango #55: llega sonando&#8230;"},"content":{"rendered":"\n<p class=\"has-text-color wp-block-paragraph\" style=\"color:#ff0000;font-size:26px\"><strong>Rinaldi y Piro, por primera vez juntos en un \u00e1lbum<\/strong><\/p>\n\n\n\n<p class=\"wp-block-paragraph\">La cantante y actriz Susana Rinaldi y el bandoneonista, compositor y director Osvaldo Piro, acaban de presentar <em><strong>Reencuentro<\/strong><\/em>, un \u00e1lbum que los re\u00fane por primera vez en un estudio de grabaci\u00f3n para compartir su arte.<\/p>\n\n\n\n<p class=\"wp-block-paragraph\">Dos notables referentes del tango que fueron pareja y que ahora presentan un material conjunto compuesto de <strong>obras instrumentales<\/strong> de Piro junto a <strong>cl\u00e1sicos del g\u00e9nero<\/strong> recreados por Rinaldi y una orquesta de doce m\u00fasicos.<\/p>\n\n\n\n<p class=\"wp-block-paragraph\">\u201cPlenilunio\u201d (Osvaldo Piro), \u201cSur\u201d (Homero Manzi-An\u00edbal Troilo), \u201cYuyo Verde\u201d (Homero Exp\u00f3sito-Domingo Federico) o \u201cUrbano\u201d (Osvaldo Piro) integran un disco que tendr\u00e1 su presentaci\u00f3n oficial en concierto el&nbsp; <strong>jueves 30 de noviembre<\/strong> en el Teatro Coliseo (M.T. de Alvear 1125).<\/p>\n\n\n\n<p class=\"wp-block-paragraph\">&#x1f3a7; <strong><mark style=\"background-color:#fcb900\" class=\"has-inline-color\"><em>Escuch\u00e1 \u201cReencuentro\u201d de Susana Rinaldi y Osvaldo Piro:<\/em><\/mark><\/strong><\/p>\n\n\n\n<iframe loading=\"lazy\" width=\"700\" height=\"455\" src=\"https:\/\/www.youtube.com\/embed\/Sv_ZPwmP8eU?si=Oz5FbcyfzZavE3HF\" title=\"YouTube video player\" frameborder=\"0\" allow=\"accelerometer; autoplay; clipboard-write; encrypted-media; gyroscope; picture-in-picture; web-share\" allowfullscreen><\/iframe>\n\n\n\n<p class=\"wp-block-paragraph\"><\/p>\n\n\n\n<p class=\"has-text-color wp-block-paragraph\" style=\"color:#fe0000;font-size:26px\"><strong>A las fuentes de Quiero 24<\/strong><\/p>\n\n\n\n<p class=\"wp-block-paragraph\">Los m\u00fasicos de Quiero 24 pasaron su adolescencia atravesada por el sonido rockero de la d\u00e9cada del 90. Por eso, decidieron hacer sus propias versiones de canciones emblem\u00e1ticas de esa d\u00e9cada en formato de tango, milonga, candombe y vals. El resultado, nuevo disco titulado <em><strong>Vieja escuela 90<\/strong>.<\/em><\/p>\n\n\n\n<p class=\"wp-block-paragraph\">El nuevo material, que tendr\u00e1 <strong>su debut en vivo el 11 de noviembre<\/strong> en el CAFF, incluye versiones de \u201cMujer amante\u201d de Rata Blanca con cadencia de vals, \u201cQue ves\u201d de Divididos y \u201cEl final es en donde part\u00ed\u201d de La Renga convertidos en tangos, \u201cChipi Chipi\u201d de Charly Garc\u00eda con esp\u00edritu candombero y \u201cMatador\u201d de los Fabulosos Cadillacs en ritmo de milonga, entre otras.<\/p>\n\n\n\n<p class=\"wp-block-paragraph\">Se trata del primer trabajo de Quiero 24 en el que no incluyen obras de su autor\u00eda al tiempo que cuenta adem\u00e1s con invitados como los cantantes Dolores Sol\u00e1, Black Rodr\u00edguez M\u00e9ndez e Ivo Colona.<\/p>\n\n\n<div class=\"wp-block-image\">\n<figure class=\"aligncenter size-full\"><img loading=\"lazy\" decoding=\"async\" width=\"1000\" height=\"667\" src=\"https:\/\/www.fracturaexpuesta.com.ar\/tango\/wp-content\/uploads\/quiero24-1.jpg\" alt=\"\" class=\"wp-image-9302\" srcset=\"https:\/\/www.fracturaexpuesta.com.ar\/tango\/wp-content\/uploads\/quiero24-1.jpg 1000w, https:\/\/www.fracturaexpuesta.com.ar\/tango\/wp-content\/uploads\/quiero24-1-300x200.jpg 300w, https:\/\/www.fracturaexpuesta.com.ar\/tango\/wp-content\/uploads\/quiero24-1-768x512.jpg 768w\" sizes=\"auto, (max-width: 1000px) 100vw, 1000px\" \/><figcaption class=\"wp-element-caption\"><sup><em><mark style=\"background-color:rgba(0, 0, 0, 0)\" class=\"has-inline-color has-cyan-bluish-gray-color\">Quiero 24, versi\u00f3n 2023.<\/mark><\/em><\/sup><\/figcaption><\/figure>\n<\/div>\n\n\n<p class=\"has-text-color wp-block-paragraph\" style=\"color:#ff0000;font-size:26px\"><strong>Cucuza: m\u00e1s tango y rock<\/strong><\/p>\n\n\n\n<p class=\"wp-block-paragraph\">Quien tambi\u00e9n reafirma su crianza en rock y tango es \u201cCucuza\u201d Castiello. El cantor lanz\u00f3 hace pocos d\u00edas un adelanto de lo que ser\u00e1 el segundo cap\u00edtulo de su propuesta -creada en 2013- <strong>Menesunda Tangolencia Rockera<\/strong>, canciones del rock hechas en clave de tango.<\/p>\n\n\n\n<p class=\"wp-block-paragraph\">\u201cSasha, Siss\u00ed y el c\u00edrculo de baba\u201d, ic\u00f3nica canci\u00f3n de <strong>Fito P\u00e1ez<\/strong>, tiene ahora su versi\u00f3n tanguera en la voz de Cucuza y bajo arreglos de la pianista Noelia Sinkunas.<\/p>\n\n\n\n<p class=\"wp-block-paragraph\">&#x1f3a7; <em><strong><mark style=\"background-color:#fcb900\" class=\"has-inline-color\">Escuch\u00e1 \u201cSasha, Siss\u00ed y el c\u00edrculo de baba\u201d:<\/mark><\/strong><\/em><\/p>\n\n\n\n<iframe loading=\"lazy\" width=\"700\" height=\"455\" src=\"https:\/\/www.youtube.com\/embed\/JlXp5U4trpM?si=gcJDHD1lUFWbQVGF\" title=\"YouTube video player\" frameborder=\"0\" allow=\"accelerometer; autoplay; clipboard-write; encrypted-media; gyroscope; picture-in-picture; web-share\" allowfullscreen><\/iframe>\n\n\n\n<p class=\"wp-block-paragraph\"><\/p>\n\n\n\n<p class=\"wp-block-paragraph\"><\/p>\n","protected":false},"excerpt":{"rendered":"<p>Con Susana Rinaldi, Osvaldo Piro, Quiero 24 y Cucuza Castiello.<\/p>\n","protected":false},"author":1,"featured_media":9301,"comment_status":"open","ping_status":"open","sticky":false,"template":"","format":"standard","meta":{"footnotes":""},"categories":[3],"tags":[119,32,248,583,201,581,582],"class_list":["post-9300","post","type-post","status-publish","format-standard","has-post-thumbnail","hentry","category-noticias","tag-cucuza-castiello","tag-featured","tag-fito-paez","tag-osvaldo-piro","tag-picadito","tag-quiero-24","tag-susana-rinaldi"],"_links":{"self":[{"href":"https:\/\/www.fracturaexpuesta.com.ar\/tango\/wp-json\/wp\/v2\/posts\/9300","targetHints":{"allow":["GET"]}}],"collection":[{"href":"https:\/\/www.fracturaexpuesta.com.ar\/tango\/wp-json\/wp\/v2\/posts"}],"about":[{"href":"https:\/\/www.fracturaexpuesta.com.ar\/tango\/wp-json\/wp\/v2\/types\/post"}],"author":[{"embeddable":true,"href":"https:\/\/www.fracturaexpuesta.com.ar\/tango\/wp-json\/wp\/v2\/users\/1"}],"replies":[{"embeddable":true,"href":"https:\/\/www.fracturaexpuesta.com.ar\/tango\/wp-json\/wp\/v2\/comments?post=9300"}],"version-history":[{"count":6,"href":"https:\/\/www.fracturaexpuesta.com.ar\/tango\/wp-json\/wp\/v2\/posts\/9300\/revisions"}],"predecessor-version":[{"id":9308,"href":"https:\/\/www.fracturaexpuesta.com.ar\/tango\/wp-json\/wp\/v2\/posts\/9300\/revisions\/9308"}],"wp:featuredmedia":[{"embeddable":true,"href":"https:\/\/www.fracturaexpuesta.com.ar\/tango\/wp-json\/wp\/v2\/media\/9301"}],"wp:attachment":[{"href":"https:\/\/www.fracturaexpuesta.com.ar\/tango\/wp-json\/wp\/v2\/media?parent=9300"}],"wp:term":[{"taxonomy":"category","embeddable":true,"href":"https:\/\/www.fracturaexpuesta.com.ar\/tango\/wp-json\/wp\/v2\/categories?post=9300"},{"taxonomy":"post_tag","embeddable":true,"href":"https:\/\/www.fracturaexpuesta.com.ar\/tango\/wp-json\/wp\/v2\/tags?post=9300"}],"curies":[{"name":"wp","href":"https:\/\/api.w.org\/{rel}","templated":true}]}}