{"id":9372,"date":"2023-11-02T00:05:00","date_gmt":"2023-11-02T03:05:00","guid":{"rendered":"https:\/\/www.fracturaexpuesta.com.ar\/tango\/?p=9372"},"modified":"2023-11-22T15:15:14","modified_gmt":"2023-11-22T18:15:14","slug":"picadito-de-tango-56-cine-musica-discos","status":"publish","type":"post","link":"https:\/\/www.fracturaexpuesta.com.ar\/tango\/picadito-de-tango-56-cine-musica-discos\/","title":{"rendered":"Picadito de tango #56: cine, m\u00fasica, discos"},"content":{"rendered":"\n<p class=\"has-text-color wp-block-paragraph\" style=\"color:#ff0000;font-size:26px\"><strong>La pel\u00edcula del Polaco<\/strong><\/p>\n\n\n\n<p class=\"wp-block-paragraph\">El jueves 16 de noviembre se estrena en cines la pel\u00edcula <em>Roberto \u00abPolaco\u00bb Goyeneche: las formas de la noche,<\/em> del director Marcelo Goyeneche.<\/p>\n\n\n\n<p class=\"wp-block-paragraph\">\u201cLa b\u00fasqueda de este film es conocer en profundidad a Goyeneche a trav\u00e9s de su propia voz. Queremos que \u00e9l nos cuente su historia. Buscamos en la persona, m\u00e1s all\u00e1 del gran artista\u201d, dice el director que comparte apellido con el icono tanguero. Es m\u00e1s, es su sobrino nieto.<\/p>\n\n\n\n<p class=\"wp-block-paragraph\">Se trata de un documental que, en la voz del Polaco y con distintos materiales f\u00edlmicos, busca narrar la historia y el sentimiento de uno de los m\u00e1ximos exponentes del tango.<\/p>\n\n\n\n<p class=\"wp-block-paragraph\">El film re\u00fane im\u00e1genes, entrevistas, testimonios, audios y material de archivo hasta ahora desconocido y proporcionado por familiares y amigos. Con esa informaci\u00f3n, el documental de 103 minutos reconstruye la vida de Goyeneche a trav\u00e9s de su propia palabra.<\/p>\n\n\n\n<p class=\"wp-block-paragraph\">\u201cConocer en profundidad a ese hombre humilde y sencillo del barrio de Saavedra. Adentrarnos en una de las formas de la noche, la noche de Goyeneche\u201d, resume el director sobre el documental.<\/p>\n\n\n\n<p class=\"wp-block-paragraph\">Con la participaci\u00f3n de Luisa Mirenda, Roberto Goyeneche (h), Jorge Goyeneche, Lorena Goyeneche, Adriana Varela, Jos\u00e9 Col\u00e1ngelo, Litto Nebbia, N\u00e9stor Marconi, Julio D\u00e1vila, Esteban Morgado y Gustavo Varela, entre otros.<\/p>\n\n\n\n<p class=\"wp-block-paragraph\">&#x1f3a5; <strong><mark style=\"background-color:#fcb900\" class=\"has-inline-color\">Mir\u00e1 el trailer de <em>Roberto \u00abPolaco\u00bb Goyeneche, las formas de la noche<\/em>:<\/mark><\/strong><\/p>\n\n\n\n<iframe loading=\"lazy\" width=\"700\" height=\"455\" src=\"https:\/\/www.youtube.com\/embed\/g87mCCzTM6s?si=O69yYxybHS4n0rER\" title=\"YouTube video player\" frameborder=\"0\" allow=\"accelerometer; autoplay; clipboard-write; encrypted-media; gyroscope; picture-in-picture; web-share\" allowfullscreen><\/iframe>\n\n\n\n<p class=\"wp-block-paragraph\"><\/p>\n\n\n\n<p class=\"has-text-color wp-block-paragraph\" style=\"color:#ff0000;font-size:26px\"><strong>Estos tangos nuevos<\/strong><\/p>\n\n\n\n<p class=\"wp-block-paragraph\">Comienza un ciclo de conciertos que congregar\u00e1 a artistas y grupos que conforman la nueva escena del tango.<\/p>\n\n\n\n<p class=\"wp-block-paragraph\">\u201cEstos tangos en Uriarte\u201d es el nombre de la iniciativa que impulsan dos reconocidos espacios vinculados a la difusi\u00f3n tanguera: el ciclo Mistongo, de La Plata y el Centro Cultural Nueva Uriarte (CCNU) del barrio de Palermo.<\/p>\n\n\n\n<p class=\"wp-block-paragraph\">Ser\u00e1n 5 funciones con conciertos dobles \u2013y muestras art\u00edsticas- que se desplegar\u00e1n en noviembre y diciembre (<a href=\"https:\/\/www.fracturaexpuesta.com.ar\/tango\/agenda-de-tango\/\" target=\"_blank\" rel=\"noopener\" title=\"\">consultar agenda<\/a>) y que mostrar\u00e1n la diversidad sonora y po\u00e9tica que nutre al tango de estos tiempos. El escenario ser\u00e1 el del CCNU, de Uriarte 1289.<\/p>\n\n\n\n<p class=\"wp-block-paragraph\">\u201cEl ciclo es una oportunidad para visibilizar a grupos y artistas que hacen que el tango sea una m\u00fasica viva, en constante expansi\u00f3n, una manifestaci\u00f3n actual con visi\u00f3n de futuro\u201d, comenta Nacho Villabona, uno de los organizadores de la propuesta.<\/p>\n\n\n\n<p class=\"wp-block-paragraph\">&#x1f4cc; <strong><mark style=\"background-color:#fcb900\" class=\"has-inline-color\">La grilla del ciclo \u201cEstos tangos en Uriarte\u201d:<\/mark><\/strong><\/p>\n\n\n\n<figure class=\"wp-block-image size-large is-resized\"><img loading=\"lazy\" decoding=\"async\" width=\"1024\" height=\"1024\" src=\"https:\/\/www.fracturaexpuesta.com.ar\/tango\/wp-content\/uploads\/393351828_18294652807135107_7939079582738567367_n-1024x1024.jpg\" alt=\"\" class=\"wp-image-9348\" style=\"aspect-ratio:1;width:840px;height:auto\" srcset=\"https:\/\/www.fracturaexpuesta.com.ar\/tango\/wp-content\/uploads\/393351828_18294652807135107_7939079582738567367_n-1024x1024.jpg 1024w, https:\/\/www.fracturaexpuesta.com.ar\/tango\/wp-content\/uploads\/393351828_18294652807135107_7939079582738567367_n-300x300.jpg 300w, https:\/\/www.fracturaexpuesta.com.ar\/tango\/wp-content\/uploads\/393351828_18294652807135107_7939079582738567367_n-150x150.jpg 150w, https:\/\/www.fracturaexpuesta.com.ar\/tango\/wp-content\/uploads\/393351828_18294652807135107_7939079582738567367_n-768x768.jpg 768w, https:\/\/www.fracturaexpuesta.com.ar\/tango\/wp-content\/uploads\/393351828_18294652807135107_7939079582738567367_n-100x100.jpg 100w, https:\/\/www.fracturaexpuesta.com.ar\/tango\/wp-content\/uploads\/393351828_18294652807135107_7939079582738567367_n.jpg 1440w\" sizes=\"auto, (max-width: 1024px) 100vw, 1024px\" \/><\/figure>\n\n\n\n<p class=\"wp-block-paragraph\"><\/p>\n\n\n\n<p class=\"has-text-color wp-block-paragraph\" style=\"color:#ff0000;font-size:26px\"><strong>Valeria Vilaseca estrena en vivo \u201cLa Fortuna\u201d, su primer disco<\/strong><\/p>\n\n\n\n<p class=\"wp-block-paragraph\">La cantante e int\u00e9rprete Valeria Vilaseca presentar\u00e1 en concierto, el viernes 17 de noviembre, su primer trabajo discogr\u00e1fico titulado <em>La Fortuna<\/em>.<\/p>\n\n\n\n<p class=\"wp-block-paragraph\">El material, ideado a partir de una mirada que busca fortalecer la presencia de la mujer en el tango, re\u00fane obras de autoras y letristas contempor\u00e1neas y suma otras cl\u00e1sicas a modo de homenaje a las primeras compositoras.<\/p>\n\n\n\n<p class=\"wp-block-paragraph\">\u201cEl derrumbe\u201d (Natal\u00ed de Vincenzo), \u201cContame una historia\u201d (Eladia Bl\u00e1zquez), \u201cNostalgias del and\u00e9n\u201d (Victoria Moran), \u201cAmbar\u201d (Natalia Lagos) son parte de los tangos y canciones que integran el debut discogr\u00e1fico de Vilaseca.<\/p>\n\n\n\n<p class=\"wp-block-paragraph\">\u201cEl tango como lo conocemos est\u00e1 cambiando\u201d, dice la cantante que dar\u00e1 a conocer su disco en Hasta Trilce (Maza 177), a las 21.<\/p>\n\n\n<div class=\"wp-block-image\">\n<figure class=\"aligncenter size-full\"><img loading=\"lazy\" decoding=\"async\" width=\"700\" height=\"467\" src=\"https:\/\/www.fracturaexpuesta.com.ar\/tango\/wp-content\/uploads\/valeria-vilaseca.jpg\" alt=\"\" class=\"wp-image-9387\" srcset=\"https:\/\/www.fracturaexpuesta.com.ar\/tango\/wp-content\/uploads\/valeria-vilaseca.jpg 700w, https:\/\/www.fracturaexpuesta.com.ar\/tango\/wp-content\/uploads\/valeria-vilaseca-300x200.jpg 300w\" sizes=\"auto, (max-width: 700px) 100vw, 700px\" \/><\/figure>\n<\/div>","protected":false},"excerpt":{"rendered":"<p>Noticias breves pero contundentes de la escena actual del tango.<\/p>\n","protected":false},"author":1,"featured_media":9373,"comment_status":"open","ping_status":"open","sticky":false,"template":"","format":"standard","meta":{"footnotes":""},"categories":[3],"tags":[586,587,32,201,570,569,111,588],"class_list":["post-9372","post","type-post","status-publish","format-standard","has-post-thumbnail","hentry","category-noticias","tag-centro-cultural-nueva-uriarte","tag-ciclo-mistongo","tag-featured","tag-picadito","tag-polaco-goyeneche","tag-roberto-goyeneche","tag-tango","tag-valeria-vilaseca"],"_links":{"self":[{"href":"https:\/\/www.fracturaexpuesta.com.ar\/tango\/wp-json\/wp\/v2\/posts\/9372","targetHints":{"allow":["GET"]}}],"collection":[{"href":"https:\/\/www.fracturaexpuesta.com.ar\/tango\/wp-json\/wp\/v2\/posts"}],"about":[{"href":"https:\/\/www.fracturaexpuesta.com.ar\/tango\/wp-json\/wp\/v2\/types\/post"}],"author":[{"embeddable":true,"href":"https:\/\/www.fracturaexpuesta.com.ar\/tango\/wp-json\/wp\/v2\/users\/1"}],"replies":[{"embeddable":true,"href":"https:\/\/www.fracturaexpuesta.com.ar\/tango\/wp-json\/wp\/v2\/comments?post=9372"}],"version-history":[{"count":17,"href":"https:\/\/www.fracturaexpuesta.com.ar\/tango\/wp-json\/wp\/v2\/posts\/9372\/revisions"}],"predecessor-version":[{"id":9474,"href":"https:\/\/www.fracturaexpuesta.com.ar\/tango\/wp-json\/wp\/v2\/posts\/9372\/revisions\/9474"}],"wp:featuredmedia":[{"embeddable":true,"href":"https:\/\/www.fracturaexpuesta.com.ar\/tango\/wp-json\/wp\/v2\/media\/9373"}],"wp:attachment":[{"href":"https:\/\/www.fracturaexpuesta.com.ar\/tango\/wp-json\/wp\/v2\/media?parent=9372"}],"wp:term":[{"taxonomy":"category","embeddable":true,"href":"https:\/\/www.fracturaexpuesta.com.ar\/tango\/wp-json\/wp\/v2\/categories?post=9372"},{"taxonomy":"post_tag","embeddable":true,"href":"https:\/\/www.fracturaexpuesta.com.ar\/tango\/wp-json\/wp\/v2\/tags?post=9372"}],"curies":[{"name":"wp","href":"https:\/\/api.w.org\/{rel}","templated":true}]}}