{"id":9405,"date":"2023-11-07T14:38:10","date_gmt":"2023-11-07T17:38:10","guid":{"rendered":"https:\/\/www.fracturaexpuesta.com.ar\/tango\/?p=9405"},"modified":"2023-11-22T15:13:42","modified_gmt":"2023-11-22T18:13:42","slug":"gisela-magri-el-tango-es-carrona-antropofagico-y-es-futuro-vitalidad","status":"publish","type":"post","link":"https:\/\/www.fracturaexpuesta.com.ar\/tango\/gisela-magri-el-tango-es-carrona-antropofagico-y-es-futuro-vitalidad\/","title":{"rendered":"Gisela Magri: \u201cEl tango es carro\u00f1a, antropof\u00e1gico, y es futuro, vitalidad\u201d"},"content":{"rendered":"\n<p class=\"wp-block-paragraph\"><strong>\u00bfUn disco, un libro, una pel\u00edcula?<\/strong><\/p>\n\n\n\n<p class=\"wp-block-paragraph\">Hoy voy con <em>Motomami<\/em>, de Rosalia.<br><em>Eva y las mujeres<\/em>, de Julia Rosemberg.<br><em>Una giornatta particolare<\/em>, de Ettore Scola.<\/p>\n\n\n\n<p class=\"wp-block-paragraph\"><strong>\u00bfUn tango imprescindible?<\/strong><\/p>\n\n\n\n<p class=\"wp-block-paragraph\">\u201cLa bordona\u201d, de Emilio Balcarce en la versi\u00f3n de Pugliese del \u201858. Y de los del siglo XXI, \u201cPendeja\u201d de Cintia Trigo y Pacha Gonz\u00e1lez, \u201cSinsur\u201d de Victoria Di Raimondo y Juli\u00e1n Peralta y \u201cMandinga\u201d de nuestro querido hermano platense Alorsa.<\/p>\n\n\n\n<p class=\"wp-block-paragraph\"><strong>\u00bfQu\u00e9 artista o disco recomienda para conocer lo que suena hoy en el tango?<\/strong><\/p>\n\n\n\n<p class=\"wp-block-paragraph\">Recomiendo escuchar a las compositoras, autoras e int\u00e9rpretes mujeres y diversidades de la escena. Creo que somos las que estamos protagonizando la etapa creativa de unos a\u00f1os para ac\u00e1 en el Nuevo Tango Canci\u00f3n. Luego, por nombrar algunos discos que a m\u00ed me han marcado, de los \u201990, \u20182000 a 2020, recomendar\u00eda Maldito tango de Melingo, Tango agazapado y Revoluci\u00f3n o picnic de La Chicana, Fuego Bohemio, un discazo del Sexteto Fantasma que ya tiene unos a\u00f1os y candidatea como cl\u00e1sico contempor\u00e1neo. Kilombo de Astillero, Martingala de Juli Laso, Brujos de Ca\u00f1\u00f3n, V\u00e9rtigo de Chifladas, Ahora y siempre de la Fern\u00e1ndez Fierro. Y despu\u00e9s, artistas colegas de la escena, para quien anda queriendo pispear de qu\u00e9 va el Nuevo Tango Canci\u00f3n, hoy d\u00eda pienso en mil. Guido Iacopetti, Noe Sinkunas, Cucuza, Malanca, V\u00e1zquez y La conurbana, Guernica, Bombay Buenos Aires, La Vagabunda, Vero Bellini, Tangueadoras, Nazarena C\u00e1ceres, Siniestra, Di Raimondo y Cuarteto La P\u00faa, Black Rodr\u00edguez M\u00e9ndez, Juan Lorenzo, Polaca Grabinski, Altertango, OT Di Pasquale y todas las orquestas t\u00edpicas que hacen tango nuevo. Es un listado largu\u00edsimo. Recomiendo las pelis <em>Un disparo en la noche 1 y 2<\/em>, el laburo period\u00edstico, \u00abdj\u00edstico\u00bb y pedag\u00f3gico que hace Andr\u00e9s Valenzuela con Tandas Nuevas y su taller. Fractura Expuesta, por supuesto. Mistongo y Radiof\u00f3nico y el Ciclo Mistongo, program\u00f3n y ciclo de Nacho Villabona que peina la escena de pe a pa y ah\u00ed se enteran de todo lo que pasa mientras va pulsando la cosa.<\/p>\n\n\n\n<p class=\"wp-block-paragraph\"><strong>\u00bfUn referente cl\u00e1sico que no hay que dejar de escuchar?<\/strong><\/p>\n\n\n\n<p class=\"wp-block-paragraph\">Uno solo me cuesta, voy con algunos infaltables para m\u00ed. Nelly Omar, Mercedes Simone, Firpo, Fiore, Pichuco, Pugliese, Tita y Gardel forever, por supuesto.<\/p>\n\n\n\n<p class=\"wp-block-paragraph\"><strong>\u00bfC\u00f3mo y cu\u00e1ndo oye m\u00fasica? \u00bfVinilo, CD, mp3 o plataformas digitales?<\/strong><\/p>\n\n\n\n<p class=\"wp-block-paragraph\">En el auto, en la calle, en el sindicato, en mis clases, en el estudio cuando grabo o ensayando, todo el d\u00eda oigo m\u00fasica, vivo a trav\u00e9s de escuchar m\u00fasica. Y me la paso escuchando radio, es un motor que tengo. Tambi\u00e9n paso mucho tiempo escuchando los pensamientos y cantos de mi hijo Ant\u00fa. Su voz es gran parte de la m\u00fasica de mis d\u00edas. Escucho plataformas mayormente pero tengo mis colecciones de vinilos y cd\u2019s a las que les debo toda mi lealtad.<\/p>\n\n\n\n<p class=\"wp-block-paragraph\"><strong>\u00bfQu\u00e9 ama del tango?<\/strong><\/p>\n\n\n\n<p class=\"wp-block-paragraph\">Que es carro\u00f1a y es futuro. As\u00ed se llama mi nuevo tema, pronto a salir. Justamente habla del tango, de qu\u00e9 es para m\u00ed en este momento. Y realmente creo que es un g\u00e9nero que se alimenta mucho de los muertos, como buen dispositivo cultural antropof\u00e1gico y pan nuestro de cada d\u00eda, porque somos ese pasado, nos nutre esa historia y la actualizamos todo el tiempo, nos lo comemos para seguir viviendo, haciendo. En el mismo sentido, el tango vive y late vitalidad, es futuro y vamos en \u00e9l, reinvent\u00e1ndolo siempre con nuevas obras, nuevos matcheos, h\u00edbridos y coso. Pero \u00abnadie sabe bien de su destino, cu\u00e1l es su baile, despu\u00e9s del giro\u00bb. El tango despu\u00e9s del tango, andamos por ah\u00ed, mutantes, coexistentes con todas sus capas.<\/p>\n\n\n\n<p class=\"wp-block-paragraph\"><strong>\u00bfQu\u00e9 detesta del tango?<\/strong><\/p>\n\n\n\n<p class=\"wp-block-paragraph\">Que musicalmente muchas personas que son referentes del g\u00e9nero mantengan y reproduzcan a\u00fan tantos prejuicios, como desde una cierta moral est\u00e9tica. Que se mire con sospecha la experimentaci\u00f3n a nivel lenguaje, t\u00edmbrica y que la mayor\u00eda de las veces, cuando ocurre eso, vaya en detrimento del desarrollo mel\u00f3dico, me parece de viejos meados. Que se tenga miedo de decir chan chan, como en aquella conversa entre Tu\u00f1\u00f3n y el Tata, \u00bfno?<\/p>\n\n\n\n<p class=\"wp-block-paragraph\"><strong>Si no se dedicara al tango \u00bfser\u00eda\u2026?<\/strong><\/p>\n\n\n\n<p class=\"wp-block-paragraph\">Cantaora y bailaora de flamenco, escritora, cineasta, pol\u00edtica, bandoneonista. Si vivo muchos a\u00f1os tal vez pueda hacer algunas de esas cosas y otras tantas con las que fantaseo, algunas ya las hago, en las m\u00faltiples vidas que tengo, ponele.<\/p>\n\n\n\n<p class=\"wp-block-paragraph\"><strong>\u00bfCu\u00e1l fue su \u00faltimo sue\u00f1o?<\/strong><\/p>\n\n\n\n<p class=\"wp-block-paragraph\">Le dec\u00eda unas cu\u00e1ntas verdades a una maestra que tuve, sin miedo y sin tanto saludo a la bandera.<\/p>\n\n\n\n<p class=\"wp-block-paragraph\"><strong>Diga lo que tenga ganas de expresar en este momento&#8230;<\/strong><\/p>\n\n\n\n<p class=\"wp-block-paragraph\">\u00a1Massa o muerte! Y que intentemos salir un poco de las redes y vivir m\u00e1s. Por ejemplo, salir a escuchar y ver tango nuevo en vivo, bailarlo, que no muerde che.<\/p>\n\n\n\n<figure class=\"wp-block-image size-large\"><img loading=\"lazy\" decoding=\"async\" width=\"1024\" height=\"1024\" src=\"https:\/\/www.fracturaexpuesta.com.ar\/tango\/wp-content\/uploads\/gisela-magri-tango-1024x1024.jpg\" alt=\"\" class=\"wp-image-9406\" srcset=\"https:\/\/www.fracturaexpuesta.com.ar\/tango\/wp-content\/uploads\/gisela-magri-tango-1024x1024.jpg 1024w, https:\/\/www.fracturaexpuesta.com.ar\/tango\/wp-content\/uploads\/gisela-magri-tango-300x300.jpg 300w, https:\/\/www.fracturaexpuesta.com.ar\/tango\/wp-content\/uploads\/gisela-magri-tango-150x150.jpg 150w, https:\/\/www.fracturaexpuesta.com.ar\/tango\/wp-content\/uploads\/gisela-magri-tango-768x768.jpg 768w, https:\/\/www.fracturaexpuesta.com.ar\/tango\/wp-content\/uploads\/gisela-magri-tango-100x100.jpg 100w, https:\/\/www.fracturaexpuesta.com.ar\/tango\/wp-content\/uploads\/gisela-magri-tango.jpg 1080w\" sizes=\"auto, (max-width: 1024px) 100vw, 1024px\" \/><\/figure>\n\n\n\n<p class=\"has-very-light-gray-to-cyan-bluish-gray-gradient-background has-background wp-block-paragraph\">&#x1f4cc; <strong><em>Lo pr\u00f3ximo de Gisela Magri<\/em><\/strong><br>Mientras prepara la salida de un nuevo simple, la cantautora se presentar\u00e1 en vivo el <strong>s\u00e1bado 11, a las 21.30, <\/strong>en el marco del ciclo<strong> <\/strong><a href=\"https:\/\/www.fracturaexpuesta.com.ar\/tango\/agenda-de-tango\/\" target=\"_blank\" rel=\"noopener\" title=\"\">Estos tangos en Uriarte<\/a>. Ser\u00e1 un concierto doble en el que tambi\u00e9n tocar\u00e1 el grupo Chifladas Tango. En el Centro Cultural Nueva Uriarte, Uriarte 1289.<\/p>\n\n\n\n<p class=\"wp-block-paragraph\"><\/p>\n","protected":false},"excerpt":{"rendered":"<p>Mano a mano con Gisela Magri. La cantautora platense responde el Cuestionario Fractura Expuesta.<\/p>\n","protected":false},"author":1,"featured_media":9408,"comment_status":"open","ping_status":"open","sticky":false,"template":"","format":"standard","meta":{"footnotes":""},"categories":[159],"tags":[161,32,116,111],"class_list":["post-9405","post","type-post","status-publish","format-standard","has-post-thumbnail","hentry","category-cuestionario-fractura-expuesta","tag-cuestionario-fractura-expuesta","tag-featured","tag-gisela-magri","tag-tango"],"_links":{"self":[{"href":"https:\/\/www.fracturaexpuesta.com.ar\/tango\/wp-json\/wp\/v2\/posts\/9405","targetHints":{"allow":["GET"]}}],"collection":[{"href":"https:\/\/www.fracturaexpuesta.com.ar\/tango\/wp-json\/wp\/v2\/posts"}],"about":[{"href":"https:\/\/www.fracturaexpuesta.com.ar\/tango\/wp-json\/wp\/v2\/types\/post"}],"author":[{"embeddable":true,"href":"https:\/\/www.fracturaexpuesta.com.ar\/tango\/wp-json\/wp\/v2\/users\/1"}],"replies":[{"embeddable":true,"href":"https:\/\/www.fracturaexpuesta.com.ar\/tango\/wp-json\/wp\/v2\/comments?post=9405"}],"version-history":[{"count":7,"href":"https:\/\/www.fracturaexpuesta.com.ar\/tango\/wp-json\/wp\/v2\/posts\/9405\/revisions"}],"predecessor-version":[{"id":9414,"href":"https:\/\/www.fracturaexpuesta.com.ar\/tango\/wp-json\/wp\/v2\/posts\/9405\/revisions\/9414"}],"wp:featuredmedia":[{"embeddable":true,"href":"https:\/\/www.fracturaexpuesta.com.ar\/tango\/wp-json\/wp\/v2\/media\/9408"}],"wp:attachment":[{"href":"https:\/\/www.fracturaexpuesta.com.ar\/tango\/wp-json\/wp\/v2\/media?parent=9405"}],"wp:term":[{"taxonomy":"category","embeddable":true,"href":"https:\/\/www.fracturaexpuesta.com.ar\/tango\/wp-json\/wp\/v2\/categories?post=9405"},{"taxonomy":"post_tag","embeddable":true,"href":"https:\/\/www.fracturaexpuesta.com.ar\/tango\/wp-json\/wp\/v2\/tags?post=9405"}],"curies":[{"name":"wp","href":"https:\/\/api.w.org\/{rel}","templated":true}]}}