{"id":9441,"date":"2023-11-15T14:20:43","date_gmt":"2023-11-15T17:20:43","guid":{"rendered":"https:\/\/www.fracturaexpuesta.com.ar\/tango\/?p=9441"},"modified":"2023-11-24T16:51:37","modified_gmt":"2023-11-24T19:51:37","slug":"este-jueves-se-entregan-los-latin-grammy-2023-los-nominados-a-mejor-album-de-tango","status":"publish","type":"post","link":"https:\/\/www.fracturaexpuesta.com.ar\/tango\/este-jueves-se-entregan-los-latin-grammy-2023-los-nominados-a-mejor-album-de-tango\/","title":{"rendered":"Este jueves se entregan los Latin Grammy 2023: los nominados a \u00abmejor \u00e1lbum de tango\u00bb"},"content":{"rendered":"\n<p class=\"wp-block-paragraph\">La 24\u00ba edici\u00f3n de los premios Latin Grammy se realiza este jueves en <strong>Sevilla<\/strong>, Espa\u00f1a.<\/p>\n\n\n\n<p class=\"wp-block-paragraph\">La premiaci\u00f3n se podr\u00e1 ver, <strong>desde las 21, a trav\u00e9s de la pantalla de TNT y HBO Max<\/strong>.<\/p>\n\n\n\n<p class=\"wp-block-paragraph\">La entrega anual considera en esta edici\u00f3n a aquellas producciones editadas entre el 1 de junio de 2022 y el 31 de mayo de 2023.<\/p>\n\n\n\n<p class=\"wp-block-paragraph\">La ceremonia tendr\u00e1 lugar en el Palacio de Congresos y Exposiciones de Sevilla y contar\u00e1 con la participaci\u00f3n de numerosos <strong>artistas argentinos<\/strong> como Bizarrap (6 nominaciones), Mar\u00eda Becerra (5), Andr\u00e9s Gim\u00e9nez (3), Babas\u00f3nicos (2), Dante Spinetta (2) y Fito P\u00e1ez (1).<\/p>\n\n\n\n<figure class=\"wp-block-image size-full\"><img loading=\"lazy\" decoding=\"async\" width=\"950\" height=\"650\" src=\"https:\/\/www.fracturaexpuesta.com.ar\/tango\/wp-content\/uploads\/latin-grammy-2023-tango.jpg\" alt=\"\" class=\"wp-image-9456\" srcset=\"https:\/\/www.fracturaexpuesta.com.ar\/tango\/wp-content\/uploads\/latin-grammy-2023-tango.jpg 950w, https:\/\/www.fracturaexpuesta.com.ar\/tango\/wp-content\/uploads\/latin-grammy-2023-tango-300x205.jpg 300w, https:\/\/www.fracturaexpuesta.com.ar\/tango\/wp-content\/uploads\/latin-grammy-2023-tango-768x525.jpg 768w\" sizes=\"auto, (max-width: 950px) 100vw, 950px\" \/><\/figure>\n\n\n\n<p class=\"wp-block-paragraph\"><\/p>\n\n\n\n<p class=\"wp-block-paragraph\">Entre ellos, se encuentran los m\u00fasicos nominados en la categor\u00eda <strong>\u00abMejor \u00e1lbum de tango\u00bb<\/strong>. All\u00ed aparecen:<\/p>\n\n\n\n<blockquote class=\"wp-block-quote has-text-align-center is-layout-flow wp-block-quote-is-layout-flow\">\n<blockquote class=\"wp-block-quote is-layout-flow wp-block-quote-is-layout-flow\">\n<p class=\"wp-block-paragraph\">&#x1f3c6; <em>Retrato del aire<\/em><br>de Pablo Jaurena<br><br>&#x1f3c6;<em> Operation Tango<\/em><br>de Quinteto Astor Piazzolla<br><br>&#x1f3c6; <em>Reencuentro<\/em><br>de Susana Rinaldi y Osvaldo Piro<br><br>&#x1f3c6; <em>Ahora<\/em><br>de Romo-Agri-Messiez<br><br>&#x1f3c6; <em>Argentinxs<\/em><br>de Tanghetto<\/p>\n<\/blockquote>\n<\/blockquote>\n\n\n\n<p class=\"wp-block-paragraph\">Escuch\u00e1 los discos y artistas de tango nominados a los Latin Grammy 2023:<\/p>\n\n\n\n<p class=\"wp-block-paragraph\">&#x1f3a7; <strong>Pablo Jaurena &#8211; Retrato del aire (2022):<\/strong><\/p>\n\n\n\n<iframe style=\"border-radius:12px\" src=\"https:\/\/open.spotify.com\/embed\/album\/66KI2s2y0jxwJ1rsEQiCdu?utm_source=generator\" width=\"100%\" height=\"352\" frameBorder=\"0\" allowfullscreen=\"\" allow=\"autoplay; clipboard-write; encrypted-media; fullscreen; picture-in-picture\" loading=\"lazy\"><\/iframe>\n\n\n\n<p class=\"wp-block-paragraph\"><\/p>\n\n\n\n<p class=\"wp-block-paragraph\">&#x1f3a7; <strong>Quinteto Astor Piazzolla &#8211; Operation Tango (2023):<\/strong><\/p>\n\n\n\n<iframe style=\"border-radius:12px\" src=\"https:\/\/open.spotify.com\/embed\/album\/1WKZzBODdRu46DS6OswUaE?utm_source=generator\" width=\"100%\" height=\"352\" frameBorder=\"0\" allowfullscreen=\"\" allow=\"autoplay; clipboard-write; encrypted-media; fullscreen; picture-in-picture\" loading=\"lazy\"><\/iframe>\n\n\n\n<p class=\"wp-block-paragraph\"><\/p>\n\n\n\n<p class=\"wp-block-paragraph\">&#x1f3a7; <strong>Susana Rinaldi y Osvaldo Piro &#8211; Reencuentro (2023):<\/strong><\/p>\n\n\n\n<iframe style=\"border-radius:12px\" src=\"https:\/\/open.spotify.com\/embed\/album\/4mTV1bUbakbA2MktigryHh?utm_source=generator\" width=\"100%\" height=\"352\" frameBorder=\"0\" allowfullscreen=\"\" allow=\"autoplay; clipboard-write; encrypted-media; fullscreen; picture-in-picture\" loading=\"lazy\"><\/iframe>\n\n\n\n<p class=\"wp-block-paragraph\"><\/p>\n\n\n\n<p class=\"wp-block-paragraph\">&#x1f3a7; <strong>Romo-Agri-Messiez &#8211; Ahora (2022):<\/strong><\/p>\n\n\n\n<iframe style=\"border-radius:12px\" src=\"https:\/\/open.spotify.com\/embed\/album\/4jwMzabtQmLboJSghccYUP?utm_source=generator\" width=\"100%\" height=\"352\" frameBorder=\"0\" allowfullscreen=\"\" allow=\"autoplay; clipboard-write; encrypted-media; fullscreen; picture-in-picture\" loading=\"lazy\"><\/iframe>\n\n\n\n<p class=\"wp-block-paragraph\">&#x1f3a7; <strong>Tanghetto &#8211; Argentinxs (2023):<\/strong><\/p>\n\n\n\n<iframe style=\"border-radius:12px\" src=\"https:\/\/open.spotify.com\/embed\/album\/0VtsauKgTJRhdWSIiCSn4A?utm_source=generator\" width=\"100%\" height=\"352\" frameBorder=\"0\" allowfullscreen=\"\" allow=\"autoplay; clipboard-write; encrypted-media; fullscreen; picture-in-picture\" loading=\"lazy\"><\/iframe>\n","protected":false},"excerpt":{"rendered":"<p>Desde las 21 de Argentina se conocer\u00e1 al artista o grupo de tango argentino que recibir\u00e1 el galard\u00f3n.<\/p>\n","protected":false},"author":1,"featured_media":9463,"comment_status":"open","ping_status":"open","sticky":false,"template":"","format":"standard","meta":{"footnotes":""},"categories":[3],"tags":[579,32,102,290,589,583,514,240,582,386],"class_list":["post-9441","post","type-post","status-publish","format-standard","has-post-thumbnail","hentry","category-noticias","tag-emiliano-messiez","tag-featured","tag-grammy-latino","tag-horacio-romo","tag-latin-grammy","tag-osvaldo-piro","tag-pablo-jaurena","tag-quinteto-astor-piazzolla","tag-susana-rinaldi","tag-tanghetto"],"_links":{"self":[{"href":"https:\/\/www.fracturaexpuesta.com.ar\/tango\/wp-json\/wp\/v2\/posts\/9441","targetHints":{"allow":["GET"]}}],"collection":[{"href":"https:\/\/www.fracturaexpuesta.com.ar\/tango\/wp-json\/wp\/v2\/posts"}],"about":[{"href":"https:\/\/www.fracturaexpuesta.com.ar\/tango\/wp-json\/wp\/v2\/types\/post"}],"author":[{"embeddable":true,"href":"https:\/\/www.fracturaexpuesta.com.ar\/tango\/wp-json\/wp\/v2\/users\/1"}],"replies":[{"embeddable":true,"href":"https:\/\/www.fracturaexpuesta.com.ar\/tango\/wp-json\/wp\/v2\/comments?post=9441"}],"version-history":[{"count":26,"href":"https:\/\/www.fracturaexpuesta.com.ar\/tango\/wp-json\/wp\/v2\/posts\/9441\/revisions"}],"predecessor-version":[{"id":9472,"href":"https:\/\/www.fracturaexpuesta.com.ar\/tango\/wp-json\/wp\/v2\/posts\/9441\/revisions\/9472"}],"wp:featuredmedia":[{"embeddable":true,"href":"https:\/\/www.fracturaexpuesta.com.ar\/tango\/wp-json\/wp\/v2\/media\/9463"}],"wp:attachment":[{"href":"https:\/\/www.fracturaexpuesta.com.ar\/tango\/wp-json\/wp\/v2\/media?parent=9441"}],"wp:term":[{"taxonomy":"category","embeddable":true,"href":"https:\/\/www.fracturaexpuesta.com.ar\/tango\/wp-json\/wp\/v2\/categories?post=9441"},{"taxonomy":"post_tag","embeddable":true,"href":"https:\/\/www.fracturaexpuesta.com.ar\/tango\/wp-json\/wp\/v2\/tags?post=9441"}],"curies":[{"name":"wp","href":"https:\/\/api.w.org\/{rel}","templated":true}]}}