{"id":9475,"date":"2023-11-16T17:24:30","date_gmt":"2023-11-16T20:24:30","guid":{"rendered":"https:\/\/www.fracturaexpuesta.com.ar\/tango\/?p=9475"},"modified":"2023-11-22T14:48:04","modified_gmt":"2023-11-22T17:48:04","slug":"latin-grammy-2023-el-quinteto-astor-piazzolla-gana-el-premio-a-mejor-album-de-tango","status":"publish","type":"post","link":"https:\/\/www.fracturaexpuesta.com.ar\/tango\/latin-grammy-2023-el-quinteto-astor-piazzolla-gana-el-premio-a-mejor-album-de-tango\/","title":{"rendered":"Latin Grammy 2023: el Quinteto Astor Piazzolla gana el premio a \u201cmejor \u00e1lbum de tango\u201d"},"content":{"rendered":"\n<p class=\"wp-block-paragraph\">La edici\u00f3n 2023 de los Latin Grammy consagr\u00f3 al <strong>Quinteto Astor Piazzolla y su disco <em>Operation Tango<\/em><\/strong> como \u201cmejor \u00e1lbum de tango\u201d.<\/p>\n\n\n\n<p class=\"wp-block-paragraph\">La ceremonia, realizada en Sevilla (Espa\u00f1a), premi\u00f3 al material del grupo que integran Pablo Mainetti (bandone\u00f3n), Nicol\u00e1s Guerschberg (piano), Serdar Geldymuradov (viol\u00edn), Armando de la Vega (guitarra), Daniel Falasca (contrabajo) y Juli\u00e1n Vat (direcci\u00f3n musical).<\/p>\n\n\n\n<blockquote class=\"wp-block-quote is-layout-flow wp-block-quote-is-layout-flow\">\n<p class=\"wp-block-paragraph\">\u00abPiazzolla no deja de sorprendernos con esta maravillosa m\u00fasica\u201d<\/p>\n<\/blockquote>\n\n\n\n<p class=\"wp-block-paragraph\"><strong>Dar\u00edo Vaccaro<\/strong>, productor del quinteto, volvi\u00f3 a subir al escenario de los Grammy, como en 2019, para recibir esta vez la estatuilla que reconoce al reciente disco y al quinteto.<\/p>\n\n\n\n<p class=\"wp-block-paragraph\">\u201cCon este \u00e1lbum hemos pasado por much\u00edsimas dificultades, empezamos a trabajar en plena pandemia y despu\u00e9s de tres a\u00f1os de<strong> mucho esfuerzo y mucho trabajo<\/strong> logramos lanzarlo al mundo. Y ac\u00e1 estamos\u201d, dijo el productor que recibi\u00f3 la estatuilla de manos de Dante Spinetta.<\/p>\n\n\n<div class=\"wp-block-image\">\n<figure class=\"aligncenter size-full\"><img loading=\"lazy\" decoding=\"async\" width=\"700\" height=\"392\" src=\"https:\/\/www.fracturaexpuesta.com.ar\/tango\/wp-content\/uploads\/dario-vaccaro-grammy-piazzolla.jpg\" alt=\"\" class=\"wp-image-9481\" srcset=\"https:\/\/www.fracturaexpuesta.com.ar\/tango\/wp-content\/uploads\/dario-vaccaro-grammy-piazzolla.jpg 700w, https:\/\/www.fracturaexpuesta.com.ar\/tango\/wp-content\/uploads\/dario-vaccaro-grammy-piazzolla-300x168.jpg 300w\" sizes=\"auto, (max-width: 700px) 100vw, 700px\" \/><figcaption class=\"wp-element-caption\"><sup><em><mark style=\"background-color:rgba(0, 0, 0, 0)\" class=\"has-inline-color has-cyan-bluish-gray-color\">Dar\u00edo Vaccaro, productor del Quinteto Astor Piazzolla, recibe el Grammy.<\/mark><\/em><\/sup><\/figcaption><\/figure>\n<\/div>\n\n\n<p class=\"wp-block-paragraph\">\u201cLa verdad que este logro no hubiera sido posible sin <strong>el talento, el esfuerzo y la calidad humana de un equipo maravilloso<\/strong>\u201d, reconoci\u00f3 Vaccaro quien agradeci\u00f3 a los m\u00fasicos, a los organizadores de los premios y a los integrantes de la Fundaci\u00f3n Piazzolla, encabezada por Laura Escalada.<\/p>\n\n\n\n<p class=\"wp-block-paragraph\">\u201c<strong>Piazzolla nos mantiene siempre inspirados<\/strong> y, a pesar de los a\u00f1os, no deja de sorprendernos con esta maravillosa m\u00fasica\u201d, concluy\u00f3 Vaccaro.<\/p>\n\n\n\n<iframe loading=\"lazy\" src=\"https:\/\/www.facebook.com\/plugins\/video.php?height=314&#038;href=https%3A%2F%2Fwww.facebook.com%2FLatinGRAMMYs%2Fvideos%2F695005022356212%2F&#038;show_text=false&#038;width=560&#038;t=0\" width=\"560\" height=\"314\" style=\"border:none;overflow:hidden\" scrolling=\"no\" frameborder=\"0\" allowfullscreen=\"true\" allow=\"autoplay; clipboard-write; encrypted-media; picture-in-picture; web-share\" allowFullScreen=\"true\"><\/iframe>\n\n\n\n<p class=\"wp-block-paragraph\"><\/p>\n\n\n\n<p class=\"wp-block-paragraph\">La nominaci\u00f3n de este a\u00f1o fue compartida con los artistas <strong>Pablo Jaurena, Susana Rinaldi y Osvaldo Piro, Tanghetto y<\/strong> <strong>el tr\u00edo Romo-Agri-Messiez<\/strong>.<\/p>\n\n\n\n<iframe style=\"border-radius:12px\" src=\"https:\/\/open.spotify.com\/embed\/album\/1WKZzBODdRu46DS6OswUaE?utm_source=generator\" width=\"100%\" height=\"352\" frameBorder=\"0\" allowfullscreen=\"\" allow=\"autoplay; clipboard-write; encrypted-media; fullscreen; picture-in-picture\" loading=\"lazy\"><\/iframe>\n","protected":false},"excerpt":{"rendered":"<p>\u201cPiazzolla nos mantiene siempre inspirados y no deja de sorprendernos\u201d, dijo el productor del quinteto al recibir el premio sobre el escenario.<\/p>\n","protected":false},"author":1,"featured_media":9477,"comment_status":"open","ping_status":"open","sticky":false,"template":"","format":"standard","meta":{"footnotes":""},"categories":[4],"tags":[32,589,240,111],"class_list":["post-9475","post","type-post","status-publish","format-standard","has-post-thumbnail","hentry","category-discos","tag-featured","tag-latin-grammy","tag-quinteto-astor-piazzolla","tag-tango"],"_links":{"self":[{"href":"https:\/\/www.fracturaexpuesta.com.ar\/tango\/wp-json\/wp\/v2\/posts\/9475","targetHints":{"allow":["GET"]}}],"collection":[{"href":"https:\/\/www.fracturaexpuesta.com.ar\/tango\/wp-json\/wp\/v2\/posts"}],"about":[{"href":"https:\/\/www.fracturaexpuesta.com.ar\/tango\/wp-json\/wp\/v2\/types\/post"}],"author":[{"embeddable":true,"href":"https:\/\/www.fracturaexpuesta.com.ar\/tango\/wp-json\/wp\/v2\/users\/1"}],"replies":[{"embeddable":true,"href":"https:\/\/www.fracturaexpuesta.com.ar\/tango\/wp-json\/wp\/v2\/comments?post=9475"}],"version-history":[{"count":13,"href":"https:\/\/www.fracturaexpuesta.com.ar\/tango\/wp-json\/wp\/v2\/posts\/9475\/revisions"}],"predecessor-version":[{"id":9491,"href":"https:\/\/www.fracturaexpuesta.com.ar\/tango\/wp-json\/wp\/v2\/posts\/9475\/revisions\/9491"}],"wp:featuredmedia":[{"embeddable":true,"href":"https:\/\/www.fracturaexpuesta.com.ar\/tango\/wp-json\/wp\/v2\/media\/9477"}],"wp:attachment":[{"href":"https:\/\/www.fracturaexpuesta.com.ar\/tango\/wp-json\/wp\/v2\/media?parent=9475"}],"wp:term":[{"taxonomy":"category","embeddable":true,"href":"https:\/\/www.fracturaexpuesta.com.ar\/tango\/wp-json\/wp\/v2\/categories?post=9475"},{"taxonomy":"post_tag","embeddable":true,"href":"https:\/\/www.fracturaexpuesta.com.ar\/tango\/wp-json\/wp\/v2\/tags?post=9475"}],"curies":[{"name":"wp","href":"https:\/\/api.w.org\/{rel}","templated":true}]}}