{"id":9492,"date":"2023-11-20T21:43:38","date_gmt":"2023-11-21T00:43:38","guid":{"rendered":"https:\/\/www.fracturaexpuesta.com.ar\/tango\/?p=9492"},"modified":"2023-11-22T14:45:32","modified_gmt":"2023-11-22T17:45:32","slug":"picadito-de-tango-57-entre-alquimias-cambios-y-mestizaje-tanguero","status":"publish","type":"post","link":"https:\/\/www.fracturaexpuesta.com.ar\/tango\/picadito-de-tango-57-entre-alquimias-cambios-y-mestizaje-tanguero\/","title":{"rendered":"Picadito de tango #57: entre alquimias, cambios y mestizaje tanguero"},"content":{"rendered":"\n<p class=\"has-text-color has-link-color wp-elements-4798c2bd23acf4be4c4bb94d290d9900 wp-block-paragraph\" style=\"color:#ff0000;font-size:26px\"><strong>Transformaci\u00f3n y alquimias en el nuevo disco de Ramiro Gallo<\/strong><\/p>\n\n\n\n<p class=\"wp-block-paragraph\">\u201cEn realidad, con una mayor o menor sensaci\u00f3n de solidez, siempre vagamos en la incertidumbre. Aprendemos de los momentos m\u00e1s terribles y llega el d\u00eda en que aceptamos que somos maleables como el agua\u201d.<\/p>\n\n\n\n<p class=\"wp-block-paragraph\">Con esa mirada del devenir y los cambios, el violinista y compositor <strong>Ramiro Gallo<\/strong> enmarca el concepto de su nuevo disco <em><strong>Alquimia<\/strong><\/em>, un nutrido y valioso trabajo que re\u00fane obras instrumentales y textos po\u00e9ticos de Gallo y Pedro Aznar. Piezas elaboradas desde 2019 en adelante.<\/p>\n\n\n<div class=\"wp-block-image\">\n<figure class=\"aligncenter size-full\"><img loading=\"lazy\" decoding=\"async\" width=\"700\" height=\"700\" src=\"https:\/\/www.fracturaexpuesta.com.ar\/tango\/wp-content\/uploads\/Alquimia-arte-de-tapa.jpg\" alt=\"\" class=\"wp-image-9496\" srcset=\"https:\/\/www.fracturaexpuesta.com.ar\/tango\/wp-content\/uploads\/Alquimia-arte-de-tapa.jpg 700w, https:\/\/www.fracturaexpuesta.com.ar\/tango\/wp-content\/uploads\/Alquimia-arte-de-tapa-300x300.jpg 300w, https:\/\/www.fracturaexpuesta.com.ar\/tango\/wp-content\/uploads\/Alquimia-arte-de-tapa-150x150.jpg 150w, https:\/\/www.fracturaexpuesta.com.ar\/tango\/wp-content\/uploads\/Alquimia-arte-de-tapa-100x100.jpg 100w\" sizes=\"auto, (max-width: 700px) 100vw, 700px\" \/><figcaption class=\"wp-element-caption\"><em><sup><mark style=\"background-color:rgba(0, 0, 0, 0)\" class=\"has-inline-color has-cyan-bluish-gray-color\">Alquimia, nuevo disco de Ramiro Gallo Quinteto<\/mark><\/sup><\/em><\/figcaption><\/figure>\n<\/div>\n\n\n<p class=\"wp-block-paragraph\">Se trata de un disco que podr\u00edan ser dos -18 temas- pero Gallo decidi\u00f3 dejar lugar a los cambios y las variaciones que iba proponiendo el tiempo y la realidad, interior y exterior. <\/p>\n\n\n\n<p class=\"wp-block-paragraph\">Eso matiz\u00f3 a su obra y plante\u00f3 el camino de encuentro en las diferencias. \u201cNuestros <strong>dos sonidos convivir\u00edan en un solo disco<\/strong> que los integre\u201d, dice Ramiro sobre la alquimia, luego de los cambios sonoros y de integrantes de su quinteto.<\/p>\n\n\n\n<p class=\"wp-block-paragraph\">\u201cEn este tiempo hubo cambios diversos que nos atravesaron en lo individual y en lo colectivo\u201d, se\u00f1ala el violinista que presentar\u00e1 el disco en concierto el <strong>jueves 30 de noviembre<\/strong>, a las 20.30, en Rondeman (Lavalle 3177). <\/p>\n\n\n\n<figure class=\"wp-block-embed is-type-video is-provider-youtube wp-block-embed-youtube wp-embed-aspect-16-9 wp-has-aspect-ratio\"><div class=\"wp-block-embed__wrapper\">\n<iframe loading=\"lazy\" title=\"ALQUIMIA (Ramiro Gallo). Poema &quot;Alquimia&quot; de Pedro Aznar.\" width=\"640\" height=\"360\" src=\"https:\/\/www.youtube.com\/embed\/HJSK556sjSM?feature=oembed\" frameborder=\"0\" allow=\"accelerometer; autoplay; clipboard-write; encrypted-media; gyroscope; picture-in-picture; web-share\" referrerpolicy=\"strict-origin-when-cross-origin\" allowfullscreen><\/iframe>\n<\/div><\/figure>\n\n\n\n<p class=\"wp-block-paragraph\"><\/p>\n\n\n\n<p class=\"has-text-color has-link-color wp-elements-197c4615635603979dd7f07dc6b37e05 wp-block-paragraph\" style=\"color:#fe0000;font-size:26px\"><strong>Comienza el 14\u00b0 Festival de Tango de La Boca<\/strong><\/p>\n\n\n\n<p class=\"wp-block-paragraph\">Desde el <strong>jueves 23 y hasta el domingo 26 de noviembre <\/strong>se desarrollar\u00e1 la 14\u00b0 edici\u00f3n del Festival de Tango de la Rep\u00fablica de La Boca.<\/p>\n\n\n\n<p class=\"wp-block-paragraph\">La iniciativa independiente, una de las pioneras en lo que fue el crecimiento de festivales barriales, tendr\u00e1 esta vez 9 sedes en distintos puntos de La Boca y reunir\u00e1 a artistas y grupos en bares, teatros, espacios culturales, milongas y el Club Boca Juniors.<\/p>\n\n\n\n<p class=\"wp-block-paragraph\">Habr\u00e1 conciertos, baile, intervenciones teatrales, muestras y clases de tango en una edici\u00f3n que contar\u00e1 con la presentaci\u00f3n de artistas como <strong>Pablo Banchero, Vivi Pozzeb\u00f3n, Pablo Bernaba, las orquestas Esquina Sur y La Vid\u00fa, Gabriela Elena, Sandra M\u00e1rquez, Guernica y el Quinteto Negro La Boca<\/strong>, entre muchos otros.<\/p>\n\n\n\n<p class=\"wp-block-paragraph\">La programaci\u00f3n completa se puede consultar y seguir desde <a href=\"https:\/\/www.facebook.com\/FestivalTangoLaBoca\" target=\"_blank\" rel=\"noopener\" title=\"\">las redes del festival<\/a>. <\/p>\n\n\n\n<p class=\"has-text-color has-link-color wp-elements-1811eac2e04de666fd49cd120a3e9efa wp-block-paragraph\" style=\"color:#ff0000;font-size:26px\"><strong>Bizarrap, el tango, la hibridez<\/strong><\/p>\n\n\n\n<p class=\"wp-block-paragraph\">Adem\u00e1s de consagrar al <a href=\"https:\/\/www.fracturaexpuesta.com.ar\/tango\/latin-grammy-2023-el-quinteto-astor-piazzolla-gana-el-premio-a-mejor-album-de-tango\/\" target=\"_blank\" rel=\"noopener\" title=\"\">Quinteto Astor Piazzolla como mejor \u00e1lbum de tango<\/a>, la entrega reciente de los <strong>Latin Grammy <\/strong>en Sevilla tuvo sinton\u00eda de tango entre sus n\u00fameros centrales.<\/p>\n\n\n\n<p class=\"wp-block-paragraph\">El set que realiz\u00f3 <strong>Bizarrap incluy\u00f3 aires de bandone\u00f3n<\/strong> con la participaci\u00f3n del cantor <strong>Ariel Ardit y el bandoneonista Pablo Jaurena<\/strong> que interpretaron una reversi\u00f3n tanguera de la reconocida <strong>\u201cQu\u00e9date\u201d<\/strong>, canci\u00f3n aparecida en la sesi\u00f3n 57 del rapero junto a Quevedo.<\/p>\n\n\n\n<blockquote class=\"instagram-media\" data-instgrm-captioned data-instgrm-permalink=\"https:\/\/www.instagram.com\/p\/Czzh4XAup02\/?utm_source=ig_embed&amp;utm_campaign=loading\" data-instgrm-version=\"14\" style=\" background:#FFF; border:0; border-radius:3px; box-shadow:0 0 1px 0 rgba(0,0,0,0.5),0 1px 10px 0 rgba(0,0,0,0.15); margin: 1px; max-width:540px; min-width:326px; padding:0; width:99.375%; width:-webkit-calc(100% - 2px); width:calc(100% - 2px);\"><div style=\"padding:16px;\"> <a href=\"https:\/\/www.instagram.com\/p\/Czzh4XAup02\/?utm_source=ig_embed&amp;utm_campaign=loading\" style=\" background:#FFFFFF; line-height:0; padding:0 0; text-align:center; text-decoration:none; width:100%;\" target=\"_blank\" rel=\"noopener\"> <div style=\" display: flex; flex-direction: row; align-items: center;\"> <div style=\"background-color: #F4F4F4; border-radius: 50%; flex-grow: 0; height: 40px; margin-right: 14px; width: 40px;\"><\/div> <div style=\"display: flex; flex-direction: column; flex-grow: 1; justify-content: center;\"> <div style=\" background-color: #F4F4F4; border-radius: 4px; flex-grow: 0; height: 14px; margin-bottom: 6px; width: 100px;\"><\/div> <div style=\" background-color: #F4F4F4; border-radius: 4px; flex-grow: 0; height: 14px; width: 60px;\"><\/div><\/div><\/div><div style=\"padding: 19% 0;\"><\/div> <div style=\"display:block; height:50px; margin:0 auto 12px; width:50px;\"><svg width=\"50px\" height=\"50px\" viewBox=\"0 0 60 60\" version=\"1.1\" xmlns=\"https:\/\/www.w3.org\/2000\/svg\" xmlns:xlink=\"https:\/\/www.w3.org\/1999\/xlink\"><g stroke=\"none\" stroke-width=\"1\" fill=\"none\" fill-rule=\"evenodd\"><g transform=\"translate(-511.000000, -20.000000)\" fill=\"#000000\"><g><path d=\"M556.869,30.41 C554.814,30.41 553.148,32.076 553.148,34.131 C553.148,36.186 554.814,37.852 556.869,37.852 C558.924,37.852 560.59,36.186 560.59,34.131 C560.59,32.076 558.924,30.41 556.869,30.41 M541,60.657 C535.114,60.657 530.342,55.887 530.342,50 C530.342,44.114 535.114,39.342 541,39.342 C546.887,39.342 551.658,44.114 551.658,50 C551.658,55.887 546.887,60.657 541,60.657 M541,33.886 C532.1,33.886 524.886,41.1 524.886,50 C524.886,58.899 532.1,66.113 541,66.113 C549.9,66.113 557.115,58.899 557.115,50 C557.115,41.1 549.9,33.886 541,33.886 M565.378,62.101 C565.244,65.022 564.756,66.606 564.346,67.663 C563.803,69.06 563.154,70.057 562.106,71.106 C561.058,72.155 560.06,72.803 558.662,73.347 C557.607,73.757 556.021,74.244 553.102,74.378 C549.944,74.521 548.997,74.552 541,74.552 C533.003,74.552 532.056,74.521 528.898,74.378 C525.979,74.244 524.393,73.757 523.338,73.347 C521.94,72.803 520.942,72.155 519.894,71.106 C518.846,70.057 518.197,69.06 517.654,67.663 C517.244,66.606 516.755,65.022 516.623,62.101 C516.479,58.943 516.448,57.996 516.448,50 C516.448,42.003 516.479,41.056 516.623,37.899 C516.755,34.978 517.244,33.391 517.654,32.338 C518.197,30.938 518.846,29.942 519.894,28.894 C520.942,27.846 521.94,27.196 523.338,26.654 C524.393,26.244 525.979,25.756 528.898,25.623 C532.057,25.479 533.004,25.448 541,25.448 C548.997,25.448 549.943,25.479 553.102,25.623 C556.021,25.756 557.607,26.244 558.662,26.654 C560.06,27.196 561.058,27.846 562.106,28.894 C563.154,29.942 563.803,30.938 564.346,32.338 C564.756,33.391 565.244,34.978 565.378,37.899 C565.522,41.056 565.552,42.003 565.552,50 C565.552,57.996 565.522,58.943 565.378,62.101 M570.82,37.631 C570.674,34.438 570.167,32.258 569.425,30.349 C568.659,28.377 567.633,26.702 565.965,25.035 C564.297,23.368 562.623,22.342 560.652,21.575 C558.743,20.834 556.562,20.326 553.369,20.18 C550.169,20.033 549.148,20 541,20 C532.853,20 531.831,20.033 528.631,20.18 C525.438,20.326 523.257,20.834 521.349,21.575 C519.376,22.342 517.703,23.368 516.035,25.035 C514.368,26.702 513.342,28.377 512.574,30.349 C511.834,32.258 511.326,34.438 511.181,37.631 C511.035,40.831 511,41.851 511,50 C511,58.147 511.035,59.17 511.181,62.369 C511.326,65.562 511.834,67.743 512.574,69.651 C513.342,71.625 514.368,73.296 516.035,74.965 C517.703,76.634 519.376,77.658 521.349,78.425 C523.257,79.167 525.438,79.673 528.631,79.82 C531.831,79.965 532.853,80.001 541,80.001 C549.148,80.001 550.169,79.965 553.369,79.82 C556.562,79.673 558.743,79.167 560.652,78.425 C562.623,77.658 564.297,76.634 565.965,74.965 C567.633,73.296 568.659,71.625 569.425,69.651 C570.167,67.743 570.674,65.562 570.82,62.369 C570.966,59.17 571,58.147 571,50 C571,41.851 570.966,40.831 570.82,37.631\"><\/path><\/g><\/g><\/g><\/svg><\/div><div style=\"padding-top: 8px;\"> <div style=\" color:#3897f0; font-family:Arial,sans-serif; font-size:14px; font-style:normal; font-weight:550; line-height:18px;\">Ver esta publicaci\u00f3n en Instagram<\/div><\/div><div style=\"padding: 12.5% 0;\"><\/div> <div style=\"display: flex; flex-direction: row; margin-bottom: 14px; align-items: center;\"><div> <div style=\"background-color: #F4F4F4; border-radius: 50%; height: 12.5px; width: 12.5px; transform: translateX(0px) translateY(7px);\"><\/div> <div style=\"background-color: #F4F4F4; height: 12.5px; transform: rotate(-45deg) translateX(3px) translateY(1px); width: 12.5px; flex-grow: 0; margin-right: 14px; margin-left: 2px;\"><\/div> <div style=\"background-color: #F4F4F4; border-radius: 50%; height: 12.5px; width: 12.5px; transform: translateX(9px) translateY(-18px);\"><\/div><\/div><div style=\"margin-left: 8px;\"> <div style=\" background-color: #F4F4F4; border-radius: 50%; flex-grow: 0; height: 20px; width: 20px;\"><\/div> <div style=\" width: 0; height: 0; border-top: 2px solid transparent; border-left: 6px solid #f4f4f4; border-bottom: 2px solid transparent; transform: translateX(16px) translateY(-4px) rotate(30deg)\"><\/div><\/div><div style=\"margin-left: auto;\"> <div style=\" width: 0px; border-top: 8px solid #F4F4F4; border-right: 8px solid transparent; transform: translateY(16px);\"><\/div> <div style=\" background-color: #F4F4F4; flex-grow: 0; height: 12px; width: 16px; transform: translateY(-4px);\"><\/div> <div style=\" width: 0; height: 0; border-top: 8px solid #F4F4F4; border-left: 8px solid transparent; transform: translateY(-4px) translateX(8px);\"><\/div><\/div><\/div> <div style=\"display: flex; flex-direction: column; flex-grow: 1; justify-content: center; margin-bottom: 24px;\"> <div style=\" background-color: #F4F4F4; border-radius: 4px; flex-grow: 0; height: 14px; margin-bottom: 6px; width: 224px;\"><\/div> <div style=\" background-color: #F4F4F4; border-radius: 4px; flex-grow: 0; height: 14px; width: 144px;\"><\/div><\/div><\/a><p style=\" color:#c9c8cd; font-family:Arial,sans-serif; font-size:14px; line-height:17px; margin-bottom:0; margin-top:8px; overflow:hidden; padding:8px 0 7px; text-align:center; text-overflow:ellipsis; white-space:nowrap;\"><a href=\"https:\/\/www.instagram.com\/p\/Czzh4XAup02\/?utm_source=ig_embed&amp;utm_campaign=loading\" style=\" color:#c9c8cd; font-family:Arial,sans-serif; font-size:14px; font-style:normal; font-weight:normal; line-height:17px; text-decoration:none;\" target=\"_blank\" rel=\"noopener\">Una publicaci\u00f3n compartida por Ariel Ardit (@arielardit)<\/a><\/p><\/div><\/blockquote> <script async src=\"\/\/www.instagram.com\/embed.js\"><\/script>\n\n\n\n<p class=\"wp-block-paragraph\"><\/p>\n\n\n\n<p class=\"wp-block-paragraph\">Un nuevo <strong>cruce del tango con la canci\u00f3n urbana<\/strong> que repone la pregunta por la hibridez como recurso de la industria musical. \u00bfReapropiaci\u00f3n del tango y su potencia o marca semi\u00f3tica de un proceso de mezclas de laboratorio y mercado? <\/p>\n\n\n\n<p class=\"wp-block-paragraph\">&#x1f4fa; <mark style=\"background-color:#fcb900\" class=\"has-inline-color\"><strong>Bizarrap y su set con Ariel Ardit y Pablo Jaurena en los Latin Grammy 2023:<\/strong><\/mark><\/p>\n\n\n\n<iframe loading=\"lazy\" width=\"700\" height=\"455\" src=\"https:\/\/www.youtube.com\/embed\/DgiYJXxtIIE?si=6P14mhHgiHUzfEMa&amp;start=59\" title=\"YouTube video player\" frameborder=\"0\" allow=\"accelerometer; autoplay; clipboard-write; encrypted-media; gyroscope; picture-in-picture; web-share\" allowfullscreen><\/iframe>\n","protected":false},"excerpt":{"rendered":"<p>Con Ramiro Gallo Quinteto, 14\u00b0 Festival de Tango de La Boca y Bizarrap tangueado.<\/p>\n","protected":false},"author":1,"featured_media":9493,"comment_status":"open","ping_status":"open","sticky":false,"template":"","format":"standard","meta":{"footnotes":""},"categories":[3],"tags":[547,590,32,158,589,514,132],"class_list":["post-9492","post","type-post","status-publish","format-standard","has-post-thumbnail","hentry","category-noticias","tag-ariel-ardit","tag-bizarrap","tag-featured","tag-festival-de-tango-de-la-boca","tag-latin-grammy","tag-pablo-jaurena","tag-ramiro-gallo"],"_links":{"self":[{"href":"https:\/\/www.fracturaexpuesta.com.ar\/tango\/wp-json\/wp\/v2\/posts\/9492","targetHints":{"allow":["GET"]}}],"collection":[{"href":"https:\/\/www.fracturaexpuesta.com.ar\/tango\/wp-json\/wp\/v2\/posts"}],"about":[{"href":"https:\/\/www.fracturaexpuesta.com.ar\/tango\/wp-json\/wp\/v2\/types\/post"}],"author":[{"embeddable":true,"href":"https:\/\/www.fracturaexpuesta.com.ar\/tango\/wp-json\/wp\/v2\/users\/1"}],"replies":[{"embeddable":true,"href":"https:\/\/www.fracturaexpuesta.com.ar\/tango\/wp-json\/wp\/v2\/comments?post=9492"}],"version-history":[{"count":10,"href":"https:\/\/www.fracturaexpuesta.com.ar\/tango\/wp-json\/wp\/v2\/posts\/9492\/revisions"}],"predecessor-version":[{"id":9504,"href":"https:\/\/www.fracturaexpuesta.com.ar\/tango\/wp-json\/wp\/v2\/posts\/9492\/revisions\/9504"}],"wp:featuredmedia":[{"embeddable":true,"href":"https:\/\/www.fracturaexpuesta.com.ar\/tango\/wp-json\/wp\/v2\/media\/9493"}],"wp:attachment":[{"href":"https:\/\/www.fracturaexpuesta.com.ar\/tango\/wp-json\/wp\/v2\/media?parent=9492"}],"wp:term":[{"taxonomy":"category","embeddable":true,"href":"https:\/\/www.fracturaexpuesta.com.ar\/tango\/wp-json\/wp\/v2\/categories?post=9492"},{"taxonomy":"post_tag","embeddable":true,"href":"https:\/\/www.fracturaexpuesta.com.ar\/tango\/wp-json\/wp\/v2\/tags?post=9492"}],"curies":[{"name":"wp","href":"https:\/\/api.w.org\/{rel}","templated":true}]}}