{"id":9618,"date":"2023-12-21T18:41:13","date_gmt":"2023-12-21T21:41:13","guid":{"rendered":"https:\/\/www.fracturaexpuesta.com.ar\/tango\/?p=9618"},"modified":"2024-12-09T15:02:51","modified_gmt":"2024-12-09T18:02:51","slug":"50-discos-de-tango-que-nos-deja-el-2023","status":"publish","type":"post","link":"https:\/\/www.fracturaexpuesta.com.ar\/tango\/50-discos-de-tango-que-nos-deja-el-2023\/","title":{"rendered":"50 discos de tango que nos deja el 2023"},"content":{"rendered":"\n<p class=\"wp-block-paragraph\">Culmina el a\u00f1o y<strong> <em>Fractura Expuesta y <a href=\"https:\/\/www.fracturaexpuesta.com.ar\/doblearadio\/\" target=\"_blank\" rel=\"noopener\" title=\"\">Doble A<\/a><\/em><\/strong> presentan una selecci\u00f3n con medio centenar de discos de tango pertenecientes a la escena actual que fueron publicados \u2013mayormente en formato digital- a lo largo de 2023.<\/p>\n\n\n\n<p class=\"wp-block-paragraph\">Se trata de un extenso listado, compuesto de artistas y grupos, que el portal y la radio confeccionaron durante todo el periodo mencionado a trav\u00e9s de un sostenido <strong>trabajo de registro y seguimiento<\/strong> del panorama discogr\u00e1fico del tango de hoy.<\/p>\n\n\n\n<p class=\"wp-block-paragraph\">Con las antenas dirigidas a lo que suena en el g\u00e9nero, <em>Fractura Expuesta y Doble A<\/em> acercan este compendio que da cuenta de las diferentes vertientes sonoras que atraviesan el presente del 2&#215;4.<\/p>\n\n\n\n<p class=\"wp-block-paragraph\" style=\"font-size:26px\"><strong><mark style=\"background-color:rgba(0, 0, 0, 0);color:#ff0000\" class=\"has-inline-color\">Los 50 discos de tango editados en 2023 *<\/mark><\/strong><\/p>\n\n\n\n<ol class=\"wp-block-list\">\n<li><strong>\u201cChino\u201d Laborde &#8211; Pablo Gignoli &#8211; Javier D\u00edaz Gonz\u00e1lez<\/strong><br>Hotel Amour<br><\/li>\n\n\n\n<li><strong>Generaci\u00f3n Tango (varios artistas)<\/strong><br>Tanda 1<br><\/li>\n\n\n\n<li><strong>Karina Beorlegui<\/strong><br>Encuentro Amalia Gardel<br><\/li>\n\n\n\n<li><strong>Omar Mollo + El Muro Tango<\/strong><br>Manifiesto<br><\/li>\n\n\n\n<li><strong>Marisa V\u00e1zquez y La Conurbana<\/strong><br>Insomnio<br><\/li>\n\n\n\n<li><strong>Orquesta Carlos Quilici<\/strong><br>Nosotros los del Tango<br><\/li>\n\n\n\n<li><strong>Graciano 4 Cuarteto<\/strong><br>Tango Inmersivo<br><\/li>\n\n\n\n<li><strong>Orquesta Ut\u00f3pica<\/strong><br>Cortafuego<br><\/li>\n\n\n\n<li><strong>Bordonasnocromo<\/strong><br>Roba en el s\u00faper<br><\/li>\n\n\n\n<li><strong>Tanghetto<\/strong><br>Argentinxs<\/li>\n<\/ol>\n\n\n<div class=\"wp-block-image\">\n<figure class=\"aligncenter size-full\"><img loading=\"lazy\" decoding=\"async\" width=\"700\" height=\"700\" src=\"https:\/\/www.fracturaexpuesta.com.ar\/tango\/wp-content\/uploads\/roba-en-el-super-bordonasnocromo.jpg\" alt=\"\" class=\"wp-image-9627\" srcset=\"https:\/\/www.fracturaexpuesta.com.ar\/tango\/wp-content\/uploads\/roba-en-el-super-bordonasnocromo.jpg 700w, https:\/\/www.fracturaexpuesta.com.ar\/tango\/wp-content\/uploads\/roba-en-el-super-bordonasnocromo-300x300.jpg 300w, https:\/\/www.fracturaexpuesta.com.ar\/tango\/wp-content\/uploads\/roba-en-el-super-bordonasnocromo-150x150.jpg 150w, https:\/\/www.fracturaexpuesta.com.ar\/tango\/wp-content\/uploads\/roba-en-el-super-bordonasnocromo-100x100.jpg 100w\" sizes=\"auto, (max-width: 700px) 100vw, 700px\" \/><figcaption class=\"wp-element-caption\"><em><mark style=\"background-color:rgba(0, 0, 0, 0)\" class=\"has-inline-color has-cyan-bluish-gray-color\"><sup>\u00abRoba en el super\u00bb, de Bordonasnocromo<\/sup><\/mark><\/em><\/figcaption><\/figure>\n<\/div>\n\n\n<ol class=\"wp-block-list\" start=\"11\">\n<li><strong>Orquesta T\u00edpica Di Pasquale<\/strong><br>Continuidades Vol. 1<br><\/li>\n\n\n\n<li><strong>Quinteto del rev\u00e9s<\/strong><br>De tango y otras cicatrices<br><\/li>\n\n\n\n<li><strong>Tagini &#8211; Merlino<\/strong><br>El siglo del viento<br><\/li>\n\n\n\n<li><strong>Orquesta Las Se\u00f1oras<\/strong><br>hOra<br><\/li>\n\n\n\n<li><strong>La Empoderada<\/strong><br>Ac\u00e1 estamos<br><\/li>\n\n\n\n<li><strong>Agust\u00edn Guerrero Quinteto<\/strong><br>Herej\u00eda<br><\/li>\n\n\n\n<li><strong>Los andamios<\/strong><br>Dos<br><\/li>\n\n\n\n<li><strong>Umbrales Quinteto<\/strong><br>Paseo<br><\/li>\n\n\n\n<li><strong>Juan Villarreal y Patricio Crom<\/strong><br>Moderno Trovador<br><\/li>\n\n\n\n<li><strong>Ruido Gaucho<\/strong><br>Ruido Gaucho<\/li>\n<\/ol>\n\n\n<div class=\"wp-block-image\">\n<figure class=\"aligncenter size-full\"><img loading=\"lazy\" decoding=\"async\" width=\"700\" height=\"700\" src=\"https:\/\/www.fracturaexpuesta.com.ar\/tango\/wp-content\/uploads\/villareal-crom-moderno-trovador.jpg\" alt=\"\" class=\"wp-image-9632\" srcset=\"https:\/\/www.fracturaexpuesta.com.ar\/tango\/wp-content\/uploads\/villareal-crom-moderno-trovador.jpg 700w, https:\/\/www.fracturaexpuesta.com.ar\/tango\/wp-content\/uploads\/villareal-crom-moderno-trovador-300x300.jpg 300w, https:\/\/www.fracturaexpuesta.com.ar\/tango\/wp-content\/uploads\/villareal-crom-moderno-trovador-150x150.jpg 150w, https:\/\/www.fracturaexpuesta.com.ar\/tango\/wp-content\/uploads\/villareal-crom-moderno-trovador-100x100.jpg 100w\" sizes=\"auto, (max-width: 700px) 100vw, 700px\" \/><figcaption class=\"wp-element-caption\"><em><mark style=\"background-color:rgba(0, 0, 0, 0)\" class=\"has-inline-color has-cyan-bluish-gray-color\"><sup>\u00abModerno trovador\u00bb, de VIllareal-Crom.<\/sup><\/mark><\/em><\/figcaption><\/figure>\n<\/div>\n\n\n<ol class=\"wp-block-list\" start=\"21\">\n<li><strong>Siniestra<\/strong><br>Crash<br><\/li>\n\n\n\n<li><strong>Ullman<\/strong><br>Ya est\u00e1 en el aire<br><\/li>\n\n\n\n<li><strong>Masmedula<\/strong><br>El esta\u00f1o<br><\/li>\n\n\n\n<li><strong>Carolina Minella<\/strong><br>Minella<br><\/li>\n\n\n\n<li><strong>Juli\u00e1n Peralta &#8211; Mariano Gonz\u00e1lez Calo  &#8211; Agust\u00edn Rivera<\/strong><br>Fetiche<br><\/li>\n\n\n\n<li><strong>Juan Lorenzo<\/strong><br>Alto Ruido<br><\/li>\n\n\n\n<li><strong>Edgardo Gonz\u00e1lez<\/strong><br>Los chicos que atrapaban la sombra<br><\/li>\n\n\n\n<li><strong>Ximena Gim\u00e9nez<\/strong><br>Un infierno<br><\/li>\n\n\n\n<li><strong>Ana Stamponi y Brisa Videla<\/strong><br>Mejor asumilo<br><\/li>\n\n\n\n<li><strong>T\u00edpica Messiez<\/strong><br>Psicoporte\u00f1o<\/li>\n<\/ol>\n\n\n<div class=\"wp-block-image\">\n<figure class=\"aligncenter size-large\"><img loading=\"lazy\" decoding=\"async\" width=\"1024\" height=\"1024\" src=\"https:\/\/www.fracturaexpuesta.com.ar\/tango\/wp-content\/uploads\/siniestra-crash-1024x1024.jpg\" alt=\"\" class=\"wp-image-9634\" srcset=\"https:\/\/www.fracturaexpuesta.com.ar\/tango\/wp-content\/uploads\/siniestra-crash-1024x1024.jpg 1024w, https:\/\/www.fracturaexpuesta.com.ar\/tango\/wp-content\/uploads\/siniestra-crash-300x300.jpg 300w, https:\/\/www.fracturaexpuesta.com.ar\/tango\/wp-content\/uploads\/siniestra-crash-150x150.jpg 150w, https:\/\/www.fracturaexpuesta.com.ar\/tango\/wp-content\/uploads\/siniestra-crash-768x768.jpg 768w, https:\/\/www.fracturaexpuesta.com.ar\/tango\/wp-content\/uploads\/siniestra-crash-100x100.jpg 100w, https:\/\/www.fracturaexpuesta.com.ar\/tango\/wp-content\/uploads\/siniestra-crash.jpg 1080w\" sizes=\"auto, (max-width: 1024px) 100vw, 1024px\" \/><figcaption class=\"wp-element-caption\"><em><sup><mark style=\"background-color:rgba(0, 0, 0, 0)\" class=\"has-inline-color has-cyan-bluish-gray-color\">\u00abCrash\u00bb, de Siniestra.<\/mark><\/sup><\/em><\/figcaption><\/figure>\n<\/div>\n\n\n<ol class=\"wp-block-list\" start=\"31\">\n<li><strong>Susana Rinaldi y Osvaldo Piro<\/strong><br>Reencuentro<br><\/li>\n\n\n\n<li><strong>Valeria Vilaseca<\/strong><br>La Fortuna<br><\/li>\n\n\n\n<li><strong>Aguafuertes<\/strong><br>Avenida principal<br><\/li>\n\n\n\n<li><strong>Quiero 24<\/strong><br>Vieja Escuela 90<br><\/li>\n\n\n\n<li><strong>Orquesta T\u00edpica Color Tango<\/strong><br>Sentido \u00fanico<br><\/li>\n\n\n\n<li><strong>Omar Giammarco<\/strong><br>Las razones del coraz\u00f3n<br><\/li>\n\n\n\n<li><strong>Ramiro Gallo Quinteto<\/strong><br>Alquimia<br><\/li>\n\n\n\n<li><strong>La Chicana<\/strong><br>Los lobos del recuerdo<br><\/li>\n\n\n\n<li><strong>La Grela Quinteto<\/strong><br>Astor<br><\/li>\n\n\n\n<li><strong>Quinteto Astor Piazzolla<\/strong><br>Operation Tango<\/li>\n<\/ol>\n\n\n<div class=\"wp-block-image\">\n<figure class=\"aligncenter size-full\"><img loading=\"lazy\" decoding=\"async\" width=\"700\" height=\"700\" src=\"https:\/\/www.fracturaexpuesta.com.ar\/tango\/wp-content\/uploads\/Alquimia-arte-de-tapa.jpg\" alt=\"\" class=\"wp-image-9496\" srcset=\"https:\/\/www.fracturaexpuesta.com.ar\/tango\/wp-content\/uploads\/Alquimia-arte-de-tapa.jpg 700w, https:\/\/www.fracturaexpuesta.com.ar\/tango\/wp-content\/uploads\/Alquimia-arte-de-tapa-300x300.jpg 300w, https:\/\/www.fracturaexpuesta.com.ar\/tango\/wp-content\/uploads\/Alquimia-arte-de-tapa-150x150.jpg 150w, https:\/\/www.fracturaexpuesta.com.ar\/tango\/wp-content\/uploads\/Alquimia-arte-de-tapa-100x100.jpg 100w\" sizes=\"auto, (max-width: 700px) 100vw, 700px\" \/><figcaption class=\"wp-element-caption\"><em><mark style=\"background-color:rgba(0, 0, 0, 0)\" class=\"has-inline-color has-cyan-bluish-gray-color\"><sup>\u00abAlquimia\u00bb, de Ramiro Gallo Quinteto<\/sup><\/mark><\/em><\/figcaption><\/figure>\n<\/div>\n\n\n<ol class=\"wp-block-list\" start=\"41\">\n<li><strong>Quinteto Negro La Boca<\/strong><br>Cicatrices<br><\/li>\n\n\n\n<li><strong>Beto Peyrou canta a Nacho Su\u00e1rez<\/strong><br>Volver<br><\/li>\n\n\n\n<li><strong>Guillermo Fern\u00e1ndez<\/strong><br>El cantor de tangos<br><\/li>\n\n\n\n<li><strong>Diego Schissi Quinteto<\/strong><br>Apiazolado<br><\/li>\n\n\n\n<li><strong>Julieta Laso<\/strong><br>Pata de perra<br><\/li>\n\n\n\n<li><strong>Tango Spleen Orquesta<\/strong><br>Se encendieron los colores<br><\/li>\n\n\n\n<li><strong>Juan Pablo Navarro Septeto<\/strong><br>Visiones pand\u00e9micas<br><\/li>\n\n\n\n<li><strong>Negro Fal\u00f3tico &#8211; Mat\u00edas \u00c1lvarez<\/strong><br>Afuera es noche<br><\/li>\n\n\n\n<li><strong>S\u00f3nico<\/strong><br>Five, six, seven, eight\u2026 The edge of tango Vol.2<br><\/li>\n\n\n\n<li><strong>Gatacca Nou Tango<\/strong><br>Gatacca Nou Tango<\/li>\n<\/ol>\n\n\n<div class=\"wp-block-image\">\n<figure class=\"aligncenter size-full\"><img loading=\"lazy\" decoding=\"async\" width=\"640\" height=\"640\" src=\"https:\/\/www.fracturaexpuesta.com.ar\/tango\/wp-content\/uploads\/sonico-five-six-seven-eight.jpg\" alt=\"\" class=\"wp-image-9637\" srcset=\"https:\/\/www.fracturaexpuesta.com.ar\/tango\/wp-content\/uploads\/sonico-five-six-seven-eight.jpg 640w, https:\/\/www.fracturaexpuesta.com.ar\/tango\/wp-content\/uploads\/sonico-five-six-seven-eight-300x300.jpg 300w, https:\/\/www.fracturaexpuesta.com.ar\/tango\/wp-content\/uploads\/sonico-five-six-seven-eight-150x150.jpg 150w, https:\/\/www.fracturaexpuesta.com.ar\/tango\/wp-content\/uploads\/sonico-five-six-seven-eight-100x100.jpg 100w\" sizes=\"auto, (max-width: 640px) 100vw, 640px\" \/><figcaption class=\"wp-element-caption\"><em><mark style=\"background-color:rgba(0, 0, 0, 0)\" class=\"has-inline-color has-cyan-bluish-gray-color\"><sup>\u00abFive, six, seven, eight\u2026 The edge of tango Vol.2\u00bb, de S\u00f3nico (B\u00e9lgica)<\/sup><\/mark><\/em><\/figcaption><\/figure>\n<\/div>\n\n\n<p class=\"wp-block-paragraph\"><\/p>\n\n\n\n<p class=\"has-small-font-size wp-block-paragraph\"><em>* El orden y la numeraci\u00f3n no corresponden a una valoraci\u00f3n o ranking sino que ofrecen una aproximaci\u00f3n al momento de aparici\u00f3n del disco.<\/em><\/p>\n\n\n\n<figure class=\"wp-block-embed is-type-wp-embed is-provider-fractura-expuesta wp-block-embed-fractura-expuesta\"><div class=\"wp-block-embed__wrapper\">\n<blockquote class=\"wp-embedded-content\" data-secret=\"YemL3sEjRd\"><a href=\"https:\/\/www.fracturaexpuesta.com.ar\/tango\/doble-a-una-radio-para-escuchar-como-suena-el-tango-hoy\/\">Doble A: aire de bandone\u00f3n<\/a><\/blockquote><iframe loading=\"lazy\" class=\"wp-embedded-content\" sandbox=\"allow-scripts\" security=\"restricted\" style=\"position: absolute; visibility: hidden;\" title=\"\u00abDoble A: aire de bandone\u00f3n\u00bb \u2014 \" src=\"https:\/\/www.fracturaexpuesta.com.ar\/tango\/doble-a-una-radio-para-escuchar-como-suena-el-tango-hoy\/embed\/#?secret=sVvXsAL6Mv#?secret=YemL3sEjRd\" data-secret=\"YemL3sEjRd\" width=\"600\" height=\"338\" frameborder=\"0\" marginwidth=\"0\" marginheight=\"0\" scrolling=\"no\"><\/iframe>\n<\/div><\/figure>\n","protected":false},"excerpt":{"rendered":"<p>Una selecci\u00f3n elaborada por Fractura Expuesta y Doble A.<\/p>\n","protected":false},"author":1,"featured_media":9619,"comment_status":"open","ping_status":"open","sticky":false,"template":"","format":"standard","meta":{"footnotes":""},"categories":[4,3],"tags":[595,292,32,111],"class_list":["post-9618","post","type-post","status-publish","format-standard","has-post-thumbnail","hentry","category-discos","category-noticias","tag-discos","tag-doble-a","tag-featured","tag-tango"],"_links":{"self":[{"href":"https:\/\/www.fracturaexpuesta.com.ar\/tango\/wp-json\/wp\/v2\/posts\/9618","targetHints":{"allow":["GET"]}}],"collection":[{"href":"https:\/\/www.fracturaexpuesta.com.ar\/tango\/wp-json\/wp\/v2\/posts"}],"about":[{"href":"https:\/\/www.fracturaexpuesta.com.ar\/tango\/wp-json\/wp\/v2\/types\/post"}],"author":[{"embeddable":true,"href":"https:\/\/www.fracturaexpuesta.com.ar\/tango\/wp-json\/wp\/v2\/users\/1"}],"replies":[{"embeddable":true,"href":"https:\/\/www.fracturaexpuesta.com.ar\/tango\/wp-json\/wp\/v2\/comments?post=9618"}],"version-history":[{"count":21,"href":"https:\/\/www.fracturaexpuesta.com.ar\/tango\/wp-json\/wp\/v2\/posts\/9618\/revisions"}],"predecessor-version":[{"id":9645,"href":"https:\/\/www.fracturaexpuesta.com.ar\/tango\/wp-json\/wp\/v2\/posts\/9618\/revisions\/9645"}],"wp:featuredmedia":[{"embeddable":true,"href":"https:\/\/www.fracturaexpuesta.com.ar\/tango\/wp-json\/wp\/v2\/media\/9619"}],"wp:attachment":[{"href":"https:\/\/www.fracturaexpuesta.com.ar\/tango\/wp-json\/wp\/v2\/media?parent=9618"}],"wp:term":[{"taxonomy":"category","embeddable":true,"href":"https:\/\/www.fracturaexpuesta.com.ar\/tango\/wp-json\/wp\/v2\/categories?post=9618"},{"taxonomy":"post_tag","embeddable":true,"href":"https:\/\/www.fracturaexpuesta.com.ar\/tango\/wp-json\/wp\/v2\/tags?post=9618"}],"curies":[{"name":"wp","href":"https:\/\/api.w.org\/{rel}","templated":true}]}}