{"id":9652,"date":"2024-01-04T22:19:46","date_gmt":"2024-01-05T01:19:46","guid":{"rendered":"https:\/\/www.fracturaexpuesta.com.ar\/tango\/?p=9652"},"modified":"2024-01-08T18:12:27","modified_gmt":"2024-01-08T21:12:27","slug":"restauran-y-publican-audios-emblematicos-de-piazzolla-y-salgan-en-el-teatro-colon","status":"publish","type":"post","link":"https:\/\/www.fracturaexpuesta.com.ar\/tango\/restauran-y-publican-audios-emblematicos-de-piazzolla-y-salgan-en-el-teatro-colon\/","title":{"rendered":"Restauran y publican audios emblem\u00e1ticos de Piazzolla y Salg\u00e1n en el Teatro Col\u00f3n"},"content":{"rendered":"\n<p class=\"wp-block-paragraph\">La tradici\u00f3n de conservaci\u00f3n sonora del tango siempre ha sido una tarea pendiente.<\/p>\n\n\n\n<p class=\"wp-block-paragraph\">La dispersi\u00f3n del material, la dificultad de acceso a colecciones particulares, la destrucci\u00f3n de matrices por parte de grandes compa\u00f1\u00edas de la industria discogr\u00e1fica y la ausencia de una planificaci\u00f3n integral para sistematizar, conservar y restaurar el patrimonio sonoro de una de las expresiones musicales caracter\u00edsticas del pa\u00eds han cristalizado un sue\u00f1o lejano de archivo general de tango.<\/p>\n\n\n\n<p class=\"wp-block-paragraph\">Ese escenario de inacci\u00f3n y desconcierto habilit\u00f3, naturalmente, la pretensi\u00f3n de distintos proyectos a escala particular o de sinergia p\u00fablico-privada con diversos alcances, aunque nunca de gran magnitud y siempre bajo riesgo de disoluci\u00f3n. A pesar de ello, los intentos produjeron algunos avances, como sucedi\u00f3 recientemente con la restauraci\u00f3n de la obra f\u00edlmica de Carlos Gardel.<\/p>\n\n\n\n<p class=\"wp-block-paragraph\">Ahora, en el marco de una iniciativa titulada <strong><em>Heritage Collection<\/em>, el Teatro Col\u00f3n dio conocer dos conciertos restaurados<\/strong> \u2013a partir de <strong>las cintas originales <\/strong>de la grabaci\u00f3n oficial- correspondientes a presentaciones que hicieron Astor Piazzolla y Horacio Salg\u00e1n en la d\u00e9cada del 70.<\/p>\n\n\n\n<p class=\"wp-block-paragraph\">Se trata de los conciertos brindados en <strong>1972 por Salg\u00e1n y su Orquesta -con las voces de Roberto Goyeneche y Edmundo Rivero- y Astor Piazzolla y su Conjunto 9<\/strong>.<\/p>\n\n\n\n<p class=\"wp-block-paragraph\">\u201cLa restauraci\u00f3n sonora, <strong>sin compresi\u00f3n y sin reverb ni filtros agregados<\/strong>, rescata los arm\u00f3nicos originales y la presencia del sonido de la sala\u201d, indicaron desde el teatro sobre el trabajo de puesta en valor. La labor fue realizada por Roberto Sarfati y Diego Vila.<\/p>\n\n\n\n<p class=\"wp-block-paragraph\">Las presentaciones de Salg\u00e1n y Piazzolla en el Col\u00f3n fueron parte de <strong>una velada hist\u00f3rica<\/strong> en la que el tango desembarc\u00f3 nuevamente en la emblem\u00e1tica sala argentina. All\u00ed estuvieron, adem\u00e1s de los artistas mencionados, An\u00edbal Troilo, Florindo Sassone y el Sexteto Tango.<\/p>\n\n\n\n<p class=\"has-text-color has-link-color wp-elements-59b1cf6a1e49d4fc5eb5ae8617d8b3d6 wp-block-paragraph\" style=\"color:#ff0000;font-size:26px\"><strong>Los conciertos restaurados<\/strong><\/p>\n\n\n\n<p class=\"wp-block-paragraph\"><strong>Astor Piazzolla y su Conjunto 9 (1972)<\/strong>:<\/p>\n\n\n\n<iframe style=\"border-radius:12px\" src=\"https:\/\/open.spotify.com\/embed\/album\/5IbWuw4iHYL4mzlswphQYJ?utm_source=generator\" width=\"100%\" height=\"352\" frameBorder=\"0\" allowfullscreen=\"\" allow=\"autoplay; clipboard-write; encrypted-media; fullscreen; picture-in-picture\" loading=\"lazy\"><\/iframe>\n\n\n\n<p class=\"wp-block-paragraph\"><\/p>\n\n\n\n<p class=\"wp-block-paragraph\"><strong>Horacio Salg\u00e1n y su Orquesta. Con Roberto Goyeneche y Edmundo Rivero (1972)<\/strong>:<\/p>\n\n\n\n<iframe style=\"border-radius:12px\" src=\"https:\/\/open.spotify.com\/embed\/album\/2oTtSMeeGzbPY6FxruEMA0?utm_source=generator\" width=\"100%\" height=\"352\" frameBorder=\"0\" allowfullscreen=\"\" allow=\"autoplay; clipboard-write; encrypted-media; fullscreen; picture-in-picture\" loading=\"lazy\"><\/iframe>\n\n\n\n<p class=\"wp-block-paragraph\"><\/p>\n\n\n\n<p class=\"wp-block-paragraph\"><\/p>\n","protected":false},"excerpt":{"rendered":"<p>Se trata de los conciertos que Salg\u00e1n y Piazzolla ofrecieron en 1972 en el Teatro Col\u00f3n y que permitieron el desembarco del tango en el ic\u00f3nico escenario de la Argentina.<\/p>\n","protected":false},"author":1,"featured_media":9655,"comment_status":"open","ping_status":"open","sticky":false,"template":"","format":"standard","meta":{"footnotes":""},"categories":[3],"tags":[328,32,596,326],"class_list":["post-9652","post","type-post","status-publish","format-standard","has-post-thumbnail","hentry","category-noticias","tag-astor-piazzolla","tag-featured","tag-horacio-salgan","tag-piazzolla"],"_links":{"self":[{"href":"https:\/\/www.fracturaexpuesta.com.ar\/tango\/wp-json\/wp\/v2\/posts\/9652","targetHints":{"allow":["GET"]}}],"collection":[{"href":"https:\/\/www.fracturaexpuesta.com.ar\/tango\/wp-json\/wp\/v2\/posts"}],"about":[{"href":"https:\/\/www.fracturaexpuesta.com.ar\/tango\/wp-json\/wp\/v2\/types\/post"}],"author":[{"embeddable":true,"href":"https:\/\/www.fracturaexpuesta.com.ar\/tango\/wp-json\/wp\/v2\/users\/1"}],"replies":[{"embeddable":true,"href":"https:\/\/www.fracturaexpuesta.com.ar\/tango\/wp-json\/wp\/v2\/comments?post=9652"}],"version-history":[{"count":7,"href":"https:\/\/www.fracturaexpuesta.com.ar\/tango\/wp-json\/wp\/v2\/posts\/9652\/revisions"}],"predecessor-version":[{"id":9668,"href":"https:\/\/www.fracturaexpuesta.com.ar\/tango\/wp-json\/wp\/v2\/posts\/9652\/revisions\/9668"}],"wp:featuredmedia":[{"embeddable":true,"href":"https:\/\/www.fracturaexpuesta.com.ar\/tango\/wp-json\/wp\/v2\/media\/9655"}],"wp:attachment":[{"href":"https:\/\/www.fracturaexpuesta.com.ar\/tango\/wp-json\/wp\/v2\/media?parent=9652"}],"wp:term":[{"taxonomy":"category","embeddable":true,"href":"https:\/\/www.fracturaexpuesta.com.ar\/tango\/wp-json\/wp\/v2\/categories?post=9652"},{"taxonomy":"post_tag","embeddable":true,"href":"https:\/\/www.fracturaexpuesta.com.ar\/tango\/wp-json\/wp\/v2\/tags?post=9652"}],"curies":[{"name":"wp","href":"https:\/\/api.w.org\/{rel}","templated":true}]}}