{"id":9661,"date":"2024-01-05T18:04:00","date_gmt":"2024-01-05T21:04:00","guid":{"rendered":"https:\/\/www.fracturaexpuesta.com.ar\/tango\/?p=9661"},"modified":"2024-01-05T18:21:05","modified_gmt":"2024-01-05T21:21:05","slug":"charly-garcia-susana-rinaldi-la-renga-y-mas-musicos-y-organizaciones-manifiestan-su-preocupacion-por-las-medidas-en-cultura-del-gobierno-de-milei","status":"publish","type":"post","link":"https:\/\/www.fracturaexpuesta.com.ar\/tango\/charly-garcia-susana-rinaldi-la-renga-y-mas-musicos-y-organizaciones-manifiestan-su-preocupacion-por-las-medidas-en-cultura-del-gobierno-de-milei\/","title":{"rendered":"Charly Garc\u00eda, Susana Rinaldi, La Renga y m\u00e1s: m\u00fasicos y organizaciones manifiestan su \u201cpreocupaci\u00f3n\u201d por las medidas en cultura del gobierno de Milei"},"content":{"rendered":"\n<p class=\"wp-block-paragraph\">M\u00fasicos y grupos de todos los g\u00e9neros \u2013el tango incluido- adhirieron a un reciente comunicado, difundido bajo el t\u00edtulo \u201cToda la vida tiene m\u00fasica\u201d, en el que <strong>se expresa la \u201cprofunda preocupaci\u00f3n\u201d del \u00e1mbito musical<\/strong> ante las medidas que afectan al sector tras conocerse los textos del <strong>Decreto de Necesidad y Urgencia y el proyecto de Ley \u00d3mnibus impulsados por el gobierno de Javier Milei.<\/strong><\/p>\n\n\n\n<p class=\"wp-block-paragraph\"><strong>Charly Garc\u00eda, Susana Rinaldi, Litto Nebbia, La Renga, Le\u00f3n Gieco,<\/strong> Teresa Parodi, Marilina Bertoldi, Pedro Aznar, Gustavo Santaolalla, Osvaldo y Alfredo Piro, Noelia Sinkunas, Jairo, Lidia Borda y Yuri Venturin (Fern\u00e1ndez Fierro), entre muchos otros, son algunos de los artistas que se plegaron al comunicado que sostiene que las medidas apuntan \u201ca dejar sin efecto cientos de derechos construidos y consensos alcanzados por nuestra sociedad en d\u00e9cadas de trabajo\u201d.<\/p>\n\n\n\n<blockquote class=\"wp-block-quote is-layout-flow wp-block-quote-is-layout-flow\">\n<p class=\"wp-block-paragraph\">Los artistas rechazan las modificaciones y la posible eliminaci\u00f3n del Instituto Nacional de la M\u00fasica (INAMU)<\/p>\n<\/blockquote>\n\n\n\n<p class=\"wp-block-paragraph\">En lo espec\u00edfico, el texto se enfoca en <strong>las modificaciones y la posible eliminaci\u00f3n del Instituto Nacional de la M\u00fasica (INAMU)<\/strong>. \u201cEl nuevo proyecto, no solo lo desfinancia, sino que afecta su figura dejando subordinado todo lo descripto anteriormente a la decisi\u00f3n arbitraria de un funcionario de turno de la Secretar\u00eda de Cultura de Naci\u00f3n\u201d, dice el comunicado creado desde la Mesa de la Industria y la Actividad Musical Argentina.<\/p>\n\n\n\n<p class=\"wp-block-paragraph\">\u201cDej\u00e1ndolo bajo la \u00f3rbita de la Secretar\u00eda de Cultura. <strong>\u201c\u00bfQuieren estatizar el INAMU?\u201d<\/strong>, se preguntan en el texto sobre el ente p\u00fablico no estatal que fomenta la actividad musical en el pa\u00eds.<\/p>\n\n\n\n<blockquote class=\"wp-block-quote is-layout-flow wp-block-quote-is-layout-flow\">\n<p class=\"wp-block-paragraph\">\u00abDefenderemos el derecho a la producci\u00f3n cultural en nuestro Parlamento\u00bb, dice el comunicado.<\/p>\n<\/blockquote>\n\n\n\n<p class=\"wp-block-paragraph\">\u201cNuestro pa\u00eds, que es un ejemplo de producci\u00f3n cultural, pasar\u00eda a dejar que sea \u2018s\u00f3lo\u2019 <strong>la l\u00f3gica de mercado<\/strong> la que determine qu\u00e9 cultura se produce en la Argentina\u201d, se\u00f1alan.<\/p>\n\n\n\n<p class=\"has-text-color has-link-color wp-elements-ba197d4128ec4c97696df70636688cfd wp-block-paragraph\" style=\"color:#ff0000;font-size:26px\"><strong>El comunicado completo:<\/strong><\/p>\n\n\n\n<p class=\"wp-block-paragraph\">\u201cTODA LA VIDA TIENE M\u00daSICA&#8230;<\/p>\n\n\n\n<p class=\"wp-block-paragraph\">COMUNICADO N\u00b0 1<\/p>\n\n\n\n<p class=\"wp-block-paragraph\"><em>Desde la Mesa de la Industria y de la Actividad Musical hubi\u00e9ramos querido dejar un mensaje esperanzador de fin de a\u00f1o y buen comienzo del 2024, pero lamentablemente un inconstitucional DNU (Decreto de Necesidad y Urgencia) y un devastador proyecto de Ley, nos cambiaron radicalmente el mensaje a compartir.<\/em><\/p>\n\n\n\n<p class=\"wp-block-paragraph\"><em>Los abajo firmantes manifestamos nuestra profunda preocupaci\u00f3n por el proyecto de Ley presentado a sesiones extraordinarias llamado: Ley de Bases y Puntos de Partida para la Libertad de los Argentinos que apunta a dejar sin efecto cientos de derechos construidos y consensos alcanzados por nuestra sociedad en d\u00e9cadas de trabajo.<\/em><\/p>\n\n\n\n<p class=\"wp-block-paragraph\"><em>Nuestro pa\u00eds, que es un ejemplo de producci\u00f3n Cultural pasar\u00eda a dejar que sea \u00abs\u00f3lo\u00bb la l\u00f3gica de Mercado la que determine que Cultura se produce en la Argentina. El resultado de esa L\u00f3gica ser\u00eda una producci\u00f3n cultural que tiene m\u00e1s que ver con la competencia, que con la transmisi\u00f3n de sentimientos y valores.<\/em><\/p>\n\n\n\n<p class=\"wp-block-paragraph\"><em>En cuanto a la M\u00fasica, el proyecto propone modificar totalmente al INAMU (Instituto Nacional de la M\u00fasica) y eliminar una experiencia que hizo del mismo un ejemplo de transparencia, Federalismo y optimizaci\u00f3n de los escasos recursos con que cuenta.<\/em><\/p>\n\n\n\n<p class=\"wp-block-paragraph\"><em>Un Instituto, valorado por las referencias culturales de todo el mundo, que federaliz\u00f3 institucionalmente su conducci\u00f3n (la aprobaci\u00f3n de la gesti\u00f3n la otorga la Asamblea Federal: los 23 gobiernos provinciales y de CABA) como as\u00ed tambi\u00e9n federaliz\u00f3 la elecci\u00f3n de beneficiarios (los Consejos Regionales integrados por m\u00e1s de 80 asociaciones de M\u00fasicas y M\u00fasicos de todo el pa\u00eds elijen los proyectos a fomentar). Estas dos caracter\u00edsticas hicieron que el INAMU NO tuviera ninguna denuncia desde su origen, como as\u00ed tambi\u00e9n es un ejemplo de operatividad y eficiencia.<\/em><\/p>\n\n\n\n<p class=\"wp-block-paragraph\"><em>Los 24 representantes gubernamentales de las 23 provincias y CABA y los 80 representantes de las Asociaciones de M\u00fasicas y M\u00fasicos cumplieron extraordinariamente su funci\u00f3n, \u00a1totalmente Ad Honorem!<\/em><\/p>\n\n\n\n<p class=\"wp-block-paragraph\"><em>El INAMU es un Ente-p\u00fablico No-Estatal, y lo se\u00f1alado puede ser posible por esa figura t\u00e9cnico-legal. El nuevo proyecto, no solo lo desfinancia, sino que afecta su figura dejando subordinado todo lo descripto anteriormente a la decisi\u00f3n arbitraria de un funcionario de turno de la Secretar\u00eda de Cultura de Naci\u00f3n. (\u00bfQuieren estatizar el INAMU?)<\/em><\/p>\n\n\n\n<p class=\"wp-block-paragraph\"><em>Defenderemos el derecho a la producci\u00f3n cultural en nuestro Parlamento (C\u00e1mara de Diputados y Senadores) donde la Ley 26.801 que crea el INAMU fue votada por Unanimidad. Los derechos no se recitan, se conquistan y se defienden\u00bb.<\/em><\/p>\n\n\n\n<p class=\"has-text-color has-link-color wp-elements-742b546ae0a4f98044b132445e8c18dd wp-block-paragraph\" style=\"color:#ff0000;font-size:26px\"><strong>Las adhesiones:<\/strong><\/p>\n\n\n\n<p class=\"wp-block-paragraph\">CHARLY GARC\u00cdA &#8211; GUSTAVO SANTAOLALLA &#8211; LA RENGA &#8211; SUSANA RINALDI &#8211; LITTO NEBBIA &#8211; LEON GIECO &#8211; TERESA PARODI &#8211; JAIRO &#8211; PEDRO AZNAR &#8211; FABIANA CANTILO &#8211; NITO MESTRE &#8211; RUB\u00c9N RADA &#8211; PETECO CARABAJAL &#8211; ADRIAN DARGELOS &#8211; VICTOR HEREDIA &#8211; MARILINA BERTOLDI &#8211; BOOM BOOM KID &#8211; ESCALANDRUM &#8211; MIGUEL CANTILO &#8211; LILIANA HERRERO &#8211; BRUNO ARIAS &#8211; CELSA MEL GOWLAND ( Vicepresidenta INAMU-2014-2018) &#8211; DIEGO BORIS ( Presidente INAMU 2014-2022) &#8211; PAULA RIVERA ( Vicepresidenta INAMU 2018-2022) &#8211; OSVALDO PIRO &#8211; LIDIA BORDA &#8211; CHANGO SPASIUK &#8211; RAUL PORCHETTO &#8211; MARCELO LOMBARDERO &#8211; VICTOR TORRES &#8211; MAR\u00cdA DEL CARMEN AGUILAR &#8211; MARCELO DELGADO &#8211; MART\u00cdN LIUT- MARIAN FARIAS GOMEZ &#8211; RUB\u00c9N GOLD\u00cdN &#8211; MARIA ROSA YORIO &#8211; DANIEL \u201cPIPI\u201d PIAZZOLLA &#8211; BRENDA MARTIN &#8211; LULA BERTOLDI &#8211; LILIANA VITALE &#8211; RICHARD COLEMAN &#8211; POPI SPATOCCO &#8211; VIVI STALLONE &#8211; MAVI D\u00cdAZ &#8211; DIEGO FRENKEL &#8211; BERNARDO BARAJ &#8211; ALFREDO PIRO &#8211; NOELIA SINKUNAS &#8211; LIGIA PIRO &#8211; MTRO ALEJANDRO IGLESIAS ROSSI &#8211; POLLO RAFFO &#8211; EDU SCHMIDT &#8211; ANDREA ALVAREZ &#8211; MISS BOLIVIA &#8211; SUSY SHOCK &#8211; OROZCO-BARRIENTOS &#8211; AGUST\u00cdN RONCONI (ARBOLITO) &#8211; VERONICA CONDOM\u00cd &#8211; FENA DELLA MAGGIORA &#8211; MARIANA CARRIZO &#8211; BARBARITA PALACIOS &#8211; JAVIER CASALLA &#8211; YURI VENTUR\u00cdN &#8211; LUCIANA JURY &#8211; COQUI ORTIZ &#8211; SARA MAMANI &#8211;<\/p>\n\n\n\n<p class=\"wp-block-paragraph\"><strong>MESA DE LA INDUSTRIA Y DE LA ACTIVIDAD MUSICAL<\/strong><\/p>\n\n\n\n<p class=\"wp-block-paragraph\">FA-MI (FEDERACI\u00d3N ARGENTINA DE M\u00daSICXS INDEPENDIENTES) &#8211; UMI (UNI\u00d3N DE M\u00daSICXS INDEPENDIENTES) \/ SATE (SINDICATO ARGENTINO DE T\u00c9CNICOS ESCENICOS) &#8211; RMS (RED MULTISONORA) &#8211; AATIA (ASOCIACI\u00d3N ARGENTINA DE T\u00c9CNICOS E INGENIEROS DE AUDIO)<\/p>\n\n\n\n<p class=\"wp-block-paragraph\"><strong>ASOCIACIONES DE LA ACTIVIDAD M\u00daSICAL QUE ADHIEREN:<\/strong><\/p>\n\n\n\n<p class=\"wp-block-paragraph\">FAM (FEDERACI\u00d3N ARGENTINA DE M\u00daSICOS) &#8211; CLUMVI (C\u00c1MARA DE CLUBES DE M\u00daSICA EN VIVO) &#8211; SINDICATO \u00daNICO DE CANTANTES &#8211; ASOCIACI\u00d3N CORAL DE LA PAMPA &#8211; OFADAC &#8211; ADICORA &#8211; CULTURA DE PIE- SANTA FE- MOVIMIENTO CANTO DE TODOS &#8211; TUM (TRABAJADORXS UNIDXS DE LA M\u00daSICA)- ROSARIO &#8211; ALIANZA FARO(MEDIOS DIGITALES DE M\u00daSICA DE IBEROAM\u00c9RICA)<\/p>\n\n\n\n<p class=\"wp-block-paragraph\"><strong>ORGANIZACIONES QUE INTEGRAN LA FA-MI<\/strong><\/p>\n\n\n\n<p class=\"wp-block-paragraph\">OMA &#8211; ORGANIZACI\u00d3N DE M\u00daSICXS AUTOCONVOCADOS- SAN JUAN &#8211; TAMI &#8211; TRABAJADORES Y AMIGXS DE LA M\u00daSICA INDEPENDIENTE (JUN\u00cdN, BS.AS.)- MUEBA &#8211; M\u00daSICXS EN BARILOCHE (BARILOCHE, R\u00cdO NEGRO)- MPM &#8211; M\u00daSICXS POPULARES MISIONEROS (MISIONES)- UNIMUV &#8211; UNI\u00d3N DE M\u00daSICXS DE VILLA MAR\u00cdA (C\u00d3RDOBA.)- TIMPANO &#8211; ASOCIACI\u00d3N DE TRABAJADORES DE LA INDUSTRIA MUSICAL PATAGONIA NORTE (VIEDMA, R\u00cdO NEGRO)- UMA &#8211; UNI\u00d3N DE M\u00daSICXS DE AVELLANEDA (AVELLANEDA, BS.AS.)- AMIS &#8211; ASOCIACI\u00d3N DE M\u00daSICXS INDEPENDIENTES DE SAN RAFAEL (MENDOZA.)- ACMM &#8211; ASOCIACI\u00d3N CIVIL M\u00daSICA DE MUJERES (SANTIAGO DEL ESTERO)- AMUISE &#8211; ASOCIACI\u00d3N DE M\u00daSICXS INDEPENDIENTES DE SANTIAGO DEL ESTERO- UNMAR &#8211; UNI\u00d3N DE M\u00daSICXS DE MAR DEL PLATA &#8211; QUBIL &#8211; M\u00daSICXS INDEPENDIENTES DE ROSARIO (STA FE)- PMIT &#8211; PERSONAS M\u00daSICAS INDEPENDIENTES DE TUCUM\u00c1N &#8211; UMI &#8211; UNI\u00d3N DE M\u00daSICOS INDEPENDIENTES &#8211; MIO &#8211; M\u00daSICOS INDEPENDIENTES ORGANIZADOS (MAR DEL PLATA, BS.AS.) &#8211; MAIPEC &#8211; M\u00daSICXS ALVEARENSES INDEPENDIENTES PENSANDO COLECTIVAMENTE (GRAL. ALVEAR, MENDOZA)- MUSAI &#8211; M\u00daSICXS SALADILLENSES INDEPENDIENTES (SALADILLO, BS.AS.)- CUCH\u00c1! &#8211; M\u00daSICXS PLATENSES PRODUCIENDO (LA PLATA, BS.AS.)- MIAS &#8211; M\u00daSICXS INDEPENDIENTES AUTOGESTIONADOS DE SALTA &#8211; MURO &#8211; M\u00daSICXS UNIDOS RODRIGUENSES GRAL. RODR\u00cdGUEZ, BS. AS.)- AMI PLAZOLETA &#8211; ASOCIACI\u00d3N DE M\u00daSICOS INDEPENDIENTES (TRENQUE LAUQUEN, BS. AS.)- AAP &#8211; ASOCIACI\u00d3N ARGENTINA DE PERCUSI\u00d3N (AVELLANEDA, BS.AS.)- UEMI &#8211; UNI\u00d3N ENTRERRIANA DE M\u00daSICXS (ENTRE R\u00cdOS)- MIPA &#8211; M\u00daSICXS INDEPENDIENTES PAMPEANOS (LA PAMPA)- AMUB &#8211; ASOCIACI\u00d3N DE M\u00daSICXS DE BRAGADO (BRAGADO, BS. AS.)- MITO &#8211; M\u00daSICXS INDEPENDIENTES DE TANDIL ORGANIZADXS (Bs.As)- ACMMI &#8211; ASOCIACI\u00d3N CIVIL DE M\u00daSICOS Y M\u00daSICAS INDEPENDIENTES (LA RIOJA)- UMPC -UNI\u00d3N DE M\u00daSICOS DEL PARTIDO DE LA COSTA (Bs.As)- ASOCIACI\u00d3N DE M\u00daSICOS INDEPENDIENTES DE 9 DE JULIO (BUENOS AIRES)- SUMA &#8211; SANTAFECINOS UNIDOS POR LA M\u00daSICA (SANTA FE)- AMICHA ASOCIACI\u00d3N DE M\u00daSICOS INDEPENDIENTES DE CHACO- MICO &#8211; M\u00daSICOS INDEPENDIENTES DE CORRIENTES &#8211; MUSAC &#8211; M\u00daSICOS UNIDOS DE SANTA CRUZ- SONAR &#8211; M\u00daSICOS INDEPENDIENTES DE C\u00d3RDOBA<\/p>\n\n\n\n<p class=\"wp-block-paragraph\"><strong>ORGANIZACIONES DE FAM<\/strong><\/p>\n\n\n\n<p class=\"wp-block-paragraph\">SINDICATO DE M\u00daSICOS DE ROSARIO &#8211; SINDICATO DE M\u00daSICOS DE LA PROVINCIA DE C\u00d3RDOBA &#8211; ASOCIACI\u00d3N PROFESIONAL DE M\u00daSICOS DE LA PLATA &#8211; SINDICATO DE M\u00daSICOS DE RAFAELA &#8211; SOCIEDAD DE M\u00daSICOS DE SANTA F\u00c9<\/p>\n\n\n\n<p class=\"wp-block-paragraph\"><strong>COLECTIVOS Y OTRAS ORGANIZACIONES<\/strong><\/p>\n\n\n\n<p class=\"wp-block-paragraph\">MUJERTROVA- TANGO TRANSFEMINISTA HOY &#8211; FUNDACI\u00d3N MERCEDES SOSA &#8211; INDIE HOY &#8211; ALIANZA FARO-iberoam\u00e9rica &#8211; NIMBA ESCUELA DE PERCUSI\u00d3N AFRICANA &#8211; BROTECITOS RADIO &#8211; LA COTORRAL RADIO &#8211; HERMANAGER<\/p>\n\n\n\n<p class=\"wp-block-paragraph\"><strong>FERIAS Y MERCADOS INTERNACIONALES<\/strong><\/p>\n\n\n\n<p class=\"wp-block-paragraph\">MMVV (Catalunya) &#8211; Festival Boreal (Islas Canarias) &#8211; Oslo World (Noruega) &#8211; FIM (Guadalajara) &#8211; CRANEA m\u00fasica (Paraguay) &#8211; FIMS (Brasil) &#8211; Monkey Week (Espa\u00f1a) &#8211; BIME (Bilbao-Bogot\u00e1)<\/p>\n","protected":false},"excerpt":{"rendered":"<p>Los artistas se manifestaron tras conocerse la intenci\u00f3n de reducir el accionar del Instituto Nacional de la M\u00fasica (INAMU). <\/p>\n","protected":false},"author":1,"featured_media":9666,"comment_status":"open","ping_status":"open","sticky":false,"template":"","format":"standard","meta":{"footnotes":""},"categories":[3],"tags":[361,140,32,202,583,582],"class_list":["post-9661","post","type-post","status-publish","format-standard","has-post-thumbnail","hentry","category-noticias","tag-alfredo-piro","tag-charly-garcia","tag-featured","tag-lidia-borda","tag-osvaldo-piro","tag-susana-rinaldi"],"_links":{"self":[{"href":"https:\/\/www.fracturaexpuesta.com.ar\/tango\/wp-json\/wp\/v2\/posts\/9661","targetHints":{"allow":["GET"]}}],"collection":[{"href":"https:\/\/www.fracturaexpuesta.com.ar\/tango\/wp-json\/wp\/v2\/posts"}],"about":[{"href":"https:\/\/www.fracturaexpuesta.com.ar\/tango\/wp-json\/wp\/v2\/types\/post"}],"author":[{"embeddable":true,"href":"https:\/\/www.fracturaexpuesta.com.ar\/tango\/wp-json\/wp\/v2\/users\/1"}],"replies":[{"embeddable":true,"href":"https:\/\/www.fracturaexpuesta.com.ar\/tango\/wp-json\/wp\/v2\/comments?post=9661"}],"version-history":[{"count":5,"href":"https:\/\/www.fracturaexpuesta.com.ar\/tango\/wp-json\/wp\/v2\/posts\/9661\/revisions"}],"predecessor-version":[{"id":9667,"href":"https:\/\/www.fracturaexpuesta.com.ar\/tango\/wp-json\/wp\/v2\/posts\/9661\/revisions\/9667"}],"wp:featuredmedia":[{"embeddable":true,"href":"https:\/\/www.fracturaexpuesta.com.ar\/tango\/wp-json\/wp\/v2\/media\/9666"}],"wp:attachment":[{"href":"https:\/\/www.fracturaexpuesta.com.ar\/tango\/wp-json\/wp\/v2\/media?parent=9661"}],"wp:term":[{"taxonomy":"category","embeddable":true,"href":"https:\/\/www.fracturaexpuesta.com.ar\/tango\/wp-json\/wp\/v2\/categories?post=9661"},{"taxonomy":"post_tag","embeddable":true,"href":"https:\/\/www.fracturaexpuesta.com.ar\/tango\/wp-json\/wp\/v2\/tags?post=9661"}],"curies":[{"name":"wp","href":"https:\/\/api.w.org\/{rel}","templated":true}]}}