{"id":9849,"date":"2024-04-19T16:32:14","date_gmt":"2024-04-19T19:32:14","guid":{"rendered":"https:\/\/www.fracturaexpuesta.com.ar\/tango\/?p=9849"},"modified":"2024-04-19T16:37:23","modified_gmt":"2024-04-19T19:37:23","slug":"picadito-de-tango-58-en-conciertos-libros-y-videos","status":"publish","type":"post","link":"https:\/\/www.fracturaexpuesta.com.ar\/tango\/picadito-de-tango-58-en-conciertos-libros-y-videos\/","title":{"rendered":"Picadito de tango #58: en conciertos, libros y videos"},"content":{"rendered":"\n<p class=\"has-text-color has-link-color wp-elements-540af8d954486f1c794d230b0808f31b wp-block-paragraph\" style=\"color:#ff0000;font-size:26px\"><strong>Estos tangos (y artistas) que suenan hoy<\/strong><\/p>\n\n\n\n<p class=\"wp-block-paragraph\">La segunda edici\u00f3n del ciclo de conciertos <strong><em>Estos Tangos en Uriarte<\/em><\/strong> regresa en mayo para presentar una serie de recitales que seguir\u00e1n mostrando lo que tienen para decir las nuevas expresiones del g\u00e9nero urbano.<\/p>\n\n\n\n<p class=\"wp-block-paragraph\">Todos los <strong>s\u00e1bados de mayo<\/strong>, a las 22, en el Centro Cultural Nueva Uriarte (Uriarte 1289) subir\u00e1n al escenario distintas formaciones en un ciclo que impulsa el periodista y gestor platense Nacho Villabona y que acompa\u00f1an distintas iniciativas.<\/p>\n\n\n\n<p class=\"wp-block-paragraph\">Las entradas se pueden adquirir de manera adelantada a trav\u00e9s de Livepass.<\/p>\n\n\n\n<p class=\"wp-block-paragraph\">La grilla de conciertos para mayo:<\/p>\n\n\n\n<p class=\"wp-block-paragraph\">S\u00e1bado 4 \u2013 <em>Quasimodo Tr\u00edo<\/em><\/p>\n\n\n\n<p class=\"wp-block-paragraph\">S\u00e1bado 11 \u2013 <em>Buseca + Contragolpe<\/em><\/p>\n\n\n\n<p class=\"wp-block-paragraph\">S\u00e1bado 18 \u2013 <em>Dos minitas + invitados<\/em><\/p>\n\n\n\n<p class=\"wp-block-paragraph\">S\u00e1bado 25 \u2013 <em>Agust\u00edn Rivera + Pedretti-Bergesio<\/em><\/p>\n\n\n\n<figure class=\"wp-block-image size-large is-resized\"><img loading=\"lazy\" decoding=\"async\" width=\"1024\" height=\"1024\" src=\"https:\/\/www.fracturaexpuesta.com.ar\/tango\/wp-content\/uploads\/estos-tangos-en-uriarte-1024x1024.jpg\" alt=\"\" class=\"wp-image-9850\" style=\"width:840px;height:auto\" srcset=\"https:\/\/www.fracturaexpuesta.com.ar\/tango\/wp-content\/uploads\/estos-tangos-en-uriarte-1024x1024.jpg 1024w, https:\/\/www.fracturaexpuesta.com.ar\/tango\/wp-content\/uploads\/estos-tangos-en-uriarte-300x300.jpg 300w, https:\/\/www.fracturaexpuesta.com.ar\/tango\/wp-content\/uploads\/estos-tangos-en-uriarte-150x150.jpg 150w, https:\/\/www.fracturaexpuesta.com.ar\/tango\/wp-content\/uploads\/estos-tangos-en-uriarte-768x768.jpg 768w, https:\/\/www.fracturaexpuesta.com.ar\/tango\/wp-content\/uploads\/estos-tangos-en-uriarte-100x100.jpg 100w, https:\/\/www.fracturaexpuesta.com.ar\/tango\/wp-content\/uploads\/estos-tangos-en-uriarte.jpg 1080w\" sizes=\"auto, (max-width: 1024px) 100vw, 1024px\" \/><figcaption class=\"wp-element-caption\"><sup><em><mark style=\"background-color:rgba(0, 0, 0, 0)\" class=\"has-inline-color has-cyan-bluish-gray-color\">El ciclo abre su segunda edici\u00f3n con Quasimodo Tr\u00edo.<\/mark><\/em><\/sup><\/figcaption><\/figure>\n\n\n\n<p class=\"wp-block-paragraph\"><\/p>\n\n\n\n<p class=\"has-text-color has-link-color wp-elements-1a6371535edd151f86498785299400bd wp-block-paragraph\" style=\"color:#ff0000;font-size:26px\"><strong>Bandoneonistas y escritura<\/strong><\/p>\n\n\n\n<p class=\"wp-block-paragraph\">Dos bandoneonistas acaban de editar libros de su autor\u00eda. Se trata de Nicol\u00e1s Tognola (Gauche) y de Gabriel Merlino.<\/p>\n\n\n\n<p class=\"wp-block-paragraph\">Gauche presenta <em><strong>Tango al poder<\/strong><\/em>, su primer libro en donde produce un ensayo que explora la relevancia de esa expresi\u00f3n como forma de resistencia cultural. A lo largo de varios cap\u00edtulos, el autor reflexiona sobre la importancia del tango en la vida de las personas y su capacidad para conectar con lo m\u00e1s profundo de la cultura y la identidad. <\/p>\n\n\n\n<p class=\"wp-block-paragraph\">Se presenta el 5 de mayo en la Feria del Libro.<\/p>\n\n\n\n<figure class=\"wp-block-image size-full\"><img loading=\"lazy\" decoding=\"async\" width=\"600\" height=\"797\" src=\"https:\/\/www.fracturaexpuesta.com.ar\/tango\/wp-content\/uploads\/PORTADA-PREVENTA-600x797-1.jpg\" alt=\"\" class=\"wp-image-9852\" srcset=\"https:\/\/www.fracturaexpuesta.com.ar\/tango\/wp-content\/uploads\/PORTADA-PREVENTA-600x797-1.jpg 600w, https:\/\/www.fracturaexpuesta.com.ar\/tango\/wp-content\/uploads\/PORTADA-PREVENTA-600x797-1-226x300.jpg 226w\" sizes=\"auto, (max-width: 600px) 100vw, 600px\" \/><figcaption class=\"wp-element-caption\"><em><sup><mark style=\"background-color:rgba(0, 0, 0, 0)\" class=\"has-inline-color has-cyan-bluish-gray-color\">Portada del libro de Gauche (Nicol\u00e1s Tognola).<\/mark><\/sup><\/em><\/figcaption><\/figure>\n\n\n\n<p class=\"wp-block-paragraph\">Por su parte, Merlino edit\u00f3 <em><strong>Una arqueolog\u00eda del bandone\u00f3n (Encuentros y desencuentros del arte y las hegemon\u00edas)<\/strong><\/em>, un material que navega por el derrotero hist\u00f3rico del bandone\u00f3n mientras traza una mirada de la historia argentina del \u00faltimo siglo, as\u00ed como una reflexi\u00f3n cr\u00edtica de la relaci\u00f3n entre formas art\u00edsticas y hegemon\u00edas desde los inicios de la revoluci\u00f3n industrial hasta el d\u00eda de hoy. El fueye como testigo de la historia.<\/p>\n\n\n\n<figure class=\"wp-block-image size-full is-resized\"><img loading=\"lazy\" decoding=\"async\" width=\"341\" height=\"480\" src=\"https:\/\/www.fracturaexpuesta.com.ar\/tango\/wp-content\/uploads\/sddefault-e1713475327524.jpg\" alt=\"\" class=\"wp-image-9853\" style=\"width:840px;height:auto\" srcset=\"https:\/\/www.fracturaexpuesta.com.ar\/tango\/wp-content\/uploads\/sddefault-e1713475327524.jpg 341w, https:\/\/www.fracturaexpuesta.com.ar\/tango\/wp-content\/uploads\/sddefault-e1713475327524-213x300.jpg 213w\" sizes=\"auto, (max-width: 341px) 100vw, 341px\" \/><figcaption class=\"wp-element-caption\"><em><sup><mark style=\"background-color:rgba(0, 0, 0, 0)\" class=\"has-inline-color has-cyan-bluish-gray-color\">El libro de Gabriel Merlino.<\/mark><\/sup><\/em><\/figcaption><\/figure>\n\n\n\n<p class=\"has-text-color has-link-color wp-elements-a0c01fa5d8ed61a4d054bb007b47f6fa wp-block-paragraph\" style=\"color:#ff0000;font-size:26px\"><strong>Sonia Possetti adelanta en video \u00abMemorias de viaje<\/strong>\u00ab<\/p>\n\n\n\n<p class=\"wp-block-paragraph\">La pianista y compositora Sonia Possetti presenta <strong>un audiovisual <\/strong>realizado durante la grabaci\u00f3n de lo que ser\u00e1 <strong>su nuevo EP <em>Memorias de viaje<\/em><\/strong>. El material tendr\u00e1 estreno el 8 de mayo pero ya se pueden ver varios adelantos.<\/p>\n\n\n\n<iframe loading=\"lazy\" width=\"560\" height=\"315\" src=\"https:\/\/www.youtube.com\/embed\/pJjS6Ut401s?si=TwiSUXE4hc2QTihC\" title=\"YouTube video player\" frameborder=\"0\" allow=\"accelerometer; autoplay; clipboard-write; encrypted-media; gyroscope; picture-in-picture; web-share\" referrerpolicy=\"strict-origin-when-cross-origin\" allowfullscreen><\/iframe>\n\n\n\n<p class=\"wp-block-paragraph\"><\/p>\n\n\n\n<p class=\"wp-block-paragraph\">\u201cEste trabajo surgi\u00f3 a partir de algunos escritos, notas de viaje, que me generaban <strong>una imagen y a su vez esa imagen me tra\u00eda una m\u00fasica<\/strong>. Cada movimiento representa una imagen o situaci\u00f3n\u201d, cuenta la pianista que vuelve a grabar en estudio una obra de su autor\u00eda.<\/p>\n\n\n\n<p class=\"wp-block-paragraph\"><em>Memorias de viaje<\/em> es una composici\u00f3n para tr\u00edo y orquesta de cuerdas que Possetti registr\u00f3 a fines del a\u00f1o pasado y que ahora lleva a formato audiovisual a trav\u00e9s de un trabajo a cargo del realizador mexicano Javier S\u00e1nchez Carre\u00f1o, quien muestra cada momento de la grabaci\u00f3n y las notas de viaje que originaron el proyecto.<\/p>\n\n\n\n<figure class=\"wp-block-embed is-type-video is-provider-youtube wp-block-embed-youtube wp-embed-aspect-16-9 wp-has-aspect-ratio\"><div class=\"wp-block-embed__wrapper\">\n<iframe loading=\"lazy\" title=\"1- Pr\u00f3ximamente- Paisaje azul\" width=\"640\" height=\"360\" src=\"https:\/\/www.youtube.com\/embed\/SgIV7jm5H4s?feature=oembed\" frameborder=\"0\" allow=\"accelerometer; autoplay; clipboard-write; encrypted-media; gyroscope; picture-in-picture; web-share\" referrerpolicy=\"strict-origin-when-cross-origin\" allowfullscreen><\/iframe>\n<\/div><\/figure>\n","protected":false},"excerpt":{"rendered":"<p>Noticias breves pero contundentes del universo actual del tango.<\/p>\n","protected":false},"author":1,"featured_media":9858,"comment_status":"open","ping_status":"open","sticky":false,"template":"","format":"standard","meta":{"footnotes":""},"categories":[3],"tags":[599,32,598,528,600,242,201,302],"class_list":["post-9849","post","type-post","status-publish","format-standard","has-post-thumbnail","hentry","category-noticias","tag-estos-tangos-en-uriarte","tag-featured","tag-gabriel-merlino","tag-gauche","tag-nacho-villabona","tag-nicolas-tognola","tag-picadito","tag-sonia-possetti"],"_links":{"self":[{"href":"https:\/\/www.fracturaexpuesta.com.ar\/tango\/wp-json\/wp\/v2\/posts\/9849","targetHints":{"allow":["GET"]}}],"collection":[{"href":"https:\/\/www.fracturaexpuesta.com.ar\/tango\/wp-json\/wp\/v2\/posts"}],"about":[{"href":"https:\/\/www.fracturaexpuesta.com.ar\/tango\/wp-json\/wp\/v2\/types\/post"}],"author":[{"embeddable":true,"href":"https:\/\/www.fracturaexpuesta.com.ar\/tango\/wp-json\/wp\/v2\/users\/1"}],"replies":[{"embeddable":true,"href":"https:\/\/www.fracturaexpuesta.com.ar\/tango\/wp-json\/wp\/v2\/comments?post=9849"}],"version-history":[{"count":8,"href":"https:\/\/www.fracturaexpuesta.com.ar\/tango\/wp-json\/wp\/v2\/posts\/9849\/revisions"}],"predecessor-version":[{"id":9865,"href":"https:\/\/www.fracturaexpuesta.com.ar\/tango\/wp-json\/wp\/v2\/posts\/9849\/revisions\/9865"}],"wp:featuredmedia":[{"embeddable":true,"href":"https:\/\/www.fracturaexpuesta.com.ar\/tango\/wp-json\/wp\/v2\/media\/9858"}],"wp:attachment":[{"href":"https:\/\/www.fracturaexpuesta.com.ar\/tango\/wp-json\/wp\/v2\/media?parent=9849"}],"wp:term":[{"taxonomy":"category","embeddable":true,"href":"https:\/\/www.fracturaexpuesta.com.ar\/tango\/wp-json\/wp\/v2\/categories?post=9849"},{"taxonomy":"post_tag","embeddable":true,"href":"https:\/\/www.fracturaexpuesta.com.ar\/tango\/wp-json\/wp\/v2\/tags?post=9849"}],"curies":[{"name":"wp","href":"https:\/\/api.w.org\/{rel}","templated":true}]}}