{"id":9872,"date":"2024-04-25T18:00:59","date_gmt":"2024-04-25T21:00:59","guid":{"rendered":"https:\/\/www.fracturaexpuesta.com.ar\/tango\/?p=9872"},"modified":"2024-04-30T10:59:28","modified_gmt":"2024-04-30T13:59:28","slug":"20-anos-del-caff-un-espacio-que-revitalizo-la-cultura-del-tango","status":"publish","type":"post","link":"https:\/\/www.fracturaexpuesta.com.ar\/tango\/20-anos-del-caff-un-espacio-que-revitalizo-la-cultura-del-tango\/","title":{"rendered":"20 a\u00f1os del CAFF: un espacio que revitaliz\u00f3 la cultura del tango"},"content":{"rendered":"\n<p class=\"wp-block-paragraph\">El 1 de mayo de 2004 nac\u00eda el CAFF. Esas son las siglas del <strong>Club Atl\u00e9tico Fern\u00e1ndez Fierro<\/strong>, un espacio que, a lo largo de 20 a\u00f1os, logr\u00f3 consolidarse en la escena porte\u00f1a como uno de los lugares emblem\u00e1ticos por donde pasa el tango de estos tiempos.<\/p>\n\n\n\n<p class=\"wp-block-paragraph\">Aquel primer d\u00eda de mayo, el galp\u00f3n que funcionaba como taller mec\u00e1nico era oficialmente inaugurado como espacio cultural por una joven orquesta, la Fern\u00e1ndez Fierro, que \u00absin dudas y con firmeza\u00bb empujaba el l\u00edmite de lo que hasta entonces se escuchaba y se ve\u00eda -y se hac\u00eda- en el tango. <\/p>\n\n\n\n<figure class=\"wp-block-image size-large\"><img loading=\"lazy\" decoding=\"async\" width=\"1024\" height=\"684\" src=\"https:\/\/www.fracturaexpuesta.com.ar\/tango\/wp-content\/uploads\/club-atletico-fernandez-fierro-CAFF-1-1024x684.jpg\" alt=\"\" class=\"wp-image-9879\" srcset=\"https:\/\/www.fracturaexpuesta.com.ar\/tango\/wp-content\/uploads\/club-atletico-fernandez-fierro-CAFF-1-1024x684.jpg 1024w, https:\/\/www.fracturaexpuesta.com.ar\/tango\/wp-content\/uploads\/club-atletico-fernandez-fierro-CAFF-1-300x200.jpg 300w, https:\/\/www.fracturaexpuesta.com.ar\/tango\/wp-content\/uploads\/club-atletico-fernandez-fierro-CAFF-1-768x513.jpg 768w, https:\/\/www.fracturaexpuesta.com.ar\/tango\/wp-content\/uploads\/club-atletico-fernandez-fierro-CAFF-1-1536x1025.jpg 1536w, https:\/\/www.fracturaexpuesta.com.ar\/tango\/wp-content\/uploads\/club-atletico-fernandez-fierro-CAFF-1.jpg 2048w\" sizes=\"auto, (max-width: 1024px) 100vw, 1024px\" \/><figcaption class=\"wp-element-caption\"><sup><em><mark style=\"background-color:rgba(0, 0, 0, 0)\" class=\"has-inline-color has-cyan-bluish-gray-color\">El CAFF, la sala del Abasto que cumple 20 a\u00f1os.<\/mark><\/em><\/sup><\/figcaption><\/figure>\n\n\n\n<p class=\"wp-block-paragraph\">Por el CAFF circularon y contin\u00faan pasando gran parte de las <strong>expresiones que han revitalizado al tango<\/strong>. Su puesta en marcha fue uno de los impulsos que requiri\u00f3 el tango para renovar su p\u00fablico. Su presencia en aquellos inicios del siglo XXI sirvi\u00f3 tambi\u00e9n como referencia para la construcci\u00f3n de otros espacios de m\u00fasica creados por orquestas de tango. Todo estaba naciendo.<\/p>\n\n\n\n<blockquote class=\"wp-block-quote is-layout-flow wp-block-quote-is-layout-flow\">\n<p class=\"wp-block-paragraph\">\u00abEn el CAFF las bandas y artistas pueden sentirse respaldados\u00bb<\/p>\n<\/blockquote>\n\n\n\n<p class=\"wp-block-paragraph\">Con importantes logros, diversas etapas de cambio y tambi\u00e9n con adversidades que, en ocasiones, pusieron en peligro su continuidad, los <strong>20 a\u00f1os del CAFF reafirman su legado indiscutido dentro de la cultura independiente. <\/strong>Tango y acci\u00f3n cultural por y para los artistas.<\/p>\n\n\n\n<p class=\"has-text-color has-link-color wp-elements-956dcd726febff0c2739833f929289db wp-block-paragraph\" style=\"color:#ff0000;font-size:26px\"><strong>Una noche especial por los 20 a\u00f1os del CAFF<\/strong><\/p>\n\n\n\n<figure class=\"wp-block-image size-full\"><img loading=\"lazy\" decoding=\"async\" width=\"720\" height=\"720\" src=\"https:\/\/www.fracturaexpuesta.com.ar\/tango\/wp-content\/uploads\/club-atletico-fernandez-fierro-CAFF-2-1.jpg\" alt=\"\" class=\"wp-image-9882\" srcset=\"https:\/\/www.fracturaexpuesta.com.ar\/tango\/wp-content\/uploads\/club-atletico-fernandez-fierro-CAFF-2-1.jpg 720w, https:\/\/www.fracturaexpuesta.com.ar\/tango\/wp-content\/uploads\/club-atletico-fernandez-fierro-CAFF-2-1-300x300.jpg 300w, https:\/\/www.fracturaexpuesta.com.ar\/tango\/wp-content\/uploads\/club-atletico-fernandez-fierro-CAFF-2-1-150x150.jpg 150w, https:\/\/www.fracturaexpuesta.com.ar\/tango\/wp-content\/uploads\/club-atletico-fernandez-fierro-CAFF-2-1-100x100.jpg 100w\" sizes=\"auto, (max-width: 720px) 100vw, 720px\" \/><figcaption class=\"wp-element-caption\"><em><sup><mark style=\"background-color:rgba(0, 0, 0, 0)\" class=\"has-inline-color has-cyan-bluish-gray-color\">CAFF: 20 a\u00f1os de tango y cultura independiente<\/mark><\/sup><\/em><\/figcaption><\/figure>\n\n\n\n<p class=\"wp-block-paragraph\">El mi\u00e9rcoles <strong>1 de mayo, desde las 19<\/strong>, el Club Atl\u00e9tico Fern\u00e1ndez Fierro celebrar\u00e1 sus dos d\u00e9cadas de vida con un encuentro especial que incluir\u00e1 un show de la <strong>Fern\u00e1ndez Fierro junto a una variedad de invitados<\/strong> que compartir\u00e1n el escenario de S\u00e1nchez de Bustamante 772.<\/p>\n\n\n\n<p class=\"wp-block-paragraph\">Adem\u00e1s de la Fierro, estar\u00e1n <strong>Sof\u00eda Viola, Nati Lagos, Cucuza, Dema, Pablo Bernaba, D\u00fao Seren-Huillier, D\u00fao Castelo-Sensottera, Juan Pablo Fern\u00e1ndez, Juan Pablo Gambarini, D\u00fao Pedretti-Bergesio, Ariel Prat, \u00c1lex Musatov y Ezequiel Jusid (Arbolito), <\/strong>entre otros, en una noche que servir\u00e1 para fortalecer el extenso camino de trabajo y compromiso con el tango.<\/p>\n\n\n\n<figure class=\"wp-block-embed is-type-video is-provider-youtube wp-block-embed-youtube wp-embed-aspect-16-9 wp-has-aspect-ratio\"><div class=\"wp-block-embed__wrapper\">\n<iframe loading=\"lazy\" title=\"FERNANDEZ FIERRO - Mosquitos - Video oficial\" width=\"640\" height=\"360\" src=\"https:\/\/www.youtube.com\/embed\/MUTwwco6kCE?feature=oembed\" frameborder=\"0\" allow=\"accelerometer; autoplay; clipboard-write; encrypted-media; gyroscope; picture-in-picture; web-share\" referrerpolicy=\"strict-origin-when-cross-origin\" allowfullscreen><\/iframe>\n<\/div><\/figure>\n\n\n\n<p class=\"wp-block-paragraph\"><\/p>\n\n\n\n<p class=\"wp-block-paragraph\">\u00abLa prioridad est\u00e1 puesta en acoger especialmente a bandas independientes, brind\u00e1ndoles la posibilidad de tener un lugar dentro de la escena musical local sin obst\u00e1culos ni dependencia de productores\u00bb, dicen los impulsores de la sala porte\u00f1a. Y concluyen: \u00abEn el CAFF las bandas y artistas pueden sentirse respaldados\u00bb.<\/p>\n","protected":false},"excerpt":{"rendered":"<p>El club de m\u00fasica comandado por Fern\u00e1ndez Fierro celebra dos d\u00e9cadas de historia.<\/p>\n","protected":false},"author":1,"featured_media":9881,"comment_status":"open","ping_status":"open","sticky":false,"template":"","format":"standard","meta":{"footnotes":""},"categories":[3],"tags":[484,32,210],"class_list":["post-9872","post","type-post","status-publish","format-standard","has-post-thumbnail","hentry","category-noticias","tag-caff","tag-featured","tag-fernandez-fierro"],"_links":{"self":[{"href":"https:\/\/www.fracturaexpuesta.com.ar\/tango\/wp-json\/wp\/v2\/posts\/9872","targetHints":{"allow":["GET"]}}],"collection":[{"href":"https:\/\/www.fracturaexpuesta.com.ar\/tango\/wp-json\/wp\/v2\/posts"}],"about":[{"href":"https:\/\/www.fracturaexpuesta.com.ar\/tango\/wp-json\/wp\/v2\/types\/post"}],"author":[{"embeddable":true,"href":"https:\/\/www.fracturaexpuesta.com.ar\/tango\/wp-json\/wp\/v2\/users\/1"}],"replies":[{"embeddable":true,"href":"https:\/\/www.fracturaexpuesta.com.ar\/tango\/wp-json\/wp\/v2\/comments?post=9872"}],"version-history":[{"count":13,"href":"https:\/\/www.fracturaexpuesta.com.ar\/tango\/wp-json\/wp\/v2\/posts\/9872\/revisions"}],"predecessor-version":[{"id":9922,"href":"https:\/\/www.fracturaexpuesta.com.ar\/tango\/wp-json\/wp\/v2\/posts\/9872\/revisions\/9922"}],"wp:featuredmedia":[{"embeddable":true,"href":"https:\/\/www.fracturaexpuesta.com.ar\/tango\/wp-json\/wp\/v2\/media\/9881"}],"wp:attachment":[{"href":"https:\/\/www.fracturaexpuesta.com.ar\/tango\/wp-json\/wp\/v2\/media?parent=9872"}],"wp:term":[{"taxonomy":"category","embeddable":true,"href":"https:\/\/www.fracturaexpuesta.com.ar\/tango\/wp-json\/wp\/v2\/categories?post=9872"},{"taxonomy":"post_tag","embeddable":true,"href":"https:\/\/www.fracturaexpuesta.com.ar\/tango\/wp-json\/wp\/v2\/tags?post=9872"}],"curies":[{"name":"wp","href":"https:\/\/api.w.org\/{rel}","templated":true}]}}