{"id":9886,"date":"2024-04-22T22:02:44","date_gmt":"2024-04-23T01:02:44","guid":{"rendered":"https:\/\/www.fracturaexpuesta.com.ar\/tango\/?p=9886"},"modified":"2024-04-23T14:18:39","modified_gmt":"2024-04-23T17:18:39","slug":"en-medellin-inauguran-la-primera-escuela-publica-de-tango-del-pais","status":"publish","type":"post","link":"https:\/\/www.fracturaexpuesta.com.ar\/tango\/en-medellin-inauguran-la-primera-escuela-publica-de-tango-del-pais\/","title":{"rendered":"En Medell\u00edn inauguran la primera escuela p\u00fablica de tango del pa\u00eds"},"content":{"rendered":"\n<p class=\"wp-block-paragraph\">Colombia es una de las plazas latinoamericanas m\u00e1s importantes para el tango. De fuertes lazos con la expresi\u00f3n de la cultura argentina, ahora el pa\u00eds avanza un paso m\u00e1s con la creaci\u00f3n de una escuela de tango ubicada en el <strong>Palacio de Bellas Artes de Medell\u00edn<\/strong>.<\/p>\n\n\n\n<p class=\"wp-block-paragraph\">Recientemente, la alcald\u00eda distrital anunci\u00f3 la inauguraci\u00f3n de la <strong>primera escuela de m\u00fasica dedicada exclusivamente a ese g\u00e9nero<\/strong> en Colombia. \u201cEn Medell\u00edn tenemos el segundo festival de tango m\u00e1s importante despu\u00e9s del de Buenos Aires y este espacio era necesario para impulsar todo el talento\u201d, sostuvo el secretario de Cultura Ciudadana, Santiago Silva.<\/p>\n\n\n\n<figure class=\"wp-block-image size-large\"><img loading=\"lazy\" decoding=\"async\" width=\"1024\" height=\"577\" src=\"https:\/\/www.fracturaexpuesta.com.ar\/tango\/wp-content\/uploads\/Convocatoria-Tango-1536x865-escuela-medellin-tango-1024x577.jpg\" alt=\"\" class=\"wp-image-9891\" srcset=\"https:\/\/www.fracturaexpuesta.com.ar\/tango\/wp-content\/uploads\/Convocatoria-Tango-1536x865-escuela-medellin-tango-1024x577.jpg 1024w, https:\/\/www.fracturaexpuesta.com.ar\/tango\/wp-content\/uploads\/Convocatoria-Tango-1536x865-escuela-medellin-tango-300x169.jpg 300w, https:\/\/www.fracturaexpuesta.com.ar\/tango\/wp-content\/uploads\/Convocatoria-Tango-1536x865-escuela-medellin-tango-768x433.jpg 768w, https:\/\/www.fracturaexpuesta.com.ar\/tango\/wp-content\/uploads\/Convocatoria-Tango-1536x865-escuela-medellin-tango.jpg 1536w\" sizes=\"auto, (max-width: 1024px) 100vw, 1024px\" \/><figcaption class=\"wp-element-caption\"><em><sup><mark style=\"background-color:rgba(0, 0, 0, 0)\" class=\"has-inline-color has-cyan-bluish-gray-color\">Formaci\u00f3n tanguera en Colombia (Foto: Alcald\u00eda de Medell\u00edn)<\/mark><\/sup><\/em><\/figcaption><\/figure>\n\n\n\n<blockquote class=\"wp-block-quote is-layout-flow wp-block-quote-is-layout-flow\">\n<p class=\"wp-block-paragraph\">\u00abEs la garant\u00eda para que Medell\u00edn contin\u00fae como ciudad tanguera\u00bb<\/p>\n<\/blockquote>\n\n\n\n<p class=\"wp-block-paragraph\">Durante a\u00f1os, la formaci\u00f3n del g\u00e9nero se impart\u00eda en la sede de Bel\u00e9n Rinc\u00f3n, con clases una vez a la semana. Ahora, la propuesta educativa ser\u00e1 diaria, en el centro de la ciudad y ofrecer\u00e1 <strong>clases de bandone\u00f3n, piano, guitarra, viol\u00edn, canto y contrabajo<\/strong>. Adem\u00e1s, la ense\u00f1anza \u201cse fortalecer\u00e1 con l<strong>a orquesta y el semillero de tango<\/strong>, creados en 2009 y 2013, respectivamente\u201d.<\/p>\n\n\n\n<p class=\"wp-block-paragraph\">\u201cVamos a tener mayor oferta y cobertura en la ense\u00f1anza de este g\u00e9nero tan importante en la historia local. Es la garant\u00eda para que Medell\u00edn contin\u00fae como ciudad tanguera\u201d, expres\u00f3 la directora de la escuela, Sandra Milena Arboleda.<\/p>\n\n\n\n<p class=\"wp-block-paragraph\">Integrada a la Red de M\u00fasicas de Medell\u00edn, la escuela est\u00e1 orientada a personas desde <strong>los 3 hasta los 80 a\u00f1os<\/strong>. Ya son m\u00e1s de un centenar las personas inscriptas.<\/p>\n","protected":false},"excerpt":{"rendered":"<p>Estar\u00e1 en el Palacio de Bellas Artes de Medell\u00edn. Su propuesta educativa  incluir\u00e1 el estudio de diferentes instrumentos y hasta un \u00absemillero\u00bb de tango.<\/p>\n","protected":false},"author":1,"featured_media":9888,"comment_status":"open","ping_status":"open","sticky":false,"template":"","format":"standard","meta":{"footnotes":""},"categories":[3],"tags":[601,32,182,111],"class_list":["post-9886","post","type-post","status-publish","format-standard","has-post-thumbnail","hentry","category-noticias","tag-colombia","tag-featured","tag-orquesta-escuela-de-tango-emilio-balcarce","tag-tango"],"_links":{"self":[{"href":"https:\/\/www.fracturaexpuesta.com.ar\/tango\/wp-json\/wp\/v2\/posts\/9886","targetHints":{"allow":["GET"]}}],"collection":[{"href":"https:\/\/www.fracturaexpuesta.com.ar\/tango\/wp-json\/wp\/v2\/posts"}],"about":[{"href":"https:\/\/www.fracturaexpuesta.com.ar\/tango\/wp-json\/wp\/v2\/types\/post"}],"author":[{"embeddable":true,"href":"https:\/\/www.fracturaexpuesta.com.ar\/tango\/wp-json\/wp\/v2\/users\/1"}],"replies":[{"embeddable":true,"href":"https:\/\/www.fracturaexpuesta.com.ar\/tango\/wp-json\/wp\/v2\/comments?post=9886"}],"version-history":[{"count":11,"href":"https:\/\/www.fracturaexpuesta.com.ar\/tango\/wp-json\/wp\/v2\/posts\/9886\/revisions"}],"predecessor-version":[{"id":9901,"href":"https:\/\/www.fracturaexpuesta.com.ar\/tango\/wp-json\/wp\/v2\/posts\/9886\/revisions\/9901"}],"wp:featuredmedia":[{"embeddable":true,"href":"https:\/\/www.fracturaexpuesta.com.ar\/tango\/wp-json\/wp\/v2\/media\/9888"}],"wp:attachment":[{"href":"https:\/\/www.fracturaexpuesta.com.ar\/tango\/wp-json\/wp\/v2\/media?parent=9886"}],"wp:term":[{"taxonomy":"category","embeddable":true,"href":"https:\/\/www.fracturaexpuesta.com.ar\/tango\/wp-json\/wp\/v2\/categories?post=9886"},{"taxonomy":"post_tag","embeddable":true,"href":"https:\/\/www.fracturaexpuesta.com.ar\/tango\/wp-json\/wp\/v2\/tags?post=9886"}],"curies":[{"name":"wp","href":"https:\/\/api.w.org\/{rel}","templated":true}]}}