{"id":9929,"date":"2024-05-03T16:06:06","date_gmt":"2024-05-03T19:06:06","guid":{"rendered":"https:\/\/www.fracturaexpuesta.com.ar\/tango\/?p=9929"},"modified":"2024-05-03T16:37:58","modified_gmt":"2024-05-03T19:37:58","slug":"premios-gardel-2024-la-lista-de-los-nominados-en-tango","status":"publish","type":"post","link":"https:\/\/www.fracturaexpuesta.com.ar\/tango\/premios-gardel-2024-la-lista-de-los-nominados-en-tango\/","title":{"rendered":"Premios Gardel 2024: la lista de los nominados en tango"},"content":{"rendered":"\n<p class=\"wp-block-paragraph\">Los Premios Gardel ya tienen a sus nominados en las categor\u00edas correspondientes al <strong>tango<\/strong>.<\/p>\n\n\n\n<p class=\"wp-block-paragraph\">El reconocimiento que destaca a las producciones discogr\u00e1ficas de artistas y grupos argentinos dio a conocer recientemente la lista completa de quienes participar\u00e1n en las ternas.<\/p>\n\n\n\n<p class=\"wp-block-paragraph\">En el caso del tango, son tres las categor\u00edas en las que mantiene su presencia. <\/p>\n\n\n\n<p class=\"wp-block-paragraph\">Para la nueva edici\u00f3n, los artistas y grupos nominados son <strong>Omar Mollo &amp; El Muro, Carolina Minella, Guillermo Fern\u00e1ndez, Susana Rinaldi y Osvaldo Piro, el Quinteto Negro La Boca y Juan Pablo Navarro Septeto<\/strong>.<\/p>\n\n\n\n<p class=\"wp-block-paragraph\">El cantor Guillermo Fern\u00e1ndez, la dupla de Susana Rinaldi y Osvaldo Piro y el Quinteto Negro La Boca son los artistas que comparten dos nominaciones.<\/p>\n\n\n\n<p class=\"wp-block-paragraph\">La entrega del premio est\u00e1 prevista para el <strong>28 de mayo<\/strong> y se llevar\u00e1 a cabo en el Movistar Arena. Ser\u00e1 transmitida en vivo por Star+ y Star Channel.<\/p>\n\n\n\n<p class=\"has-text-color has-link-color wp-elements-7cfbc208c989c106552462557f62c1ea wp-block-paragraph\" style=\"color:#ff0000;font-size:26px\">Los nominados en las categor\u00edas de tango<\/p>\n\n\n\n<p class=\"wp-block-paragraph\" style=\"font-size:26px\"><strong>\u00c1lbum Artista de Tango<\/strong><\/p>\n\n\n\n<p class=\"wp-block-paragraph\">&#x1f449;&#x1f3fb; Manifiesto &#8211; Omar Mollo &amp; El Muro Tango<\/p>\n\n\n\n<p class=\"wp-block-paragraph\">&#x1f449;&#x1f3fb; Minella &#8211; Carolina Minella<\/p>\n\n\n\n<p class=\"wp-block-paragraph\">&#x1f449;&#x1f3fb; El cantor de tangos &#8211; Guillermo Fern\u00e1ndez<\/p>\n\n\n\n<figure class=\"wp-block-image size-large\"><img loading=\"lazy\" decoding=\"async\" width=\"1024\" height=\"614\" src=\"https:\/\/www.fracturaexpuesta.com.ar\/tango\/wp-content\/uploads\/El-Muro-Tango-Omar-Mollo-1024x614.jpg\" alt=\"\" class=\"wp-image-9934\" srcset=\"https:\/\/www.fracturaexpuesta.com.ar\/tango\/wp-content\/uploads\/El-Muro-Tango-Omar-Mollo-1024x614.jpg 1024w, https:\/\/www.fracturaexpuesta.com.ar\/tango\/wp-content\/uploads\/El-Muro-Tango-Omar-Mollo-300x180.jpg 300w, https:\/\/www.fracturaexpuesta.com.ar\/tango\/wp-content\/uploads\/El-Muro-Tango-Omar-Mollo-768x461.jpg 768w, https:\/\/www.fracturaexpuesta.com.ar\/tango\/wp-content\/uploads\/El-Muro-Tango-Omar-Mollo-1000x600.jpg 1000w, https:\/\/www.fracturaexpuesta.com.ar\/tango\/wp-content\/uploads\/El-Muro-Tango-Omar-Mollo-400x240.jpg 400w, https:\/\/www.fracturaexpuesta.com.ar\/tango\/wp-content\/uploads\/El-Muro-Tango-Omar-Mollo.jpg 1536w\" sizes=\"auto, (max-width: 1024px) 100vw, 1024px\" \/><figcaption class=\"wp-element-caption\"><em><mark style=\"background-color:rgba(0, 0, 0, 0)\" class=\"has-inline-color has-cyan-bluish-gray-color\"><sup>Omar Mollo y El Muro Tango<\/sup><\/mark><\/em><\/figcaption><\/figure>\n\n\n\n<p class=\"wp-block-paragraph\" style=\"font-size:26px\"><strong>Canci\u00f3n de Tango<\/strong><\/p>\n\n\n\n<p class=\"wp-block-paragraph\">&#x1f449;&#x1f3fb; \u00abSe cay\u00f3 la luna\u00bb &#8211; Guillermo Fern\u00e1ndez<\/p>\n\n\n\n<p class=\"wp-block-paragraph\">&#x1f449;&#x1f3fb; \u00abMagia en Buenos Aires\u00bb &#8211; Susana Rinaldi &amp; Osvaldo Piro<\/p>\n\n\n\n<p class=\"wp-block-paragraph\">&#x1f449;&#x1f3fb; \u00abCicatrices\u00bb &#8211; Quinteto Negro La Boca<\/p>\n\n\n\n<figure class=\"wp-block-image size-full\"><img loading=\"lazy\" decoding=\"async\" width=\"640\" height=\"427\" src=\"https:\/\/www.fracturaexpuesta.com.ar\/tango\/wp-content\/uploads\/rinaldi-piro.jpg\" alt=\"\" class=\"wp-image-9938\" srcset=\"https:\/\/www.fracturaexpuesta.com.ar\/tango\/wp-content\/uploads\/rinaldi-piro.jpg 640w, https:\/\/www.fracturaexpuesta.com.ar\/tango\/wp-content\/uploads\/rinaldi-piro-300x200.jpg 300w\" sizes=\"auto, (max-width: 640px) 100vw, 640px\" \/><figcaption class=\"wp-element-caption\"><sup><em><mark style=\"background-color:rgba(0, 0, 0, 0)\" class=\"has-inline-color has-cyan-bluish-gray-color\">Osvaldo Piro y Susana Rinaldi<\/mark><\/em><\/sup><\/figcaption><\/figure>\n\n\n\n<p class=\"wp-block-paragraph\" style=\"font-size:26px\"><strong>\u00c1lbum Orquesta y\/o Grupo De Tango y\/o Instrumental<\/strong><\/p>\n\n\n\n<p class=\"wp-block-paragraph\">&#x1f449;&#x1f3fb; Reencuentro &#8211; Susana Rinaldi &amp; Osvaldo Piro<\/p>\n\n\n\n<p class=\"wp-block-paragraph\">&#x1f449;&#x1f3fb; Visiones pand\u00e9micas &#8211; Juan Pablo Navarro Septeto<\/p>\n\n\n\n<p class=\"wp-block-paragraph\">&#x1f449;&#x1f3fb; Cicactrices &#8211; Quinteto Negro La Boca<\/p>\n\n\n\n<figure class=\"wp-block-image size-full\"><img loading=\"lazy\" decoding=\"async\" width=\"700\" height=\"500\" src=\"https:\/\/www.fracturaexpuesta.com.ar\/tango\/wp-content\/uploads\/juan-pablo-navarro-septeto.jpg\" alt=\"\" class=\"wp-image-9939\" srcset=\"https:\/\/www.fracturaexpuesta.com.ar\/tango\/wp-content\/uploads\/juan-pablo-navarro-septeto.jpg 700w, https:\/\/www.fracturaexpuesta.com.ar\/tango\/wp-content\/uploads\/juan-pablo-navarro-septeto-300x214.jpg 300w\" sizes=\"auto, (max-width: 700px) 100vw, 700px\" \/><figcaption class=\"wp-element-caption\"><sup><em><mark style=\"background-color:rgba(0, 0, 0, 0)\" class=\"has-inline-color has-cyan-bluish-gray-color\">Juan Pablo Navarro Septeto<\/mark><\/em><\/sup><\/figcaption><\/figure>\n","protected":false},"excerpt":{"rendered":"<p>El premio m\u00e1s importante de la m\u00fasica argentina se entrega este mes. Los artistas y grupos que integran las categor\u00edas de tango.<\/p>\n","protected":false},"author":1,"featured_media":9930,"comment_status":"open","ping_status":"open","sticky":false,"template":"","format":"standard","meta":{"footnotes":""},"categories":[3],"tags":[389,105,32,602,172,110,193,112,582],"class_list":["post-9929","post","type-post","status-publish","format-standard","has-post-thumbnail","hentry","category-noticias","tag-carolina-minella","tag-el-muro","tag-featured","tag-guillermo-fernandez","tag-juan-pablo-navarro","tag-omar-mollo","tag-premios-gardel","tag-quinteto-negro-la-boca","tag-susana-rinaldi"],"_links":{"self":[{"href":"https:\/\/www.fracturaexpuesta.com.ar\/tango\/wp-json\/wp\/v2\/posts\/9929","targetHints":{"allow":["GET"]}}],"collection":[{"href":"https:\/\/www.fracturaexpuesta.com.ar\/tango\/wp-json\/wp\/v2\/posts"}],"about":[{"href":"https:\/\/www.fracturaexpuesta.com.ar\/tango\/wp-json\/wp\/v2\/types\/post"}],"author":[{"embeddable":true,"href":"https:\/\/www.fracturaexpuesta.com.ar\/tango\/wp-json\/wp\/v2\/users\/1"}],"replies":[{"embeddable":true,"href":"https:\/\/www.fracturaexpuesta.com.ar\/tango\/wp-json\/wp\/v2\/comments?post=9929"}],"version-history":[{"count":5,"href":"https:\/\/www.fracturaexpuesta.com.ar\/tango\/wp-json\/wp\/v2\/posts\/9929\/revisions"}],"predecessor-version":[{"id":9940,"href":"https:\/\/www.fracturaexpuesta.com.ar\/tango\/wp-json\/wp\/v2\/posts\/9929\/revisions\/9940"}],"wp:featuredmedia":[{"embeddable":true,"href":"https:\/\/www.fracturaexpuesta.com.ar\/tango\/wp-json\/wp\/v2\/media\/9930"}],"wp:attachment":[{"href":"https:\/\/www.fracturaexpuesta.com.ar\/tango\/wp-json\/wp\/v2\/media?parent=9929"}],"wp:term":[{"taxonomy":"category","embeddable":true,"href":"https:\/\/www.fracturaexpuesta.com.ar\/tango\/wp-json\/wp\/v2\/categories?post=9929"},{"taxonomy":"post_tag","embeddable":true,"href":"https:\/\/www.fracturaexpuesta.com.ar\/tango\/wp-json\/wp\/v2\/tags?post=9929"}],"curies":[{"name":"wp","href":"https:\/\/api.w.org\/{rel}","templated":true}]}}